{"id":13150,"date":"2020-10-27T11:56:50","date_gmt":"2020-10-27T11:56:50","guid":{"rendered":"https:\/\/revista-apunts.com\/?p=13150"},"modified":"2021-01-04T19:35:12","modified_gmt":"2021-01-04T19:35:12","slug":"contribucion-de-los-estudios-praxiologicos-a-una-teoria-general-de-las-actividades-fisico-deportivo-recreativas","status":"publish","type":"post","link":"https:\/\/revista-apunts.com\/en\/contribucion-de-los-estudios-praxiologicos-a-una-teoria-general-de-las-actividades-fisico-deportivo-recreativas\/","title":{"rendered":"Contribuci\u00f3n de los estudios praxiol\u00f3gicos a una teor\u00eda general de las actividades f\u00edsico-deportivo-recreativas"},"content":{"rendered":"\n<h2 class=\"wp-block-heading\">Abstract<\/h2>\n\n\n<p>A partir de la acepci\u00f3n de praxis f\u00edsica entendida desde su devenir etimol\u00f3gico, este trabajo trata de clarificar terminol\u00f3gicamente los conceptos de acto, acci\u00f3n y actividad para justificar el objeto de estudio de lapraxiolog\u00eda. Disciplina que se dedica al estudio de las acciones humanas y que dispone de \u00e1mbitos de estudio de gran inter\u00e9s para los licenciados en educaci\u00f3n f\u00edsica, puesto que investiga sobre las acciones deportivas, f\u00edsico-l\u00fadicas, corp\u00f3reoaprehensivas y expresivas.<\/p>\n\n <div class=\"tags\"> <p><strong>Keywords:<\/strong> <span>acci\u00f3n<\/span>, <span>actividad<\/span>, <span>acto<\/span>, <span>corporalidad<\/span>, <span>motricidad y praxiolog\u00eda<\/span>, <span>movimiento<\/span>, <span>praxis f\u00edsica<\/span><\/p> <\/div> \n","protected":false},"excerpt":{"rendered":"<p>Abstract A partir de la acepci\u00f3n de praxis f\u00edsica entendida desde su devenir etimol\u00f3gico, este trabajo trata de clarificar terminol\u00f3gicamente los conceptos de acto, acci\u00f3n y actividad para justificar el objeto de estudio de lapraxiolog\u00eda. Disciplina que se dedica al estudio de las acciones humanas y que dispone de \u00e1mbitos de estudio de gran inter\u00e9s [&hellip;]<\/p>\n","protected":false},"author":1,"featured_media":0,"comment_status":"open","ping_status":"open","sticky":false,"template":"","format":"standard","meta":{"_editorskit_title_hidden":false,"_editorskit_reading_time":1,"_editorskit_is_block_options_detached":false,"_editorskit_block_options_position":"{}","inline_featured_image":false,"advgb_blocks_editor_width":"","advgb_blocks_columns_visual_guide":"","footnotes":""},"categories":[8510],"tags":[1610,2401,2400,2403,2404,2402,2399],"author_meta":{"display_name":"doc_inefc","author_link":"https:\/\/revista-apunts.com\/en\/author\/doc_inefc\/"},"featured_img":null,"coauthors":[],"tax_additional":{"categories":{"linked":["<a href=\"https:\/\/revista-apunts.com\/en\/category\/apunts-for-the-xxi-century\/\" class=\"advgb-post-tax-term\">Apunts for the XXI Century<\/a>"],"unlinked":["<span class=\"advgb-post-tax-term\">Apunts for the XXI Century<\/span>"]},"tags":{"linked":["<a href=\"https:\/\/revista-apunts.com\/en\/category\/apunts-for-the-xxi-century\/\" class=\"advgb-post-tax-term\">acci\u00f3n<\/a>","<a href=\"https:\/\/revista-apunts.com\/en\/category\/apunts-for-the-xxi-century\/\" class=\"advgb-post-tax-term\">actividad<\/a>","<a href=\"https:\/\/revista-apunts.com\/en\/category\/apunts-for-the-xxi-century\/\" class=\"advgb-post-tax-term\">acto<\/a>","<a href=\"https:\/\/revista-apunts.com\/en\/category\/apunts-for-the-xxi-century\/\" class=\"advgb-post-tax-term\">corporalidad<\/a>","<a href=\"https:\/\/revista-apunts.com\/en\/category\/apunts-for-the-xxi-century\/\" class=\"advgb-post-tax-term\">motricidad y praxiolog\u00eda<\/a>","<a href=\"https:\/\/revista-apunts.com\/en\/category\/apunts-for-the-xxi-century\/\" class=\"advgb-post-tax-term\">movimiento<\/a>","<a href=\"https:\/\/revista-apunts.com\/en\/category\/apunts-for-the-xxi-century\/\" class=\"advgb-post-tax-term\">praxis f\u00edsica<\/a>"],"unlinked":["<span class=\"advgb-post-tax-term\">acci\u00f3n<\/span>","<span class=\"advgb-post-tax-term\">actividad<\/span>","<span class=\"advgb-post-tax-term\">acto<\/span>","<span class=\"advgb-post-tax-term\">corporalidad<\/span>","<span class=\"advgb-post-tax-term\">motricidad y praxiolog\u00eda<\/span>","<span class=\"advgb-post-tax-term\">movimiento<\/span>","<span class=\"advgb-post-tax-term\">praxis f\u00edsica<\/span>"]}},"comment_count":"0","relative_dates":{"created":"Posted 5 years ago","modified":"Updated 5 years ago"},"absolute_dates":{"created":"Posted on 27 October 2020","modified":"Updated on 4 January 2021"},"absolute_dates_time":{"created":"Posted on 27 October 2020 11:56","modified":"Updated on 4 January 2021 19:35"},"featured_img_caption":"","series_order":"","_links":{"self":[{"href":"https:\/\/revista-apunts.com\/en\/wp-json\/wp\/v2\/posts\/13150\/"}],"collection":[{"href":"https:\/\/revista-apunts.com\/en\/wp-json\/wp\/v2\/posts\/"}],"about":[{"href":"https:\/\/revista-apunts.com\/en\/wp-json\/wp\/v2\/types\/post\/"}],"author":[{"embeddable":true,"href":"https:\/\/revista-apunts.com\/en\/wp-json\/wp\/v2\/users\/1\/"}],"replies":[{"embeddable":true,"href":"https:\/\/revista-apunts.com\/en\/wp-json\/wp\/v2\/comments\/?post=13150"}],"version-history":[{"count":1,"href":"https:\/\/revista-apunts.com\/en\/wp-json\/wp\/v2\/posts\/13150\/revisions\/"}],"predecessor-version":[{"id":37940,"href":"https:\/\/revista-apunts.com\/en\/wp-json\/wp\/v2\/posts\/13150\/revisions\/37940\/"}],"wp:attachment":[{"href":"https:\/\/revista-apunts.com\/en\/wp-json\/wp\/v2\/media\/?parent=13150"}],"wp:term":[{"taxonomy":"category","embeddable":true,"href":"https:\/\/revista-apunts.com\/en\/wp-json\/wp\/v2\/categories\/?post=13150"},{"taxonomy":"post_tag","embeddable":true,"href":"https:\/\/revista-apunts.com\/en\/wp-json\/wp\/v2\/tags\/?post=13150"}],"curies":[{"name":"wp","href":"https:\/\/api.w.org\/{rel}","templated":true}]}}