{"id":13098,"date":"2020-10-27T11:56:00","date_gmt":"2020-10-27T11:56:00","guid":{"rendered":"https:\/\/revista-apunts.com\/?p=13098"},"modified":"2021-01-21T10:29:41","modified_gmt":"2021-01-21T10:29:41","slug":"las-adecuaciones-curriculares-individualizadas-en-educacion-fisica-sindrome-de-down","status":"publish","type":"post","link":"https:\/\/revista-apunts.com\/en\/las-adecuaciones-curriculares-individualizadas-en-educacion-fisica-sindrome-de-down\/","title":{"rendered":"Las adecuaciones curriculares individualizadas en educaci\u00f3n f\u00edsica: S\u00edndrome de Down"},"content":{"rendered":"\n<h2 class=\"wp-block-heading\">Abstract<\/h2>\n\n\n<p>Este art\u00edculo refleja una experiencia de elaboraci\u00f3n y aplicaci\u00f3n (a lo largo de un curso acad\u00e9mico y a alumnos afectados por el s\u00edndrome de Down) de adecuaciones curriculares individualizadas (ACI) en el \u00e1rea de la educaci\u00f3n f\u00edsica.<br> La experiencia es fruto de una beca de investigaci\u00f3n que, con objeto de analizar la eficacia de las ACI como herramienta favorecedora del desarrollo de alumnos con necesidades educativas especiales, otorg\u00f3 el INEFC el curso 1991-1992.<br> Se detalla el proceso seguido para elaborar y aplicar las ACI y las conclusiones extra\u00eddas en la valoraci\u00f3n posterior, a la vez que se pone como ejemplo parte de una de las ACI elaboradas, concretamente la destinada a una ni\u00f1a con s\u00edndrome de Down, de nivel medio-bajo, de 9 a\u00f1os, alumna de segundo de EGB de una escuela ordinaria del distrito de Ciutat Vella de Barcelona.<\/p>\n\n <div class=\"tags\"> <p><strong>Keywords:<\/strong> <span>Adecuaci\u00f3n Curricular Individual<\/span>, <span>integraci\u00f3n escolar<\/span>, <span>reforma educativa<\/span>, <span>s\u00edndrome de Down<\/span><\/p> <\/div> \n","protected":false},"excerpt":{"rendered":"<p>Abstract Este art\u00edculo refleja una experiencia de elaboraci\u00f3n y aplicaci\u00f3n (a lo largo de un curso acad\u00e9mico y a alumnos afectados por el s\u00edndrome de Down) de adecuaciones curriculares individualizadas (ACI) en el \u00e1rea de la educaci\u00f3n f\u00edsica. La experiencia es fruto de una beca de investigaci\u00f3n que, con objeto de analizar la eficacia de [&hellip;]<\/p>\n","protected":false},"author":1,"featured_media":0,"comment_status":"open","ping_status":"open","sticky":false,"template":"","format":"standard","meta":{"_editorskit_title_hidden":false,"_editorskit_reading_time":1,"_editorskit_is_block_options_detached":false,"_editorskit_block_options_position":"{}","inline_featured_image":false,"advgb_blocks_editor_width":"","advgb_blocks_columns_visual_guide":"","footnotes":""},"categories":[8510],"tags":[7289,2313,2089,2315],"author_meta":{"display_name":"doc_inefc","author_link":"https:\/\/revista-apunts.com\/en\/author\/doc_inefc\/"},"featured_img":null,"coauthors":[],"tax_additional":{"categories":{"linked":["<a href=\"https:\/\/revista-apunts.com\/en\/category\/apunts-for-the-xxi-century\/\" class=\"advgb-post-tax-term\">Apunts for the XXI Century<\/a>"],"unlinked":["<span class=\"advgb-post-tax-term\">Apunts for the XXI Century<\/span>"]},"tags":{"linked":["<a href=\"https:\/\/revista-apunts.com\/en\/category\/apunts-for-the-xxi-century\/\" class=\"advgb-post-tax-term\">Adecuaci\u00f3n Curricular Individual<\/a>","<a href=\"https:\/\/revista-apunts.com\/en\/category\/apunts-for-the-xxi-century\/\" class=\"advgb-post-tax-term\">integraci\u00f3n escolar<\/a>","<a href=\"https:\/\/revista-apunts.com\/en\/category\/apunts-for-the-xxi-century\/\" class=\"advgb-post-tax-term\">reforma educativa<\/a>","<a href=\"https:\/\/revista-apunts.com\/en\/category\/apunts-for-the-xxi-century\/\" class=\"advgb-post-tax-term\">s\u00edndrome de Down<\/a>"],"unlinked":["<span class=\"advgb-post-tax-term\">Adecuaci\u00f3n Curricular Individual<\/span>","<span class=\"advgb-post-tax-term\">integraci\u00f3n escolar<\/span>","<span class=\"advgb-post-tax-term\">reforma educativa<\/span>","<span class=\"advgb-post-tax-term\">s\u00edndrome de Down<\/span>"]}},"comment_count":"0","relative_dates":{"created":"Posted 6 years ago","modified":"Updated 5 years ago"},"absolute_dates":{"created":"Posted on 27 October 2020","modified":"Updated on 21 January 2021"},"absolute_dates_time":{"created":"Posted on 27 October 2020 11:56","modified":"Updated on 21 January 2021 10:29"},"featured_img_caption":"","series_order":"","_links":{"self":[{"href":"https:\/\/revista-apunts.com\/en\/wp-json\/wp\/v2\/posts\/13098\/"}],"collection":[{"href":"https:\/\/revista-apunts.com\/en\/wp-json\/wp\/v2\/posts\/"}],"about":[{"href":"https:\/\/revista-apunts.com\/en\/wp-json\/wp\/v2\/types\/post\/"}],"author":[{"embeddable":true,"href":"https:\/\/revista-apunts.com\/en\/wp-json\/wp\/v2\/users\/1\/"}],"replies":[{"embeddable":true,"href":"https:\/\/revista-apunts.com\/en\/wp-json\/wp\/v2\/comments\/?post=13098"}],"version-history":[{"count":1,"href":"https:\/\/revista-apunts.com\/en\/wp-json\/wp\/v2\/posts\/13098\/revisions\/"}],"predecessor-version":[{"id":35159,"href":"https:\/\/revista-apunts.com\/en\/wp-json\/wp\/v2\/posts\/13098\/revisions\/35159\/"}],"wp:attachment":[{"href":"https:\/\/revista-apunts.com\/en\/wp-json\/wp\/v2\/media\/?parent=13098"}],"wp:term":[{"taxonomy":"category","embeddable":true,"href":"https:\/\/revista-apunts.com\/en\/wp-json\/wp\/v2\/categories\/?post=13098"},{"taxonomy":"post_tag","embeddable":true,"href":"https:\/\/revista-apunts.com\/en\/wp-json\/wp\/v2\/tags\/?post=13098"}],"curies":[{"name":"wp","href":"https:\/\/api.w.org\/{rel}","templated":true}]}}