{"id":13001,"date":"2020-10-27T11:54:32","date_gmt":"2020-10-27T11:54:32","guid":{"rendered":"https:\/\/revista-apunts.com\/?p=13001"},"modified":"2021-01-22T17:04:36","modified_gmt":"2021-01-22T17:04:36","slug":"como-optimizar-el-discurso-no-verbal-del-educador-fisico-identificacion-y-analisis-de-conductas-significativas","status":"publish","type":"post","link":"https:\/\/revista-apunts.com\/en\/como-optimizar-el-discurso-no-verbal-del-educador-fisico-identificacion-y-analisis-de-conductas-significativas\/","title":{"rendered":"C\u00f3mo optimizar el discurso no-verbal del educador f\u00edsico. Identificaci\u00f3n y an\u00e1lisis de conductas significativas"},"content":{"rendered":"\n<h2 class=\"wp-block-heading\">Abstract<\/h2>\n\n\n<p>El enfoque que pretende el presente art\u00edculo, dentro de nuestra l\u00ednea de investigaci\u00f3n de la comunicaci\u00f3n noverbal, atiende un nivel de comprensi\u00f3n global y sist\u00e9mica de las diversas dimensiones que confluyen en el discurso que el docente utiliza en los procesos de ense\u00f1anza-aprendizaje.<br> No se pretende minimizar el nivel verbal de comunicaci\u00f3n, sino, simplemente, enfatizar sobre el uso de la comunicaci\u00f3n no-verbal que generalmente queda bastante mitigado a nivel de percepci\u00f3n consciente. Partimos de la consideraci\u00f3n de que el lenguaje cin\u00e9sicogestual del educador personal es una m\u00e1s de las m\u00faltiples manifestaciones que se pueden dar en la dimensi\u00f3n interactiva entre los integrantes del grupo clase.<br> A todos se nos hace evidente que es imposible evitar nuestra presencia corporal en un espacio y en un tiempo. Nuestros pensamientos son impalpables pero nuestro cuerpo no lo es; es materia palpable condicionada por las coordenadas del espacio y del tiempo: el escenario queda a merced de la improvisacion continuada. (Casta\u00f1er, 1992).<\/p>\n\n <div class=\"tags\"> <p><strong>Keywords:<\/strong> <span>comportamiento cinesicogestual<\/span>, <span>comunicaci\u00f3n no-verbal<\/span>, <span>discurso docente<\/span>, <span>optimizaci\u00f3n pedag\u00f3gica<\/span>, <span>sistema de categor\u00edas de orden no-verbal<\/span><\/p> <\/div> \n","protected":false},"excerpt":{"rendered":"<p>Abstract El enfoque que pretende el presente art\u00edculo, dentro de nuestra l\u00ednea de investigaci\u00f3n de la comunicaci\u00f3n noverbal, atiende un nivel de comprensi\u00f3n global y sist\u00e9mica de las diversas dimensiones que confluyen en el discurso que el docente utiliza en los procesos de ense\u00f1anza-aprendizaje. No se pretende minimizar el nivel verbal de comunicaci\u00f3n, sino, simplemente, [&hellip;]<\/p>\n","protected":false},"author":1,"featured_media":0,"comment_status":"open","ping_status":"open","sticky":false,"template":"","format":"standard","meta":{"_editorskit_title_hidden":false,"_editorskit_reading_time":1,"_editorskit_is_block_options_detached":false,"_editorskit_block_options_position":"{}","inline_featured_image":false,"advgb_blocks_editor_width":"","advgb_blocks_columns_visual_guide":"","footnotes":""},"categories":[8510],"tags":[2087,2086,2085,2084,2088],"author_meta":{"display_name":"doc_inefc","author_link":"https:\/\/revista-apunts.com\/en\/author\/doc_inefc\/"},"featured_img":null,"coauthors":[],"tax_additional":{"categories":{"linked":["<a href=\"https:\/\/revista-apunts.com\/en\/category\/apunts-for-the-xxi-century\/\" class=\"advgb-post-tax-term\">Apunts for the XXI Century<\/a>"],"unlinked":["<span class=\"advgb-post-tax-term\">Apunts for the XXI Century<\/span>"]},"tags":{"linked":["<a href=\"https:\/\/revista-apunts.com\/en\/category\/apunts-for-the-xxi-century\/\" class=\"advgb-post-tax-term\">comportamiento cinesicogestual<\/a>","<a href=\"https:\/\/revista-apunts.com\/en\/category\/apunts-for-the-xxi-century\/\" class=\"advgb-post-tax-term\">comunicaci\u00f3n no-verbal<\/a>","<a href=\"https:\/\/revista-apunts.com\/en\/category\/apunts-for-the-xxi-century\/\" class=\"advgb-post-tax-term\">discurso docente<\/a>","<a href=\"https:\/\/revista-apunts.com\/en\/category\/apunts-for-the-xxi-century\/\" class=\"advgb-post-tax-term\">optimizaci\u00f3n pedag\u00f3gica<\/a>","<a href=\"https:\/\/revista-apunts.com\/en\/category\/apunts-for-the-xxi-century\/\" class=\"advgb-post-tax-term\">sistema de categor\u00edas de orden no-verbal<\/a>"],"unlinked":["<span class=\"advgb-post-tax-term\">comportamiento cinesicogestual<\/span>","<span class=\"advgb-post-tax-term\">comunicaci\u00f3n no-verbal<\/span>","<span class=\"advgb-post-tax-term\">discurso docente<\/span>","<span class=\"advgb-post-tax-term\">optimizaci\u00f3n pedag\u00f3gica<\/span>","<span class=\"advgb-post-tax-term\">sistema de categor\u00edas de orden no-verbal<\/span>"]}},"comment_count":"0","relative_dates":{"created":"Posted 6 years ago","modified":"Updated 5 years ago"},"absolute_dates":{"created":"Posted on 27 October 2020","modified":"Updated on 22 January 2021"},"absolute_dates_time":{"created":"Posted on 27 October 2020 11:54","modified":"Updated on 22 January 2021 17:04"},"featured_img_caption":"","series_order":"","_links":{"self":[{"href":"https:\/\/revista-apunts.com\/en\/wp-json\/wp\/v2\/posts\/13001\/"}],"collection":[{"href":"https:\/\/revista-apunts.com\/en\/wp-json\/wp\/v2\/posts\/"}],"about":[{"href":"https:\/\/revista-apunts.com\/en\/wp-json\/wp\/v2\/types\/post\/"}],"author":[{"embeddable":true,"href":"https:\/\/revista-apunts.com\/en\/wp-json\/wp\/v2\/users\/1\/"}],"replies":[{"embeddable":true,"href":"https:\/\/revista-apunts.com\/en\/wp-json\/wp\/v2\/comments\/?post=13001"}],"version-history":[{"count":1,"href":"https:\/\/revista-apunts.com\/en\/wp-json\/wp\/v2\/posts\/13001\/revisions\/"}],"predecessor-version":[{"id":38253,"href":"https:\/\/revista-apunts.com\/en\/wp-json\/wp\/v2\/posts\/13001\/revisions\/38253\/"}],"wp:attachment":[{"href":"https:\/\/revista-apunts.com\/en\/wp-json\/wp\/v2\/media\/?parent=13001"}],"wp:term":[{"taxonomy":"category","embeddable":true,"href":"https:\/\/revista-apunts.com\/en\/wp-json\/wp\/v2\/categories\/?post=13001"},{"taxonomy":"post_tag","embeddable":true,"href":"https:\/\/revista-apunts.com\/en\/wp-json\/wp\/v2\/tags\/?post=13001"}],"curies":[{"name":"wp","href":"https:\/\/api.w.org\/{rel}","templated":true}]}}