{"id":69749,"date":"2025-09-28T08:43:00","date_gmt":"2025-09-28T08:43:00","guid":{"rendered":"https:\/\/revista-apunts.com\/?p=69749"},"modified":"2026-01-09T10:18:25","modified_gmt":"2026-01-09T10:18:25","slug":"latemporalitat-corporal","status":"publish","type":"post","link":"https:\/\/revista-apunts.com\/ca\/latemporalitat-corporal\/","title":{"rendered":"L\u2019atemporalitat corporal <br>Editorial de comiat de l\u2019editora en cap"},"content":{"rendered":"\n<p>Amb aquest breu assaig sobre la corporalitat faig un \u201ccontraApunt\u201d per acomiadar-me com a directora de la revista <em>Apunts<\/em>. Vaig veure n\u00e9ixer la revista quan era alumna de l\u2019INEFC Barcelona i, en els darrers set anys, he tingut l\u2019honor de dirigir-la amb l\u2019extraordinari equip de publicacions de l\u2019INEFC i elevar-la a la \u201cprimera divisi\u00f3\u201d de les revistes cient\u00edfiques, indexada com a Q1 per Scopus i a JCR i Q2 per WoS.<\/p>\n\n\n\n<p>La meva traject\u00f2ria professional a l\u2019INEFC ha estat de quatre d\u00e8cades dedicades a la nostra professi\u00f3, quan tot estava pr\u00e0cticament per fer. En els inicis hav\u00edem de visionar el futur i amb aquest breu assaig no pretenc tancar res, sin\u00f3 revisitar tot all\u00f2 que he desenvolupat amb cura i ofici des de la <a href=\"#1\" class=\"ek-link\">C\u00e0tedra de Motricitat<\/a>, els projectes de recerca i la direcci\u00f3 de la revista cient\u00edfica <em>Apunts Educaci\u00f3 F\u00edsica i Esports<\/em>.<\/p>\n\n\n\n<p>Comparteixo, doncs, no un article cient\u00edfic convencional, com tants d\u2019altres que he supervisat a la revista, sin\u00f3 un breu i modest assaig sobre l\u2019ess\u00e8ncia i la mat\u00e8ria primera de la nostra professi\u00f3, que considero que sempre s\u2019ha de tenir present: la corporalitat.<\/p>\n\n\n\n<h2 class=\"wp-block-heading\"><strong>L\u2019atemporalitat corporal&nbsp;<\/strong><\/h2>\n\n\n\n<p>S\u00f3n les idees en relaci\u00f3 amb el cos les que evolucionen hist\u00f2ricament, per\u00f2 el cos en s\u00ed, encara que absorbeix les construccions simb\u00f2liques de cada \u00e8poca hist\u00f2rica, \u00e9s, en certa manera, atemporal.<\/p>\n\n\n\n<p>El cos ve a ser com una subst\u00e0ncia muda, a la qual es confereixen <em>attrezzos<\/em> i atributs recurrents en el fris cronol\u00f2gic de la hist\u00f2ria. Aix\u00ed, amb el nostre cos, som com cintes transportadores d\u2019espais i de temps i, per tant, de punts de vista de les contemporane\u00eftats de cada moment hist\u00f2ric. El cos \u00e9s el que es veu, el moviment desapareix i, com que les diverses manifestacions corporals es generen amb el moviment del cos, podr\u00edem dir que aquest \u00e9s ef\u00edmer; el llenguatge del cos \u00e9s un art ef\u00edmer.<\/p>\n\n\n\n<p>Un quadre est\u00e0 en una sola dimensi\u00f3, la de l\u2019espai, encara que ens remeti a la dimensi\u00f3 del temps hist\u00f2ric en el qual va ser creat, per\u00f2 coreografiar, en el sentit ampli de la paraula del llat\u00ed <em>choro<\/em>s, \u00e9s dibuixar la din\u00e0mica dels cossos com si fos un quadre en continu moviment que abasta en l\u2019espai-temps. Cada acci\u00f3 motriu, cada gest, substitueix el que l\u2019ha precedit, per aix\u00f2 \u00e9s impossible que s\u2019imprimeixi en la retina del receptor, de l\u2019espectador.<\/p>\n\n\n\n<p>Nom\u00e9s la captura tecnol\u00f2gica, com els sistemes actuals de <em>body motion capture<\/em>, permeten visualitzar a posteriori la \u201ccoreografia\u201d del nostre cos, aquesta vegada ja, com si fos un quadre en moviment. \u00c9s una manera \u00f2ptima de fer que el llenguatge corporal es converteixi en permanent. \u00c9s estimulant sentir com aquesta possibilitat d\u2019anar endavant i endarrere en el temps ens permet comen\u00e7ar a intuir el concepte d\u2019un llenguatge corporal atemporal.<\/p>\n\n\n\n<p>De manera similar a l\u2019hipertext actual, la narrativa del cos pot deixar la linealitat i adoptar lectures m\u00faltiples. El cos, com tantes coses avui, ha entrat en la visi\u00f3 postmoderna de la multiplicitat, per la qual cosa la idea de contemporane\u00eftat \u2014la d\u2019acompanyar cada moment hist\u00f2ric\u2013, comen\u00e7a a perdre la seva for\u00e7a.<\/p>\n\n\n\n<p>Aix\u00ed, considero que s\u2019obre la visi\u00f3 al concepte de l\u2019atemporalitat corporal, per\u00f2 al seu torn, tamb\u00e9 considero que no s\u2019ha d\u2019entendre com un proc\u00e9s de meres juxtaposicions, sin\u00f3 com a processos din\u00e0mics de relacions d\u2019hibridaci\u00f3 que permetin imbricacions \u00f2ptimes cap a noves manifestacions motrius i esportives.<\/p>\n\n\n\n<p>L\u2019atemporalitat del llenguatge del cos \u00e9s possible gr\u00e0cies als suports tecnol\u00f2gics de tipus audiovisual que permeten \u201cretenir-lo\u201d i aix\u00ed recuperar la imatge d\u2019una persona, un somriure, una mirada o una acci\u00f3 motriu o esportiva. Per\u00f2 l\u2019atemporalitat del llenguatge del cos tamb\u00e9 la podem fer perdurar a trav\u00e9s de l\u2019inconscient col\u00b7lectiu conformat pels trets subjectius que cada \u201cespectador\u201d recrea i recorda en la seva ment. Es genera aix\u00ed una corretja de transmissi\u00f3 cultural que, si la fem girar, permet recuperar configuracions corporals del passat, entenent que, el minut anterior, tamb\u00e9 \u00e9s passat.<\/p>\n\n\n\n<p>Un acordi\u00f3 ens sorpr\u00e8n pel seu gran abast en relaci\u00f3 amb la seva extensibilitat i els registres de so. Els seus plecs i sons semblen no tenir fi. Si fem una analogia entre aquesta idea i la del llenguatge corporal, estarem en disposici\u00f3 d\u2019entendre que el tel\u00f3 de fons sobre les nostres pr\u00e0ctiques motrius i esportives es troba en el nostre fluir gestual continu.<\/p>\n\n\n\n<p>El desplegament de m\u00faltiples mirades \u00e9s el que provoquen els llenguatges del cos en tota situaci\u00f3 comunicativa o interactiva entre les persones. Les accions gestuals del cos es repliquen i, al seu torn, es multipliquen. Amb tot, \u00e9s una composici\u00f3 que ofereix un nou discurs corporal, altament din\u00e0mic, que promou, en cada generaci\u00f3, noves preguntes i reflexions.<\/p>\n","protected":false},"excerpt":{"rendered":"<p>Amb aquest breu assaig sobre la corporalitat faig un \u201ccontraApunt\u201d per acomiadar-me com a directora de la revista Apunts. Vaig veure n\u00e9ixer la revista quan era alumna de l\u2019INEFC Barcelona i, en els darrers set anys, he tingut l\u2019honor de dirigir-la amb l\u2019extraordinari equip de publicacions de l\u2019INEFC i elevar-la a la \u201cprimera divisi\u00f3\u201d de [&hellip;]<\/p>\n","protected":false},"author":2,"featured_media":0,"comment_status":"closed","ping_status":"closed","sticky":false,"template":"","format":"standard","meta":{"_editorskit_title_hidden":false,"_editorskit_reading_time":0,"_editorskit_is_block_options_detached":false,"_editorskit_block_options_position":"{}","inline_featured_image":false,"advgb_blocks_editor_width":"","advgb_blocks_columns_visual_guide":"","footnotes":""},"categories":[8512],"tags":[],"author_meta":{"display_name":"finderwilber","author_link":"https:\/\/revista-apunts.com\/ca\/author\/finderwilber\/"},"featured_img":null,"coauthors":[],"tax_additional":{"categories":{"linked":["<a href=\"https:\/\/revista-apunts.com\/ca\/category\/editorial-ca\/\" class=\"advgb-post-tax-term\">Editorial<\/a>"],"unlinked":["<span class=\"advgb-post-tax-term\">Editorial<\/span>"]}},"comment_count":"0","relative_dates":{"created":"Posted 7 mesos ago","modified":"Updated 4 mesos ago"},"absolute_dates":{"created":"Posted on 28 setembre 2025","modified":"Updated on 9 gener 2026"},"absolute_dates_time":{"created":"Posted on 28 setembre 2025 08:43","modified":"Updated on 9 gener 2026 10:18"},"featured_img_caption":"","series_order":"","_links":{"self":[{"href":"https:\/\/revista-apunts.com\/ca\/wp-json\/wp\/v2\/posts\/69749\/"}],"collection":[{"href":"https:\/\/revista-apunts.com\/ca\/wp-json\/wp\/v2\/posts\/"}],"about":[{"href":"https:\/\/revista-apunts.com\/ca\/wp-json\/wp\/v2\/types\/post\/"}],"author":[{"embeddable":true,"href":"https:\/\/revista-apunts.com\/ca\/wp-json\/wp\/v2\/users\/2\/"}],"replies":[{"embeddable":true,"href":"https:\/\/revista-apunts.com\/ca\/wp-json\/wp\/v2\/comments\/?post=69749"}],"version-history":[{"count":3,"href":"https:\/\/revista-apunts.com\/ca\/wp-json\/wp\/v2\/posts\/69749\/revisions\/"}],"predecessor-version":[{"id":70745,"href":"https:\/\/revista-apunts.com\/ca\/wp-json\/wp\/v2\/posts\/69749\/revisions\/70745\/"}],"wp:attachment":[{"href":"https:\/\/revista-apunts.com\/ca\/wp-json\/wp\/v2\/media\/?parent=69749"}],"wp:term":[{"taxonomy":"category","embeddable":true,"href":"https:\/\/revista-apunts.com\/ca\/wp-json\/wp\/v2\/categories\/?post=69749"},{"taxonomy":"post_tag","embeddable":true,"href":"https:\/\/revista-apunts.com\/ca\/wp-json\/wp\/v2\/tags\/?post=69749"}],"curies":[{"name":"wp","href":"https:\/\/api.w.org\/{rel}","templated":true}]}}