{"id":67647,"date":"2025-03-31T21:32:12","date_gmt":"2025-03-31T21:32:12","guid":{"rendered":"https:\/\/revista-apunts.com\/?p=67647"},"modified":"2025-07-03T11:01:08","modified_gmt":"2025-07-03T11:01:08","slug":"analisi-comparativa-de-dos-protocols-dentrenament-de-la-forca-dagafada-en-escaladors-experimentats","status":"publish","type":"post","link":"https:\/\/revista-apunts.com\/ca\/analisi-comparativa-de-dos-protocols-dentrenament-de-la-forca-dagafada-en-escaladors-experimentats\/","title":{"rendered":"An\u00e0lisi comparativa de dos protocols d\u2019entrenament de la for\u00e7a d\u2019agafada en escaladors experimentats\u00a0"},"content":{"rendered":"\n<h2 class=\"wp-block-heading\"><strong>Resum<\/strong><\/h2>\n\n\n\n<p>L\u2019objectiu d\u2019aquest estudi era comparar els efectes del m\u00e8tode tradicional de suspensi\u00f3 amb pes (HIMA) amb els del m\u00e8tode d\u2019entrenament de tracci\u00f3 activa amb dinam\u00f2metre (PIMA). A m\u00e9s, es va analitzar la difer\u00e8ncia de for\u00e7a entre les mans i la seva evoluci\u00f3 despr\u00e9s dels protocols proposats. Es van dividir onze escaladors aleat\u00f2riament en un Grup de Control, GC (<em>n&nbsp;<\/em>=5) 33.20 (8.7) anys, 14.40 (0.548) nivell d\u2019escalada IRCRA, i un Grup del Dinam\u00f2metre, GD (<em>n&nbsp;<\/em>=&nbsp;6) 31.50 (6.56) anys, 14.67 (1.366) nivell d\u2019escalada IRCRA. El GC va seguir el protocol HIMA, mentre que el GD va seguir el protocol PIMA. Les caracter\u00edstiques comunes dels protocols dels dos grups van ser: 4 setmanes de durada, treballant sobre una regleta de 14&nbsp;mm, 3 s\u00e8ries de suspensi\u00f3 la primera setmana, 4 s\u00e8ries la segona i la tercera, i 5 s\u00e8ries l\u2019\u00faltima setmana, i exercicis de 10 segons al 85% d\u2019intensitat, amb descansos de 3 minuts. Una an\u00e0lisi ANOVA va mostrar difer\u00e8ncies significatives (<em>p<\/em>\u2264&nbsp;.05) despr\u00e9s dels protocols d\u2019entrenament per a ambd\u00f3s grups en totes les variables estudiades: la for\u00e7a m\u00e0xima, la TDF200ms, la PF i el TMS_14. No es van trobar difer\u00e8ncies significatives de for\u00e7a entre les mans. Malgrat aix\u00f2, el m\u00e8tode de tracci\u00f3 activa amb dinam\u00f2metre va reduir la difer\u00e8ncia en els valors de for\u00e7a entre les mans despr\u00e9s de l\u2019entrenament. Ambd\u00f3s m\u00e8todes d\u2019entrenament de la for\u00e7a d\u2019agafada, PIMA i HIMA, semblen ser efica\u00e7os per millorar els factors clau del rendiment en l\u2019escalada. Els pr\u00f2xims estudis haurien d\u2019analitzar la influ\u00e8ncia dels dos m\u00e8todes d\u2019entrenament amb mostres m\u00e9s grans i amb esportistes de m\u00e9s nivell, aix\u00ed com amb mostres femenines.<\/p>\n\n\n <div class=\"tags\"> <p><strong>Paraules clau:<\/strong> <span>dinam\u00f2metre<\/span>, <span>entrenament<\/span>, <span>escalada esportiva<\/span>, <span>for\u00e7a dels dits<\/span>, <span>rendiment<\/span>, <span>suspensi\u00f3<\/span><\/p> <\/div> \n\n\n\n<h2 class=\"wp-block-heading\"><strong>Introducci\u00f3<\/strong><\/h2>\n\n\n\n<p>La popularitat de l\u2019escalada no ha parat de cr\u00e9ixer des que aquest esport va fer el seu debut en els Jocs Ol\u00edmpics de T\u00f2quio el 2020 (<a href=\"#27\" class=\"ek-link\">Michael et al., 2019<\/a>). Malgrat que s\u2019han constru\u00eft molts gimnasos d\u2019escalada nous en els darrers anys (<a href=\"#9\" class=\"ek-link\">Climbing Business Journal, 2023<\/a>), \u00e9s previsible que s\u2019obrin nous centres d\u2019escalada en el futur, atesa la tend\u00e8ncia a l\u2019al\u00e7a en les xifres de persones que la practiquen. L\u2019esmentat inter\u00e8s de la poblaci\u00f3 en general ha donat peu a l\u2019aparici\u00f3 de nous esportistes d\u2019elit (Federaci\u00f3 Internacional d\u2019Escalada Esportiva [<a href=\"#19\" class=\"ek-link\">IFSC], 2025)<\/a>] i a un augment del nombre de competicions. Aix\u00f2, al seu torn, ha portat al m\u00f3n cient\u00edfic a interessar-se tamb\u00e9 per aquesta disciplina, per la qual cosa s\u2019estan duent a terme nombrosos estudis nous sobre aquest esport.<\/p>\n\n\n\n<p>La necessitat de noves estrat\u00e8gies d\u2019investigaci\u00f3 i d\u2019entrenament ha motivat la creaci\u00f3 de nous dispositius compactes i port\u00e0tils que poden utilitzar-se per mesurar variables determinants en el rendiment dels escaladors (<a href=\"#6\" class=\"ek-link\">Breen et al., 2023<\/a>). Entre aquests dispositius, destaquen els sensors de for\u00e7a, com el Progressor Tindeq (Tindeq, Trondheim, Noruega) <a href=\"#20\" class=\"ek-link\">(Labott et al., 2022<\/a>) o el Chronojump (<a href=\"#8\" class=\"ek-link\">Chronojump Boscosystem<\/a>, Barcelona, Espanya) (<a href=\"#10\" class=\"ek-link\">Colomar et al., 2020<\/a>; <a href=\"#30\" class=\"ek-link\">Moreno-P\u00e9rez et al., 2020<\/a>). Aquests nous dispositius ens permeten explorar formes innovadores de formaci\u00f3 basades en dades quantitatives amb uns nivells de validesa i fiabilitat alts. S\u00f3n m\u00e8todes que contrasten amb les metodologies tradicionals basades en mesuraments imprecisos i subjectius i, en alguns casos, en la percepci\u00f3 de l\u2019esportista mateix (<a href=\"#28\" class=\"ek-link\">Michailov, 2014<\/a>). Els sensors mesuren la for\u00e7a d\u2019agafada, principal indicador de rendiment en l\u2019escalada (<a href=\"#4\" class=\"ek-link\">Bergua et al., 2018<\/a>; <a href=\"#10\" class=\"ek-link\">Consuegra, 2020<\/a>; <a href=\"#22\" class=\"ek-link\">L\u00f3pez-Rivera, 2014<\/a>; <a href=\"#24\" class=\"ek-link\">L\u00f3pez-Rivera i Gonz\u00e1lez-Badillo, 2012<\/a>, <a href=\"#25\" class=\"ek-link\">2019<\/a>). D\u2019entre els factors que expliquen la producci\u00f3 de for\u00e7a d\u2019agafada en l\u2019escalada, la for\u00e7a d\u2019agafada m\u00e0xima i la taxa de desenvolupament de la for\u00e7a (TDF) es consideren els m\u00e9s adequats per mesurar el rendiment (<a href=\"#10\" class=\"ek-link\">Consuegra, 2020<\/a>).<\/p>\n\n\n\n<p>En l\u2019actualitat hi ha dos m\u00e8todes principals d\u2019entrenament per millorar la for\u00e7a d\u2019agafada dels dits en escaladors: el m\u00e8tode tradicional de suspensi\u00f3 concebut per Eva L\u00f3pez (<a href=\"#22\" class=\"ek-link\">L\u00f3pez-Rivera, 2014<\/a>; <a href=\"#24\" class=\"ek-link\">L\u00f3pez-Rivera i Gonz\u00e1lez-Badillo, 2012<\/a>), que ha estat el m\u00e9s utilitzat, i l\u2019entrenament amb traccions actives i sensors de for\u00e7a (<a href=\"#6\" class=\"ek-link\">Breen et al., 2023<\/a>), que permet als esportistes entrenar unilateralment, fins i tot quan no suporten el pes corporal, i quantificar la c\u00e0rrega en tot moment. Mentre que el m\u00e8tode tradicional amb suspensi\u00f3 implica un esfor\u00e7 passiu sobre les estructures dels dits, el m\u00e8tode d\u2019entrenament amb sensors de for\u00e7a comporta un esfor\u00e7 actiu de tracci\u00f3 volunt\u00e0ria. Alhora, els termes \u201ccontracci\u00f3 isom\u00e8trica de resist\u00e8ncia\u201d (HIMA, per les seves sigles en angl\u00e8s) i \u201ccontracci\u00f3 isom\u00e8trica d\u2019empenta\u201d (PIMA, \u00eddem) (<a href=\"#35\" class=\"ek-link\">Schaefer i Bittmann, 2017<\/a>) descriuen dos tipus de contraccions isom\u00e8triques amb les quals els podr\u00edem relacionar respectivament. En l\u2019HIMA, l\u2019esfor\u00e7 es recolza de forma passiva, mentre que en la PIMA, encara que no hi hagi moviment, s\u2019intenta v\u00e8ncer la resist\u00e8ncia activament. Les mesures objectives mostren que aquests dos tipus de contraccions s\u00f3n diferents des del punt de vista fisiol\u00f2gic (<a href=\"#11\" class=\"ek-link\">Dech et al., 2022<\/a>; <a href=\"#31\" class=\"ek-link\">Oranchuk et al., 2024<\/a>; <a href=\"#36\" class=\"ek-link\">Schaefer i Bittmann, 2021<\/a>), fet que distingeix aquests dos tipus d\u2019entrenament.<\/p>\n\n\n\n<p>Si b\u00e9 hi ha pocs estudis que analitzin les difer\u00e8ncies entre ambd\u00f3s tipus de contraccions, s\u2019ha suggerit que l\u2019HIMA es podria utilitzar per a la prevenci\u00f3 i rehabilitaci\u00f3 de lesions, mentre que la PIMA podria ser una opci\u00f3 millor per a activacions prolongades i per estimular les adaptacions agonistes (<a href=\"#31\" class=\"ek-link\">Oranchuk et al., 2024<\/a>).<\/p>\n\n\n\n<p>Per aquests motius, sembla especialment pertinent estudiar les difer\u00e8ncies entre ambd\u00f3s m\u00e8todes en el marc del rendiment esportiu. A m\u00e9s, l\u2019escalada ha utilitzat tradicionalment un protocol d\u2019entrenament de la for\u00e7a d\u2019agafada que segueix les caracter\u00edstiques de l\u2019HIMA (m\u00e8tode tradicional amb suspensi\u00f3), la qual cosa fa que l\u2019estudi de les difer\u00e8ncies entre els protocols HIMA i PIMA sigui m\u00e9s interessant per a aquest esport.<\/p>\n\n\n\n<p>Per tant, el present estudi tenia per objectiu comparar els efectes de dos m\u00e8todes d\u2019entrenament de la for\u00e7a d\u2019agafada (suspensi\u00f3 tradicional amb pes de tipus HIMA i traccions actives amb sensors de for\u00e7a de tipus PIMA) sobre indicadors clau del rendiment en escalada: for\u00e7a d\u2019agafada m\u00e0xima, TDF200ms, prova de for\u00e7a (PF) i temps m\u00e0xim de suspensi\u00f3 (TMS_14). L\u2019objectiu secundari era analitzar la difer\u00e8ncia en la for\u00e7a m\u00e0xima de cada m\u00e0 i la difer\u00e8ncia despr\u00e9s de l\u2019entrenament.&nbsp;<\/p>\n\n\n\n<p>La nostra hip\u00f2tesi era que ambd\u00f3s m\u00e8todes d\u2019entrenament serien efica\u00e7os per millorar tots els factors clau del rendiment en escalada estudiats (for\u00e7a d\u2019agafada m\u00e0xima, TDF200ms, PF i TMS_14), per\u00f2 que l\u2019entrenament de la for\u00e7a d\u2019agafada mitjan\u00e7ant el m\u00e8tode actiu amb el dispositiu Chronojump presentaria millors resultats.<\/p>\n\n\n\n<p>Per al nostre segon objectiu, vam plantejar la hip\u00f2tesi que el m\u00e8tode d\u2019entrenament amb dinam\u00f2metre, en no ser bilateral, ajudaria a reduir la difer\u00e8ncia de for\u00e7a entre les mans despr\u00e9s del per\u00edode d\u2019entrenament.<\/p>\n\n\n\n<h2 class=\"wp-block-heading\"><strong>Metodologia<\/strong><\/h2>\n\n\n\n<h3 class=\"wp-block-heading\"><strong>Participants<\/strong><\/h3>\n\n\n\n<p>Van participar en aquest estudi vint escaladors que entrenaven dues vegades per setmana. A la Taula 1 es mostren els criteris d\u2019inclusi\u00f3. Finalment, onze escaladors van poder acabar el protocol.<\/p>\n\n\n\n<div id=\"volver1610401\" class=\"wp-block-group ver-tabla is-layout-flow wp-block-group-is-layout-flow\"><div class=\"wp-block-group__inner-container\">\n<div class=\"wp-block-columns is-layout-flex wp-container-3 wp-block-columns-is-layout-flex\" id=\"volver1540601\">\n<div class=\"wp-block-column is-layout-flow wp-block-column-is-layout-flow\">\n<figure class=\"wp-block-image size-large no-figura\"><img decoding=\"async\" loading=\"lazy\" width=\"650\" height=\"467\" src=\"https:\/\/revista-apunts.com\/wp-content\/uploads\/2020\/06\/taula.png\" alt=\"\" class=\"wp-image-2236\" srcset=\"https:\/\/revista-apunts.com\/wp-content\/uploads\/2020\/06\/taula.png 650w, https:\/\/revista-apunts.com\/wp-content\/uploads\/2020\/06\/taula-300x216.png 300w\" sizes=\"(max-width: 650px) 100vw, 650px\" \/><\/figure>\n<\/div>\n\n\n\n<div class=\"wp-block-column is-layout-flow wp-block-column-is-layout-flow\">\n<p id=\"volver1460303\"><strong>Taula 1<\/strong><\/p>\n\n\n\n<p><em>Criteris d\u2019inclusi\u00f3 definits&nbsp;<\/em><\/p>\n\n\n\n<p class=\"has-text-align-right\" id=\"volver1540601\"><a href=\"https:\/\/revista-apunts.com\/ca\/tablas\/tabla-1-161-04\/\" class=\"ek-link\">Veure Taula<\/a><\/p>\n<\/div>\n<\/div>\n<\/div><\/div>\n\n\n\n<p>La mostra es va dividir en dos grups mitjan\u00e7ant un mostreig aleatori estratificat, en funci\u00f3 del nivell d\u2019escalada autodeterminat. A la Taula 2 es mostren les principals caracter\u00edstiques antropom\u00e8triques i d\u2019entrenament. Tots els escaladors de la mostra es van autoidentificar com a escaladors de bloc o d\u2019esportiva. Es va utilitzar l\u2019escala IRCRA (<a href=\"#13\" class=\"ek-link\">Draper et al., 2015<\/a>) per determinar el nivell d\u2019escalada.&nbsp;<\/p>\n\n\n\n<div id=\"volver1610402\" class=\"wp-block-group ver-tabla is-layout-flow wp-block-group-is-layout-flow\"><div class=\"wp-block-group__inner-container\">\n<div class=\"wp-block-columns is-layout-flex wp-container-7 wp-block-columns-is-layout-flex\" id=\"volver1540601\">\n<div class=\"wp-block-column is-layout-flow wp-block-column-is-layout-flow\">\n<figure class=\"wp-block-image size-large no-figura\"><img decoding=\"async\" loading=\"lazy\" width=\"650\" height=\"467\" src=\"https:\/\/revista-apunts.com\/wp-content\/uploads\/2020\/06\/taula.png\" alt=\"\" class=\"wp-image-2236\" srcset=\"https:\/\/revista-apunts.com\/wp-content\/uploads\/2020\/06\/taula.png 650w, https:\/\/revista-apunts.com\/wp-content\/uploads\/2020\/06\/taula-300x216.png 300w\" sizes=\"(max-width: 650px) 100vw, 650px\" \/><\/figure>\n<\/div>\n\n\n\n<div class=\"wp-block-column is-layout-flow wp-block-column-is-layout-flow\">\n<p id=\"volver1460303\"><strong>Taula 2<\/strong><\/p>\n\n\n\n<p><em>Caracter\u00edstiques principals de la mostra i de cada un dels grups, mitjana i desviaci\u00f3 t\u00edpica<\/em><\/p>\n\n\n\n<p class=\"has-text-align-right\" id=\"volver1540601\"><a href=\"https:\/\/revista-apunts.com\/ca\/tablas\/tabla-2-161-04\/\" class=\"ek-link\">Veure Taula<\/a><\/p>\n<\/div>\n<\/div>\n<\/div><\/div>\n\n\n\n<p>Les sessions d\u2019estudi van tenir lloc els dilluns i dimecres a la tarda a la mateixa hora, i despr\u00e9s els participants assistien a les seves sessions guiades d\u2019escalada. Van realitzar sessions id\u00e8ntiques amb el mateix entrenador d\u2019escalada, que va centrar les sessions en el treball de for\u00e7a m\u00e0xima, en l\u00ednia amb els objectius de l\u2019estudi.&nbsp;<\/p>\n\n\n\n<p>Els participants van ser informats mitjan\u00e7ant un correu electr\u00f2nic i van firmar un formulari de consentiment. L\u2019estudi es va dissenyar d\u2019acord amb les recomanacions per a la recerca cl\u00ednica de la Declaraci\u00f3 de H\u00e8lsinki i va ser aprovat pel Comit\u00e8 d\u2019\u00c8tica de la Universitat (Universitat Europea de Madrid, CIPI\/23.181).<\/p>\n\n\n\n<p>Es va demanar als participants que:<\/p>\n\n\n\n<ul>\n<li>Assistissin a totes les sessions de formaci\u00f3 del protocol.<\/li>\n\n\n\n<li>No modifiquessin els seus h\u00e0bits esportius relacionats amb l\u2019escalada.&nbsp;<\/li>\n\n\n\n<li>S\u2019abstinguessin de tota activitat f\u00edsica intensa en les 24 hores anteriors a les sessions de prova.<\/li>\n<\/ul>\n\n\n\n<p>L\u2019estudi va tenir lloc de maig a juliol de 2023.<\/p>\n\n\n\n<h3 class=\"wp-block-heading\"><strong>Procediments<\/strong><\/h3>\n\n\n\n<p>La intervenci\u00f3 va consistir en quatre setmanes d\u2019entrenament, amb dues sessions d\u2019entrenament per setmana. Tamb\u00e9 es va dur a terme una sessi\u00f3 de familiaritzaci\u00f3 amb el dispositiu Chronojump, juntament amb dues sessions d\u2019avaluaci\u00f3: una abans i una altra despr\u00e9s del per\u00edode d\u2019entrenament. L\u2019escalfament va ser el mateix per a ambd\u00f3s grups, i es descriu a la Taula 3, d\u2019acord amb escalfaments anteriors utilitzats en la investigaci\u00f3 (<a href=\"#18\" class=\"ek-link\">Hermans et al., 2022<\/a>; <a href=\"#22\" class=\"ek-link\">L\u00f3pez-Rivera, 2014<\/a>; <a href=\"#32\" class=\"ek-link\">P\u00e9rez, 2021<\/a>).<\/p>\n\n\n\n<div id=\"volver1610403\" class=\"wp-block-group ver-tabla is-layout-flow wp-block-group-is-layout-flow\"><div class=\"wp-block-group__inner-container\">\n<div class=\"wp-block-columns is-layout-flex wp-container-11 wp-block-columns-is-layout-flex\" id=\"volver1540601\">\n<div class=\"wp-block-column is-layout-flow wp-block-column-is-layout-flow\">\n<figure class=\"wp-block-image size-large no-figura\"><img decoding=\"async\" loading=\"lazy\" width=\"650\" height=\"467\" src=\"https:\/\/revista-apunts.com\/wp-content\/uploads\/2020\/06\/taula.png\" alt=\"\" class=\"wp-image-2236\" srcset=\"https:\/\/revista-apunts.com\/wp-content\/uploads\/2020\/06\/taula.png 650w, https:\/\/revista-apunts.com\/wp-content\/uploads\/2020\/06\/taula-300x216.png 300w\" sizes=\"(max-width: 650px) 100vw, 650px\" \/><\/figure>\n<\/div>\n\n\n\n<div class=\"wp-block-column is-layout-flow wp-block-column-is-layout-flow\">\n<p id=\"volver1460303\"><strong>Taula 3<\/strong><\/p>\n\n\n\n<p><em>Escalfament previ a la prova i a l\u2019entrenament tant per al GC com per al GD&nbsp;<\/em><\/p>\n\n\n\n<p class=\"has-text-align-right\" id=\"volver1540601\"><a href=\"https:\/\/revista-apunts.com\/ca\/tablas\/tabla-3-161-04\/\" class=\"ek-link\">Veure Taula<\/a><\/p>\n<\/div>\n<\/div>\n<\/div><\/div>\n\n\n\n<p>Es van fer servir dos protocols d\u2019entrenament: suspensi\u00f3 m\u00e0xima amb pes (HIMA) per al grup de control (GC); i traccions actives unilaterals amb un sensor de for\u00e7a (PIMA) per al grup del dinam\u00f2metre (GD).<\/p>\n\n\n\n<p>Aquestes van ser les caracter\u00edstiques comunes a ambd\u00f3s protocols:<\/p>\n\n\n\n<p>\u2022 Es va utilitzar una regleta de fusta de 14 mm de gruix (<a href=\"#4\">Bergua et al., 2018<\/a>; <a href=\"#22\">L\u00f3pez-Rivera, 2014<\/a>).<\/p>\n\n\n\n<p>\u2022 Les s\u00e8ries es van distribuir de la seg\u00fcent manera: 3 s\u00e8ries en la primera setmana, 4 s\u00e8ries en la segona i tercera setmanes, i 5 s\u00e8ries en l\u2019\u00faltima setmana; amb descansos de 3 minuts entre s\u00e8ries.<\/p>\n\n\n\n<p>\u2022 Durant tot l\u2019estudi, es va permetre l\u2019\u00fas d\u2019un tipus d\u2019agafada de semiarqueig o arqueig (<a href=\"#4\">Bergua et al., 2018<\/a>; <a href=\"#33\" class=\"ek-link\">Quaine i Vigouroux, 2004<\/a>).<\/p>\n\n\n\n<p>Les caracter\u00edstiques espec\u00edfiques del protocol HIMA van ser les seg\u00fcents:<\/p>\n\n\n\n<p>\u2022 Una intensitat del 85% (<a href=\"#12\">Devise et al., 2022<\/a>; <a href=\"#23\">L\u00f3pez-Rivera, 2018<\/a>; <a href=\"#32\">P\u00e9rez, 2021<\/a>) calculada a partir del pes total (pes corporal + llast) mesurada en l\u2019avaluaci\u00f3 pr\u00e8via.<\/p>\n\n\n\n<p>\u2022 Les s\u00e8ries van consistir en suspensions amb llast de 10 segons amb les dues mans, tal com es descriu en el m\u00e8tode de suspensi\u00f3 m\u00e0xima d\u2019Eva L\u00f3pez (<a href=\"#22\">L\u00f3pez-Rivera, 2014<\/a>; <a href=\"#24\" class=\"ek-link\">L\u00f3pez-Rivera i Gonz\u00e1lez-Badillo, 2012<\/a>).<\/p>\n\n\n\n<p>\u2022 Es van seguir les instruccions d\u2019agafada i col\u00b7locaci\u00f3 descrites per <a href=\"#2\" class=\"ek-link\">Bal\u00e1\u0161 et al. (2014<\/a>); i <a href=\"#29\" class=\"ek-link\">Michailov et al. (2018)<\/a>.<\/p>\n\n\n\n<p>Aquestes van ser les caracter\u00edstiques espec\u00edfiques del protocol PIMA:<\/p>\n\n\n\n<p>\u2022 Una intensitat del 85% (<a href=\"#12\" class=\"ek-link\">Devise et al., 2022<\/a>; <a href=\"#23\">L\u00f3pez-Rivera, 2018<\/a>; <a href=\"#32\">P\u00e9rez, 2021<\/a>) calculada a partir dels newtons m\u00e0xims mesurats en l\u2019avaluaci\u00f3 pr\u00e8via.<\/p>\n\n\n\n<p>\u2022 Les s\u00e8ries van consistir en traccions de 10 segons amb tracci\u00f3 unilateral mantinguda amb dinam\u00f2metre (<a href=\"#3\" class=\"ek-link\">Bal\u00e1\u0161 et al., 2012<\/a>; <a href=\"#34\" class=\"ek-link\">Rokowski et al., 2021<\/a>).<\/p>\n\n\n\n<p>\u2022 Es van seguir les instruccions d\u2019agafada i col\u00b7locaci\u00f3 descrites per <a href=\"#17\" class=\"ek-link\">Giles et al. (2021)<\/a>. Ambd\u00f3s grups van realitzar la mateixa prova per a l\u2019avaluaci\u00f3 pr\u00e8via i la posterior.<\/p>\n\n\n\n<p>L\u2019ordre de les proves utilitzades per a l\u2019avaluaci\u00f3 va ser el seg\u00fcent: TMS_14, PF, i pic de for\u00e7a m\u00e0xima i TDF. Hi va haver descansos de 5 minuts entre cada prova.<\/p>\n\n\n\n<p>Es va permetre l\u2019\u00fas de magnesi durant les proves i es va raspallar la regleta entre els participants.<\/p>\n\n\n\n<p>TMS_14: Temps m\u00e0xim de suspensi\u00f3 amb ambdues mans (<a href=\"#4\" class=\"ek-link\">Bergua et al., 2018<\/a>) mesurat en una regleta de 14 mm de gruix, fins que l\u2019escalador va perdre el contacte d\u2019algun dit amb la presa, va flexionar els bra\u00e7os o els malucs o va estendre les espatlles. Nom\u00e9s es va fer un mesurament (<a href=\"#18\" class=\"ek-link\">Hermans et al., 2022<\/a>).<\/p>\n\n\n\n<p>PF: Llast m\u00e0xim que es va suportar en suspensi\u00f3 amb ambdues mans durant 5 s (<a href=\"#24\" class=\"ek-link\">L\u00f3pez-Rivera i Gonz\u00e1lez-Badillo, 2012<\/a>, <a href=\"#25\" class=\"ek-link\">2019<\/a>) mesurat en una regleta de 14 mm de gruix. El pes m\u00e0xim suportat es va trobar mitjan\u00e7ant el nombre m\u00ednim d\u2019intents, i es van permetre descansos d\u2019un m\u00ednim de 3 min entre cada intent. Es va utilitzar la PF per calcular les c\u00e0rregues d\u2019entrenament del GC, el 85% del pes m\u00e0xim (pes corporal + llast).<\/p>\n\n\n\n<p>For\u00e7a m\u00e0xima i TDF amb cada m\u00e0: Es va mesurar amb el dinam\u00f2metre mitjan\u00e7ant una tracci\u00f3 m\u00e0xima (contracci\u00f3 volunt\u00e0ria m\u00e0xima) (<a href=\"#21\" class=\"ek-link\">Levernier i Laffeye, 2019<\/a>). Despr\u00e9s de la frase \u201cestira tan r\u00e0pid i fort com puguis\u201d (<a href=\"#26\" class=\"ek-link\">Maffiuletti et al., 2016<\/a>), i amb un compte enrere, cada participant va registrar el valor m\u00e0xim de for\u00e7a i TDF200ms que va poder. Es van realitzar 3 intents amb 1 min de descans entre ells. A partir dels valors mitjans de for\u00e7a registrats, es van ajustar les c\u00e0rregues de cada m\u00e0 per al grup del dinam\u00f2metre, calculant el 85% dels newtons assolits i arrodonint a la desena m\u00e9s pr\u00f2xima.<\/p>\n\n\n\n<p>Es van registrar el valor m\u00e0xim de la for\u00e7a m\u00e0xima (Hermans et al., 2022), la mitjana dels 3 intents i la mitjana de les TDF (Maffiuletti et al., 2016).<\/p>\n\n\n\n<p>Es va permetre un per\u00edode de descans de 5 minuts entre cada prova i despr\u00e9s de l\u2019escalfament.&nbsp;<\/p>\n\n\n\n<p>Es va utilitzar el dinam\u00f2metre <a href=\"#8\" class=\"ek-link\">Chronojump Boscosystem<\/a>, que ha estat validat (<a href=\"#5\" class=\"ek-link\">de Blas et al., 2012<\/a>) i fins i tot utilitzat per validar altres instruments (<a href=\"#16\" class=\"ek-link\">Gaudet i Handrigan, 2020<\/a>). A la Taula 4 es mostren les principals caracter\u00edstiques de l\u2019instrument.&nbsp;<\/p>\n\n\n\n<div id=\"volver1610404\" class=\"wp-block-group ver-tabla is-layout-flow wp-block-group-is-layout-flow\"><div class=\"wp-block-group__inner-container\">\n<div class=\"wp-block-columns is-layout-flex wp-container-15 wp-block-columns-is-layout-flex\" id=\"volver1540601\">\n<div class=\"wp-block-column is-layout-flow wp-block-column-is-layout-flow\">\n<figure class=\"wp-block-image size-large no-figura\"><img decoding=\"async\" loading=\"lazy\" width=\"650\" height=\"467\" src=\"https:\/\/revista-apunts.com\/wp-content\/uploads\/2020\/06\/taula.png\" alt=\"\" class=\"wp-image-2236\" srcset=\"https:\/\/revista-apunts.com\/wp-content\/uploads\/2020\/06\/taula.png 650w, https:\/\/revista-apunts.com\/wp-content\/uploads\/2020\/06\/taula-300x216.png 300w\" sizes=\"(max-width: 650px) 100vw, 650px\" \/><\/figure>\n<\/div>\n\n\n\n<div class=\"wp-block-column is-layout-flow wp-block-column-is-layout-flow\">\n<p id=\"volver1460303\"><strong>Taula 4<\/strong><\/p>\n\n\n\n<p><em>Especificacions del sensor de for\u00e7a utilitzat (Chronojump Boscosystem)<\/em><\/p>\n\n\n\n<p class=\"has-text-align-right\" id=\"volver1540601\"><a href=\"https:\/\/revista-apunts.com\/ca\/tablas\/tabla-4-161-04\/\" class=\"ek-link\">Veure Taula<\/a><\/p>\n<\/div>\n<\/div>\n<\/div><\/div>\n\n\n\n<p>Abans d\u2019utilitzar l\u2019aparell, es va calibrar tal com es descriu al manual de l\u2019usuari (<a href=\"#14\" class=\"ek-link\">Foix i Padull, 2021<\/a>).<\/p>\n\n\n\n<p>Per a la recollida i l\u2019an\u00e0lisi de les dades, es va utilitzar el programari del dispositiu <a href=\"#8\" class=\"ek-link\">Chronojump Boscosystem<\/a>, versi\u00f3 2.3.0. El programari es pot descarregar gratu\u00eftament a la seva p\u00e0gina web.<\/p>\n\n\n\n<p>Per extreure els valors de for\u00e7a m\u00e0xima i TDF200ms, es va utilitzar la funci\u00f3 modelada que ofereix el programari per garantir que els valors variessin menys entre cada un dels mesuraments (<a href=\"#32\" class=\"ek-link\">P\u00e9rez; 2021<\/a>). Per calcular les dades, es va prendre com a punt inicial el que en la tangent de la TDF m\u00e0xima intersecava l\u2019eix x; i com a punt final, el suggerit per l\u2019aplicaci\u00f3, que correspon al moment en qu\u00e8 la for\u00e7a m\u00e0xima es mant\u00e9 estable durant 1 s. Amb aquest procediment s\u2019obtenen dades v\u00e0lides en les quals l\u2019error \u00e9s inferior al 5%.<\/p>\n\n\n\n<h3 class=\"wp-block-heading\"><strong>An\u00e0lisi estad\u00edstica<\/strong><\/h3>\n\n\n\n<p>L\u2019an\u00e0lisi estad\u00edstica es va realitzar amb el paquet d\u2019an\u00e0lisi de dades SPSS per a Windows versi\u00f3 27.0; IBM, Armonk, NY, EUA. Es va dur a terme un estudi de la mostra mitjan\u00e7ant diverses funcions estad\u00edstiques descriptives, com la mitjana i la desviaci\u00f3 t\u00edpica.<\/p>\n\n\n\n<p>Quant a les dades obtingudes durant l\u2019estudi (mesuraments previs i posteriors de les variables dependents descrites en l\u2019apartat anterior), es van utilitzar les mitjanes obtingudes de tots els mesuraments fets, que van ser tres en tots els casos excepte per a la PF i la prova TMS_14, en els quals nom\u00e9s es va utilitzar un mesurament, el que presentava els valors m\u00e9s alts. Els sup\u00f2sits de normalitat es van comprovar amb la prova de Shapiro-Wilk.<\/p>\n\n\n\n<p>Una vegada confirmada la normalitat de cada un dels grups en qu\u00e8 es va dividir la mostra, es va utilitzar una prova ANOVA mixta de dos factors (Taula 5); es va proposar el temps com a factor intraparticipant (proves pr\u00e8vies i posteriors) i els grups (GC i GD) com a factor interparticipant. Amb aquesta prova va ser possible comparar l\u2019efecte del tipus d\u2019entrenament, la difer\u00e8ncia entre grups i la interacci\u00f3 entre el tipus d\u2019entrenament i la difer\u00e8ncia entre grups. La mida de l\u2019efecte es va avaluar mitjan\u00e7ant el valor eta al quadrat (\u03b7),<sup>2<\/sup> tal com s\u2019especifica en estudis anteriors (<a href=\"#15\" class=\"ek-link\">Fritz et al., 2012<\/a>). La mida de l\u2019efecte es va determinar en funci\u00f3 dels valors recomanats a l\u2019article de <a href=\"#7\" class=\"ek-link\">C\u00e1rdenas Castro i Arancibia Martini (2014)<\/a>; establint un efecte petit \u03b7<sup>2<\/sup>&nbsp;=&nbsp;.01, un efecte mitj\u00e0 \u03b7<sup>2<\/sup>&nbsp;=&nbsp;.06, i un efecte gran \u03b7<sup>2<\/sup>&nbsp;=&nbsp;.14<\/p>\n\n\n\n<p>Es va realitzar la prova <em>post hoc<\/em> de Bonferroni per analitzar les comparacions per parells. El nivell de significaci\u00f3 per a totes les comparacions es va fixar en <em>p&nbsp;<\/em>\u2264.05.<\/p>\n\n\n\n<p>Com a an\u00e0lisi secund\u00e0ria, es va estudiar la difer\u00e8ncia de for\u00e7a entre les mans mitjan\u00e7ant una prova T per a mostres aparellades. Aix\u00ed mateix, es va estudiar l\u2019evoluci\u00f3 d\u2019aquestes difer\u00e8ncies en funci\u00f3 del m\u00e8tode d\u2019entrenament utilitzat, fent servir la difer\u00e8ncia entre les mitjanes d\u2019ambdues mans.<\/p>\n\n\n\n<h2 class=\"wp-block-heading\"><strong>Resultats<\/strong><\/h2>\n\n\n\n<p>A la Taula 5 es mostren l\u2019efecte del tipus d\u2019entrenament, la difer\u00e8ncia entre grups i la interacci\u00f3 entre el tipus d\u2019entrenament i la difer\u00e8ncia entre grups.<\/p>\n\n\n\n<div id=\"volver1610405\" class=\"wp-block-group ver-tabla is-layout-flow wp-block-group-is-layout-flow\"><div class=\"wp-block-group__inner-container\">\n<div class=\"wp-block-columns is-layout-flex wp-container-19 wp-block-columns-is-layout-flex\" id=\"volver1540601\">\n<div class=\"wp-block-column is-layout-flow wp-block-column-is-layout-flow\">\n<figure class=\"wp-block-image size-large no-figura\"><img decoding=\"async\" loading=\"lazy\" width=\"650\" height=\"467\" src=\"https:\/\/revista-apunts.com\/wp-content\/uploads\/2020\/06\/taula.png\" alt=\"\" class=\"wp-image-2236\" srcset=\"https:\/\/revista-apunts.com\/wp-content\/uploads\/2020\/06\/taula.png 650w, https:\/\/revista-apunts.com\/wp-content\/uploads\/2020\/06\/taula-300x216.png 300w\" sizes=\"(max-width: 650px) 100vw, 650px\" \/><\/figure>\n<\/div>\n\n\n\n<div class=\"wp-block-column is-layout-flow wp-block-column-is-layout-flow\">\n<p id=\"volver1460303\"><strong>Taula 5<\/strong><\/p>\n\n\n\n<p><em>Resultats obtinguts en cada una de les intervencions, en les proves pr\u00e8vies i en les posteriors, per a cada un dels grups, GC i GD<\/em><\/p>\n\n\n\n<p class=\"has-text-align-right\" id=\"volver1540601\"><a href=\"https:\/\/revista-apunts.com\/ca\/tablas\/tabla-5-161-04\/\" class=\"ek-link\">Veure Taula<\/a><\/p>\n<\/div>\n<\/div>\n<\/div><\/div>\n\n\n\n<p>S\u2019han trobat difer\u00e8ncies significatives entre els resultats previs i posteriors per a totes les variables (totes les proves) i per a tots els grups. Vam observar una mida de l\u2019efecte entre mitj\u00e0 i gran en les proves TMS_14 (.242) i en el mesurament de la for\u00e7a m\u00e0xima per a la m\u00e0 no dominant (.081). Es van observar mides de l\u2019efecte entre petites i mitjans per a les PF (.034), aix\u00ed com per al mesurament de la for\u00e7a m\u00e0xima de la m\u00e0 dominant (.045). Les mides de l\u2019efecte en els mesuraments de la TDF per a la m\u00e0 dominant i no dominant van ser molt petites (.001 i .008 respectivament). A la Taula 6 es mostra la comparaci\u00f3 de la for\u00e7a m\u00e0xima i la TDF de la m\u00e0 dominant i no dominant, per a cada grup d\u2019entrenament i abans i despr\u00e9s de l\u2019entrenament.&nbsp;<\/p>\n\n\n\n<div id=\"volver1610406\" class=\"wp-block-group ver-tabla is-layout-flow wp-block-group-is-layout-flow\"><div class=\"wp-block-group__inner-container\">\n<div class=\"wp-block-columns is-layout-flex wp-container-23 wp-block-columns-is-layout-flex\" id=\"volver1540601\">\n<div class=\"wp-block-column is-layout-flow wp-block-column-is-layout-flow\">\n<figure class=\"wp-block-image size-large no-figura\"><img decoding=\"async\" loading=\"lazy\" width=\"650\" height=\"467\" src=\"https:\/\/revista-apunts.com\/wp-content\/uploads\/2020\/06\/taula.png\" alt=\"\" class=\"wp-image-2236\" srcset=\"https:\/\/revista-apunts.com\/wp-content\/uploads\/2020\/06\/taula.png 650w, https:\/\/revista-apunts.com\/wp-content\/uploads\/2020\/06\/taula-300x216.png 300w\" sizes=\"(max-width: 650px) 100vw, 650px\" \/><\/figure>\n<\/div>\n\n\n\n<div class=\"wp-block-column is-layout-flow wp-block-column-is-layout-flow\">\n<p id=\"volver1460303\"><strong>Taula 6<\/strong><\/p>\n\n\n\n<p><em>Resultats obtinguts en la prova T per a mostres relacionades en la comparaci\u00f3 de diferents variables en funci\u00f3 de la m\u00e0 utilitzada. An\u00e0lisi realitzada sobre la mostra total i per grups<\/em><\/p>\n\n\n\n<p class=\"has-text-align-right\" id=\"volver1540601\"><a href=\"https:\/\/revista-apunts.com\/ca\/tablas\/tabla-6-161-04\/\" class=\"ek-link\">Veure Taula<\/a><\/p>\n<\/div>\n<\/div>\n<\/div><\/div>\n\n\n\n<p>No es van trobar difer\u00e8ncies significatives entre les mans en cap de les an\u00e0lisis realitzades. Malgrat no trobar significaci\u00f3, la difer\u00e8ncia entre les mans va ser del 5.52% en les proves pr\u00e8vies i posteriors i del 3.90% en les proves posteriors, per a la mostra general. La m\u00e0 dominant va obtenir millors resultats en totes les proves, excepte per a la TDF pr\u00e8via.<\/p>\n\n\n\n<h2 class=\"wp-block-heading\"><strong>Discussi\u00f3<\/strong><\/h2>\n\n\n\n<p>L\u2019objectiu principal del present estudi era comparar els efectes de dos m\u00e8todes d\u2019entrenament de la for\u00e7a d\u2019agafada (l\u2019entrenament tradicional amb suspensi\u00f3, HIMA i l\u2019entrenament de tracci\u00f3 activa amb dinam\u00f2metre, PIMA) sobre els indicadors clau del rendiment en escalada: for\u00e7a m\u00e0xima d\u2019agafada, TDF, PF i TMS_14.<\/p>\n\n\n\n<p>Es va complir la hip\u00f2tesi principal. Ambd\u00f3s entrenaments, el tradicional amb suspensi\u00f3 i el de traccions actives amb dinam\u00f2metre, s\u00f3n efica\u00e7os a l\u2019hora de millorar significativament tots els indicadors clau del rendiment en escalada (for\u00e7a d\u2019agafada m\u00e0xima, PF, TMS_14 i TDF).<\/p>\n\n\n\n<p>Les dades apunten millors resultats amb els m\u00e8todes d\u2019entrenament de traccions actives, per\u00f2 no \u00e9s possible extreure conclusions atesa la mida de la mostra utilitzada. Observem una mida de l\u2019efecte entre mitjana i gran en les proves TMS_14 (0.242) i en els mesuraments de for\u00e7a m\u00e0xima per a la m\u00e0 no dominant (.081). Una mostra m\u00e9s \u00e0mplia podria proporcionar m\u00e9s informaci\u00f3, que, al seu torn, podria seguir la tend\u00e8ncia que veiem en aquests resultats o no fer-ho, fet que permetria dilucidar aquest tema. L\u2019objectiu secundari d\u2019aquest treball era analitzar la difer\u00e8ncia en la for\u00e7a m\u00e0xima de cada m\u00e0 i veure com evolucionen aquestes difer\u00e8ncies amb cada una de les sessions d\u2019entrenament. La nostra hip\u00f2tesi era que l\u2019entrenament de la for\u00e7a d\u2019agafada mitjan\u00e7ant el m\u00e8tode actiu utilitzant el dispositiu Chronojump presentaria millors resultats. Aquesta hip\u00f2tesi no es va complir, ja que no trobem difer\u00e8ncies en les proves posteriors entre els grups d\u2019entrenament.&nbsp;<\/p>\n\n\n\n<p>Quant a les dades obtingudes en l\u2019estudi, ambd\u00f3s m\u00e8todes d\u2019entrenament van aconseguir millorar els indicadors clau del rendiment en escalada estudiats en quatre setmanes. Tal com s\u2019havia estudiat (<a href=\"#12\" class=\"ek-link\">Devise et al., 2022<\/a>; <a href=\"#21\" class=\"ek-link\">Levernier i Laffeye, 2019<\/a>; <a href=\"#24\" class=\"ek-link\">L\u00f3pez-Rivera i Gonz\u00e1lez-Badillo, 2012<\/a>) un programa d\u2019exercicis de quatre setmanes \u00e9s suficient per observar millores en la for\u00e7a d\u2019agafada. Respecte a les millores en la for\u00e7a m\u00e0xima, l\u2019estudi de <a href=\"#21\" class=\"ek-link\">Levernier i Laffeye (2019)<\/a> va utilitzar un entrenament d\u2019agafada amb una sola m\u00e0 i nom\u00e9s va observar millores amb un tipus d\u2019agafada i en una de les mans. Aquestes millores s\u00f3n menors que les trobades en el present estudi. Aix\u00f2 es pot deure a la menor durada de les suspensions (al voltant de 6 s) o a un nivell m\u00e9s elevat de la mostra (escaladors nacionals i internacionals).<\/p>\n\n\n\n<p>En el seu estudi de <a href=\"#18\" class=\"ek-link\">2022, Hermans et al. <\/a>van utilitzar l\u2019entrenament en suspensi\u00f3 i van trobar difer\u00e8ncies significatives en la for\u00e7a m\u00e0xima, igual com va succeir en el present estudi. Els participants van realitzar entrenaments en suspensi\u00f3 m\u00e9s curts (7 s) amb descansos m\u00e9s curts (3 s) dins de la mateixa s\u00e8rie. En aquest cas la intervenci\u00f3 va ser de 10 setmanes, amb un nivell de mostra a partir de la puntuaci\u00f3 11 en l\u2019escala IRCRA. La for\u00e7a m\u00e0xima es va mesurar en posici\u00f3 de dominada amb els bra\u00e7os flexionats a 90\u00ba. En un altre estudi (<a href=\"#12\" class=\"ek-link\">Devise et al., 2022<\/a>), es va utilitzar un dinam\u00f2metre tant per a les proves com per a l\u2019entrenament, per\u00f2 l\u2019entrenament de tracci\u00f3 es va fer amb les dues mans. Si ens fixem en els resultats obtinguts en les intensitats m\u00e9s properes a les del present estudi (entre el 80% i el 100%), es van observar millores significatives en la for\u00e7a m\u00e0xima, igual que en el present treball.<\/p>\n\n\n\n<p>Quant a les millores en la TDF, en l\u2019estudi de <a href=\"#21\" class=\"ek-link\">Levernier i Laffeye (2019)<\/a> i en el d\u2019<a href=\"#18\" class=\"ek-link\">Hermans et al. (2022)<\/a> s\u2019observen millores significatives, d\u2019acord amb els resultats obtinguts. <a href=\"#18\" class=\"ek-link\">Hermans et al. (2022)<\/a> van analitzar el temps m\u00e0xim en suspensi\u00f3 amb una regleta m\u00e9s gran, de 23 mm, i van trobar millores significatives, com en el present treball. En l\u2019estudi de <a href=\"#12\" class=\"ek-link\">Devise et al. (2022)<\/a>, la resist\u00e8ncia es va mesurar amb un protocol diferent del que vam utilitzar nosaltres, la qual cosa dificulta la comparaci\u00f3 dels seus resultats amb els obtinguts en el nostre treball.<\/p>\n\n\n\n<p>Pel que fa refer\u00e8ncia als nivells de for\u00e7a entre les mans, en el present estudi no es van trobar difer\u00e8ncies significatives. Malgrat aix\u00f2, la m\u00e0 dominant va ser la que va presentar nivells m\u00e9s alts en totes les proves excepte en els mesuraments previs de TDF. La m\u00e0 dominant va obtenir un 5.52% extra de for\u00e7a m\u00e0xima en els mesuraments previs, i un 3.90% en els mesuraments posteriors, en comparaci\u00f3 amb la m\u00e0 no dominant. A l\u2019article de <a href=\"#37\" class=\"ek-link\">Vujic et al. (2021)<\/a> tampoc no es van trobar difer\u00e8ncies significatives entre les mans, ja que aquestes van ser inferiors al 10%. En aquest cas tamb\u00e9 es van registrar nivells de for\u00e7a m\u00e9s elevats per a la m\u00e0 dominant. A l\u2019article de <a href=\"#21\" class=\"ek-link\">Levernier i Laffeye (2019)<\/a>, no es van trobar difer\u00e8ncies significatives entre les mans, i es van continuar registrant valors m\u00e9s alts per a la m\u00e0 dreta en tots els agafaments excepte en el d\u2019extensi\u00f3.&nbsp;<\/p>\n\n\n\n<p>En ambd\u00f3s estudis es van registrar valors mitjans de for\u00e7a d\u2019agafada superiors als del present estudi (320-380N). En l\u2019estudi de <a href=\"#37\" class=\"ek-link\">Vujic et al. (2021) <\/a>es van registrar al voltant de 550-580N en cada m\u00e0, amb una mostra del nivell 14-15 de l\u2019escala IRCRA, i en l\u2019estudi de <a href=\"#21\" class=\"ek-link\">Levernier i Laffeye (2019)<\/a>, es van registrar valors de 410-460N, amb una mostra del nivell 24-26. Ambd\u00f3s estudis van obtenir mesuraments utilitzant un dinam\u00f2metre manual. Aquestes difer\u00e8ncies podrien explicar-se per la difer\u00e8ncia de nivell entre les mostres (<a href=\"#1\" class=\"ek-link\">Assmann et al., 2021<\/a>), aix\u00ed com per les diferents maneres de calcular els nivells de for\u00e7a. S\u2019ha observat que aquests valors varien en funci\u00f3 de la superf\u00edcie i la profunditat (<a href=\"#4\" class=\"ek-link\">Bergua et al., 2018<\/a>).<\/p>\n\n\n\n<p>Quant a la hip\u00f2tesi secund\u00e0ria del treball \u201cl\u2019entrenament amb dinam\u00f2metre, en no ser bilateral, ajuda a reduir la difer\u00e8ncia entre les mans\u201d; les dades semblen confirmar la hip\u00f2tesi proposada, per\u00f2 els resultats s\u2019han d\u2019interpretar amb cautela. Es tracta d\u2019una an\u00e0lisi superficial en la qual nom\u00e9s s\u2019ha analitzat la difer\u00e8ncia de mitjanes pr\u00e8vies i posteriors entre les dues intervencions. A m\u00e9s, les difer\u00e8ncies trobades s\u00f3n petites.<\/p>\n\n\n\n<p>En l\u2019estudi de <a href=\"#21\" class=\"ek-link\">Levernier i Laffeye (2019)<\/a>, es va observar una tend\u00e8ncia a augmentar la difer\u00e8ncia entre les mans amb arqueig despr\u00e9s de l\u2019entrenament. En aquest cas, l\u2019entrenament que se segueix no \u00e9s bilateral, sin\u00f3 que fa servir la suspensi\u00f3, no traccions actives. Els resultats no mostren difer\u00e8ncies significatives (menys d\u2019un 10% de difer\u00e8ncia) entre les mans en escaladors de nivell intermedi-alt, encara que la m\u00e0 dreta tendeix a presentar valors de for\u00e7a superiors. Quant a la hip\u00f2tesi proposada, si b\u00e9 les dades del present estudi suggereixen que l\u2019entrenament amb traccions actives i un dinam\u00f2metre no bilateral podria ajudar a reduir la difer\u00e8ncia entre les mans, els resultats no s\u00f3n concloents i seria necessari un treball d\u2019investigaci\u00f3 m\u00e9s ampli.&nbsp;<\/p>\n\n\n\n<h2 class=\"wp-block-heading\"><strong>Conclusions<\/strong><\/h2>\n\n\n\n<p>En resposta a l\u2019objectiu principal, es conclou que tant l\u2019entrenament de la for\u00e7a d\u2019agafada amb traccions actives com l\u2019entrenament tradicional amb suspensi\u00f3 semblen ser m\u00e8todes efica\u00e7os per millorar els factors clau del rendiment en escalada en una mostra de nivell intermedi. Les millores en la for\u00e7a d\u2019agafada depenen tant del m\u00e8tode (tracci\u00f3 activa o suspensi\u00f3 tradicional) com del protocol establert (temps de suspensi\u00f3, intensitat&#8230;).<\/p>\n\n\n\n<p>En resposta a l\u2019objectiu secundari, es conclou que la difer\u00e8ncia de for\u00e7a entre la m\u00e0 dominant i la no dominant es redueix despr\u00e9s d\u2019aplicar un entrenament de tracci\u00f3 activa no bilateral amb dinam\u00f2metre. En la mostra del present estudi, aix\u00ed com en les mostres dels altres estudis analitzats, s\u2019observen difer\u00e8ncies no significatives (inferiors al 10%) entre els nivells de for\u00e7a de cada m\u00e0.<\/p>\n\n\n\n<p>Es pot assenyalar que no s\u2019han trobat estudis que comparin els resultats dels dos protocols proposats, i hi ha pocs articles en la literatura cient\u00edfica que proposin intervencions amb exercicis d\u2019escalada. Els que hi ha utilitzen m\u00e8todes i sistemes d\u2019entrenament molt diferents, per la qual cosa resulta molt complex comparar els resultats obtinguts en els diferents articles.<\/p>\n\n\n\n<p>Com a aplicaci\u00f3 pr\u00e0ctica, els entrenadors d\u2019escalada podrien utilitzar aquests coneixements per millorar la for\u00e7a d\u2019agafada dels seus esportistes en tan sols quatre setmanes.<\/p>\n\n\n\n<p>A m\u00e9s, aquest estudi suggereix que l\u2019\u00fas d\u2019una c\u00e8l\u00b7lula de c\u00e0rrega, concretament el dispositiu Chronojump, ajuda els entrenadors a quantificar la c\u00e0rrega d\u2019entrenament en tot moment, fet que permet personalitzar l\u2019entrenament dels escaladors per treure el m\u00e0xim partit al seu temps d\u2019entrenament.<\/p>\n\n\n\n<h2 class=\"wp-block-heading\"><strong>Limitacions de l\u2019estudi&nbsp;<\/strong><\/h2>\n\n\n\n<p>Una de les principals limitacions de l\u2019estudi va ser la redu\u00efda mida de la mostra, que ens va impedir extreure algunes conclusions dels resultats obtinguts, com la difer\u00e8ncia entre les mans. Un altre inconvenient va ser el nivell d\u2019escalada relativament baix dels participants, que potser hagi afectat les millores observades. Tanmateix, s\u2019ha de tenir en compte la dificultat d\u2019incorporar escaladors avan\u00e7ats disposats a realitzar un estudi experimental de quatre setmanes.<\/p>\n\n\n\n<p>A m\u00e9s, es podria haver recollit m\u00e9s informaci\u00f3 relacionada amb els h\u00e0bits d\u2019escalada dels participants.&nbsp;<\/p>\n\n\n\n<h2 class=\"wp-block-heading\"><strong>Estudis futurs<\/strong><\/h2>\n\n\n\n<p>Les futures l\u00ednies d\u2019investigaci\u00f3 haurien de plantejar l\u2019an\u00e0lisi dels dos m\u00e8todes a trav\u00e9s de mostres m\u00e9s \u00e0mplies d\u2019un nivell d\u2019escalada superior per explorar millor aquests resultats, especialment els efectes d\u2019ambd\u00f3s m\u00e8todes en la difer\u00e8ncia entre les mans. Aix\u00ed mateix, algunes podrien centrar-se a estudiar les difer\u00e8ncies a trav\u00e9s d\u2019una mostra femenina m\u00e9s \u00e0mplia. Finalment, podria ser interessant comparar escaladors de diferents disciplines com el bloc i l\u2019escalada esportiva.<\/p>\n\n\n\n<h2 class=\"wp-block-heading\"><strong>Finan\u00e7ament<\/strong><\/h2>\n\n\n\n<p>Aquest estudi ha estat finan\u00e7at per la Universitat Europea de Madrid mitjan\u00e7ant un projecte competitiu intern amb codi 2024\/UEM25.<\/p>\n","protected":false},"excerpt":{"rendered":"<p>Resum L\u2019objectiu d\u2019aquest estudi era comparar els efectes del m\u00e8tode tradicional de suspensi\u00f3 amb pes (HIMA) amb els del m\u00e8tode d\u2019entrenament de tracci\u00f3 activa amb dinam\u00f2metre (PIMA). A m\u00e9s, es va analitzar la difer\u00e8ncia de for\u00e7a entre les mans i la seva evoluci\u00f3 despr\u00e9s dels protocols proposats. Es van dividir onze escaladors aleat\u00f2riament en un [&hellip;]<\/p>\n","protected":false},"author":2,"featured_media":0,"comment_status":"closed","ping_status":"closed","sticky":false,"template":"","format":"standard","meta":{"_editorskit_title_hidden":false,"_editorskit_reading_time":0,"_editorskit_is_block_options_detached":false,"_editorskit_block_options_position":"{}","inline_featured_image":false,"advgb_blocks_editor_width":"","advgb_blocks_columns_visual_guide":"","footnotes":""},"categories":[48,48],"tags":[11219,3902,11218,11217,11994,11220],"author_meta":{"display_name":"finderwilber","author_link":"https:\/\/revista-apunts.com\/ca\/author\/finderwilber\/"},"featured_img":null,"coauthors":[],"tax_additional":{"categories":{"linked":["<a href=\"https:\/\/revista-apunts.com\/ca\/category\/entrenament-esportiu\/\" class=\"advgb-post-tax-term\">Entrenament esportiu<\/a>","<a href=\"https:\/\/revista-apunts.com\/ca\/category\/entrenament-esportiu\/\" class=\"advgb-post-tax-term\">Entrenament esportiu<\/a>"],"unlinked":["<span class=\"advgb-post-tax-term\">Entrenament esportiu<\/span>","<span class=\"advgb-post-tax-term\">Entrenament esportiu<\/span>"]},"tags":{"linked":["<a href=\"https:\/\/revista-apunts.com\/ca\/category\/entrenament-esportiu\/\" class=\"advgb-post-tax-term\">dinam\u00f2metre<\/a>","<a href=\"https:\/\/revista-apunts.com\/ca\/category\/entrenament-esportiu\/\" class=\"advgb-post-tax-term\">entrenament<\/a>","<a href=\"https:\/\/revista-apunts.com\/ca\/category\/entrenament-esportiu\/\" class=\"advgb-post-tax-term\">escalada esportiva<\/a>","<a href=\"https:\/\/revista-apunts.com\/ca\/category\/entrenament-esportiu\/\" class=\"advgb-post-tax-term\">for\u00e7a dels dits<\/a>","<a href=\"https:\/\/revista-apunts.com\/ca\/category\/entrenament-esportiu\/\" class=\"advgb-post-tax-term\">rendiment<\/a>","<a href=\"https:\/\/revista-apunts.com\/ca\/category\/entrenament-esportiu\/\" class=\"advgb-post-tax-term\">suspensi\u00f3<\/a>"],"unlinked":["<span class=\"advgb-post-tax-term\">dinam\u00f2metre<\/span>","<span class=\"advgb-post-tax-term\">entrenament<\/span>","<span class=\"advgb-post-tax-term\">escalada esportiva<\/span>","<span class=\"advgb-post-tax-term\">for\u00e7a dels dits<\/span>","<span class=\"advgb-post-tax-term\">rendiment<\/span>","<span class=\"advgb-post-tax-term\">suspensi\u00f3<\/span>"]}},"comment_count":"0","relative_dates":{"created":"Posted 1 any ago","modified":"Updated 10 mesos ago"},"absolute_dates":{"created":"Posted on 31 mar\u00e7 2025","modified":"Updated on 3 juliol 2025"},"absolute_dates_time":{"created":"Posted on 31 mar\u00e7 2025 21:32","modified":"Updated on 3 juliol 2025 11:01"},"featured_img_caption":"","series_order":"","_links":{"self":[{"href":"https:\/\/revista-apunts.com\/ca\/wp-json\/wp\/v2\/posts\/67647\/"}],"collection":[{"href":"https:\/\/revista-apunts.com\/ca\/wp-json\/wp\/v2\/posts\/"}],"about":[{"href":"https:\/\/revista-apunts.com\/ca\/wp-json\/wp\/v2\/types\/post\/"}],"author":[{"embeddable":true,"href":"https:\/\/revista-apunts.com\/ca\/wp-json\/wp\/v2\/users\/2\/"}],"replies":[{"embeddable":true,"href":"https:\/\/revista-apunts.com\/ca\/wp-json\/wp\/v2\/comments\/?post=67647"}],"version-history":[{"count":7,"href":"https:\/\/revista-apunts.com\/ca\/wp-json\/wp\/v2\/posts\/67647\/revisions\/"}],"predecessor-version":[{"id":68913,"href":"https:\/\/revista-apunts.com\/ca\/wp-json\/wp\/v2\/posts\/67647\/revisions\/68913\/"}],"wp:attachment":[{"href":"https:\/\/revista-apunts.com\/ca\/wp-json\/wp\/v2\/media\/?parent=67647"}],"wp:term":[{"taxonomy":"category","embeddable":true,"href":"https:\/\/revista-apunts.com\/ca\/wp-json\/wp\/v2\/categories\/?post=67647"},{"taxonomy":"post_tag","embeddable":true,"href":"https:\/\/revista-apunts.com\/ca\/wp-json\/wp\/v2\/tags\/?post=67647"}],"curies":[{"name":"wp","href":"https:\/\/api.w.org\/{rel}","templated":true}]}}