{"id":61946,"date":"2023-10-11T10:00:00","date_gmt":"2023-10-11T10:00:00","guid":{"rendered":"https:\/\/revista-apunts.com\/la-educacion-fisica-en-los-proyectos-de-innovacion-pedagogica-en-cataluna-durante-el-curso-2021-2022\/"},"modified":"2025-10-04T08:41:08","modified_gmt":"2025-10-04T08:41:08","slug":"leducacio-fisica-en-els-projectes-dinnovacio-pedagogica-a-catalunya-durant-el-curs-2021-2022","status":"publish","type":"post","link":"https:\/\/revista-apunts.com\/ca\/leducacio-fisica-en-els-projectes-dinnovacio-pedagogica-a-catalunya-durant-el-curs-2021-2022\/","title":{"rendered":"L\u2019Educaci\u00f3 F\u00edsica als projectes d\u2019innovaci\u00f3 pedag\u00f2gica a Catalunya durant el curs 2021-2022"},"content":{"rendered":"\n<h2 class=\"wp-block-heading\"><strong>Resum<\/strong><\/h2>\n\n\n\n<p>L\u2019inter\u00e8s de la comunitat educativa per millorar constantment les pr\u00e0ctiques docents ha propiciat la creaci\u00f3 de projectes d\u2019innovaci\u00f3 pedag\u00f2gica en diferents \u00e0mbits educatius. Malauradament, es desconeix la participaci\u00f3 de l\u2019Educaci\u00f3 F\u00edsica (EF) en aquests nous projectes. En el present estudi s\u2019ha determinat la participaci\u00f3 de l\u2019EF als projectes d\u2019innovaci\u00f3 del curs 2021-2022 a partir d\u2019un q\u00fcestionari i entrevistes a sis persones expertes en innovaci\u00f3 educativa i EF. La validaci\u00f3 del q\u00fcestionari es va fer seguint el m\u00e8tode Delphi, amb pilotatge i panel d\u2019experts posteriors, emprant el coeficient alfa de Cronbach per determinar-ne la fiabilitat. 232 especialistes d\u2019EF van respondre el q\u00fcestionari gr\u00e0cies a la difusi\u00f3 interna que va fer el Col\u00b7legi de Professionals de l\u2019Activitat F\u00edsica i l\u2019Esport de Catalunya (COPLEFC). Es va destacar una exist\u00e8ncia considerable de projectes transversals vinculats a l\u2019EF (el 62\u2006% d\u2019escoles en tenien, com a m\u00ednim, un), encara que en el 44.3\u2006% d\u2019aquests l\u2019\u00e0mbit tenia una import\u00e0ncia elevada en la participaci\u00f3. Es va detectar a una correlaci\u00f3 significativa (<em>p<\/em>&nbsp;&lt;&nbsp;.001) entre el nombre de projectes en qu\u00e8 l\u2019EF participava al centre educatiu i el seu pes de participaci\u00f3 dintre dels projectes, el qual era superior en els centres amb m\u00e9s projectes. Entre les conclusions es destaca que l\u2019esc\u00e0s foment del centre, les prioritats del Departament d\u2019Educaci\u00f3 desvinculades de l\u2019EF i la creaci\u00f3 de xarxes i espais dintre de la jornada laboral per a la generaci\u00f3 de nous projectes d\u2019EF poden ser les causes i les condicions per incrementar la pres\u00e8ncia de l\u2019EF als projectes d\u2019innovaci\u00f3.&nbsp;<\/p>\n\n\n <div class=\"tags\"> <p><strong>Paraules clau:<\/strong> <span>educaci\u00f3 f\u00edsica<\/span>, <span>innovaci\u00f3<\/span>, <span>projectes<\/span><\/p> <\/div> \n\n\n\n<h2 class=\"wp-block-heading\"><strong>Introducci\u00f3&nbsp;<\/strong><\/h2>\n\n\n\n<p>L\u2019emerg\u00e8ncia de nous problemes i necessitats en la comunitat educativa ha demanat superar el pragmatisme per desenvolupar respostes m\u00e9s complexes i basades en la innovaci\u00f3 (<a href=\"#21\" class=\"ek-link\">Palamarchuk et al., 2020<\/a>). Una de les \u00e0rees on s\u2019ha reclamat m\u00e9s innovaci\u00f3 \u00e9s l\u2019Educaci\u00f3 F\u00edsica (EF), per tal d\u2019abandonar la visi\u00f3 tradicional mecanicista i acr\u00edtica (<a href=\"#12\" class=\"ek-link\">Gil G\u00f3mez i Marav\u00e9 Vivas, 2018<\/a>) centrada en la finalitat de l\u2019entreteniment (<a href=\"#12\" class=\"ek-link\">Pastor et al., 2016<\/a>). Per aquest motiu, s\u2019ha perseguit una EF dirigida al desenvolupament integral de l\u2019alumnat i atenent les dimensions emocional, intel\u00b7lectual, social i f\u00edsica (<a href=\"#12\" class=\"ek-link\">Gil G\u00f3mez i Marav\u00e9 Vivas, 2018)<\/a>, tot a partir de pr\u00e0ctiques d\u2019activitat f\u00edsica m\u00e9s significatives (<a href=\"#24\" class=\"ek-link\">Prat et al., 2019<\/a>). Tot i aix\u00f2, hi ha una visi\u00f3 divergent que ha demanat reconsiderar la necessitat d\u2019innovar en l\u2019EF, tenint en compte les caracter\u00edstiques \u00faniques i exclusives de l\u2019\u00e0rea que la diferencien de la resta (<a href=\"#23\" class=\"ek-link\">P\u00e9rez i Hortig\u00fcela, 2020<\/a>). En aquest sentit, es reclama que la innovaci\u00f3 en l\u2019\u00e0rea se centri, principalment, a generar una millora de la qualitat educativa (<a href=\"#23\" class=\"ek-link\">P\u00e9rez i Hortig\u00fcela, 2020<\/a>; <a href=\"#25\" class=\"ek-link\">Sein-Echaluce et al., 2016<\/a>).\u00a0<\/p>\n\n\n\n<p>La innovaci\u00f3 a l\u2019\u00e0rea d\u2019EF s\u2019ha concentrat, entre d\u2019altres, en la creaci\u00f3 de projectes d\u2019innovaci\u00f3 educativa (<a href=\"#7\" class=\"ek-link\">Ca\u00f1abate et al., 2019<\/a>). Segons l\u2019<a href=\"#10\" class=\"ek-link\">Ordre ENS\/303\/2015 del Departament d\u2019Educaci\u00f3<\/a>, els projectes s\u00f3n una modalitat de la innovaci\u00f3 pedag\u00f2gica consistent en accions articulades on es concreten els objectius de millora derivats de les necessitats educatives detectades i que generen canvis sostinguts en el temps i fonamentats en la recerca pr\u00e8via. En l\u2019\u00e0rea d\u2019EF, les formes que han adoptat aquests projectes han estat variades i han at\u00e8s diferents \u00e0mbits d\u2019innovaci\u00f3, des de propostes did\u00e0ctiques que combinaven arts marcials i dansa per desenvolupar la compet\u00e8ncia social i ciutadana (<a href=\"#18\" class=\"ek-link\">Moneo et al., 2017<\/a>) fins a la creaci\u00f3 de jocs de simulaci\u00f3 esportiva que perseguien la millora de les capacitats psicol\u00f2giques espec\u00edfiques (<a href=\"#1\" class=\"ek-link\">Arribas-Galarraga et al., 2017<\/a>). Alguns projectes s\u2019han centrat a combinar models, com el de responsabilitat personal i social (MRPS) i la ludificaci\u00f3 en EF, demostrant un impacte positiu sobre la motivaci\u00f3, l\u2019autonomia i la responsabilitat de l\u2019alumnat (<a href=\"#28\" class=\"ek-link\">Valero-Valenzuela et al., 2020<\/a>). Tot i que el focus dels projectes no sempre est\u00e0 en la millora de les compet\u00e8ncies de l\u2019alumnat, fins al punt que s\u2019ha emprat el model MRPS per a la millora de les compet\u00e8ncies del mateix professorat (<a href=\"#6\" class=\"ek-link\">Camerino et al., 2019<\/a>).\u00a0<\/p>\n\n\n\n<p>De les propostes anteriors es destaca la incid\u00e8ncia sobre compet\u00e8ncies que no eren espec\u00edfiques a l\u2019\u00e0rea d\u2019EF. En aquesta l\u00ednia, l\u2019EF pot esdevenir un context idoni per desenvolupar les seves compet\u00e8ncies espec\u00edfiques, aix\u00ed com les pr\u00f2pies d\u2019altres \u00e0rees, tot a partir de la creaci\u00f3 de projectes transversals (<a href=\"#11\" class=\"ek-link\">Fuentes, 2019<\/a>). Les darreres aportacions en l\u2019\u00e0mbit de les neuroci\u00e8ncies ens suggereixen una estreta relaci\u00f3 entre la motricitat i la resta d\u2019aprenentatges no motrius (<a href=\"#26\" class=\"ek-link\">Tomporowski i Qazi, 2020<\/a>; <a href=\"#29\" class=\"ek-link\">Van der Fels et al., 2015<\/a>), i que els aprenentatges transversals, i que requereixen la participaci\u00f3 de m\u00e9s \u00e0rees del cervell, esdevenen m\u00e9s efica\u00e7os i resistents al temps (<a href=\"#4\" class=\"ek-link\">Bueno i Torrens i For\u00e9s Miravalles, 2021<\/a>).\u00a0<\/p>\n\n\n\n<p>Sense disposar de dades actualitzades i contrastades sobre la situaci\u00f3 actual de l\u2019\u00e0rea d\u2019EF en relaci\u00f3 amb la innovaci\u00f3 educativa, l\u2019objectiu de l\u2019estudi va ser determinar la pres\u00e8ncia de l\u2019EF als projectes d\u2019innovaci\u00f3 pedag\u00f2gica realitzats durant el curs 2021-2022 a Catalunya. Els objectius espec\u00edfics van ser:<\/p>\n\n\n\n<ol>\n<li>Determinar la distribuci\u00f3 dels projectes d\u2019innovaci\u00f3 segons el tipus de participaci\u00f3 de l\u2019\u00e0rea d\u2019EF. &nbsp;<\/li>\n\n\n\n<li>Identificar quines condicions afavoreixen l\u2019exist\u00e8ncia de projectes d\u2019innovaci\u00f3 vinculats a l\u2019\u00e0rea d\u2019EF. &nbsp;<\/li>\n\n\n\n<li>Identificar les expectatives del professorat especialista en EF sobre el futur de la pres\u00e8ncia de l\u2019\u00e0rea en els projectes d\u2019innovaci\u00f3 educativa.&nbsp;<\/li>\n<\/ol>\n\n\n\n<h2 class=\"wp-block-heading\"><strong>Metodologia<\/strong><\/h2>\n\n\n\n<p>L\u2019estudi va sorgir per iniciativa del Col\u00b7legi Oficial de Professionals de l\u2019Activitat F\u00edsica i l\u2019Esport de Catalunya (COPLEFC). S\u2019ha seguit una metodologia mixta i, per aquest motiu, el procediment es va dividir en dues fases. En primer lloc es va fer la cerca quantitativa en centres educatius de Catalunya a partir d\u2019un q\u00fcestionari espec\u00edficament dissenyat i validat per aplicar al professorat d\u2019EF. Posteriorment, es va dur a terme una cerca qualitativa a partir d\u2019entrevistes semiestructurades a persones representants de centres educatius seleccionats amb un nivell d\u2019expertesa contrastat sobre EF i innovaci\u00f3 educativa. A continuaci\u00f3 es dividir\u00e0 cada cerca en dues fases i se n\u2019explicitar\u00e0 el disseny metodol\u00f2gic.&nbsp;<\/p>\n\n\n\n<h3 class=\"wp-block-heading\"><strong>Fase 1 \u2013 Q\u00fcestionaris als centres educatius sobre el paper de l\u2019EF en la innovaci\u00f3 del centre<\/strong><\/h3>\n\n\n\n<h3 class=\"wp-block-heading\"><strong>Participants<\/strong><\/h3>\n\n\n\n<p>En aquest estudi hi van participar un total de 232 especialistes d\u2019EF que treballaven en 232 centres educatius diferents, de car\u00e0cter p\u00fablic, concertat o privat que recollien etapes de prim\u00e0ria, ESO, batxillerat i\/o cicles formatius de grau mitj\u00e0 i superior. Els participants van ser informats pr\u00e8viament respecte als prop\u00f2sits de la recerca i van respondre el q\u00fcestionari, que es va distribuir mitjan\u00e7ant les xarxes socials i el butllet\u00ed intern setmanal del COPLEFC. Es van seguir tots els est\u00e0ndards i directrius \u00e8tiques en recerca educativa i en l\u2019\u00e0mbit de les ci\u00e8ncies de l\u2019esport i l\u2019exercici (<a href=\"#3\" class=\"ek-link\">BERA, 2018<\/a>; <a href=\"#14\" class=\"ek-link\">Govil, 2013)<\/a>, aix\u00ed com els criteris de la Declaraci\u00f3 de H\u00e8lsinki i els codis d\u2019integritat de la recerca de la Universitat de Barcelona (<a href=\"#27\" class=\"ek-link\">Universitat de Barcelona, 2020<\/a>).\u00a0<\/p>\n\n\n\n<h3 class=\"wp-block-heading\"><strong>Procediment<\/strong><\/h3>\n\n\n\n<p>Es va dissenyar un q\u00fcestionari de 3 dimensions: 1) la pres\u00e8ncia de l\u2019EF en els projectes d\u2019innovaci\u00f3, 2) la valoraci\u00f3 de la participaci\u00f3 de l\u2019EF en els projectes en qu\u00e8 participava l\u2019\u00e0rea, i 3) el paper dels agents educatius respecte a la participaci\u00f3 de l\u2019EF en la innovaci\u00f3. Un total de 13 preguntes (les preguntes 1 a 3 d\u2019identificaci\u00f3; les preguntes 4, 6, 9 de la dimensi\u00f3 1; les preguntes 5, 7, 8, 10 de la dimensi\u00f3 2; les preguntes 11 a 13 de la dimensi\u00f3 3) van conformar el q\u00fcestionari.&nbsp;<\/p>\n\n\n\n<h3 class=\"wp-block-heading\"><strong>Validaci\u00f3 de l\u2019instrument<\/strong><\/h3>\n\n\n\n<p>Per assegurar la validesa del q\u00fcestionari es va seguir un m\u00e8tode Delphi (<a href=\"#9\" class=\"ek-link\">De Villiers et al., 2005<\/a>) seguint un proc\u00e9s similar a <a href=\"#19\" class=\"ek-link\">Monguillot et al. (2022)<\/a>:<\/p>\n\n\n\n<ul>\n<li>Les persones responsables de la recerca, 3 docents d\u2019EF amb experi\u00e8ncia en l\u2019EF escolar, van generar la primera versi\u00f3 del q\u00fcestionari (12 preguntes).&nbsp;<\/li>\n\n\n\n<li>Seguidament, a partir d\u2019una fase de pilotatge, es van proposar canvis d\u2019estructura i redacci\u00f3 de les preguntes 8 i 10 i es va crear la pregunta 13.&nbsp;<\/li>\n\n\n\n<li>2 persones expertes en metodologia qualitativa i amb experi\u00e8ncia en EF van determinar el grau de comprensi\u00f3 i adequaci\u00f3 de les 12 preguntes inicials a partir d\u2019una valoraci\u00f3 0-1. Es va obtenir una coincid\u00e8ncia del 83.3\u2006% i es va modificar la redacci\u00f3 de les preguntes 5 i 10.<\/li>\n\n\n\n<li>Es va crear un panel d\u2019experts docents d\u2019EF amb experi\u00e8ncia tant a prim\u00e0ria com a secund\u00e0ria per consultar la coher\u00e8ncia i pertinen\u00e7a de les preguntes a partir d\u2019una escala de l\u20191 al 4. Es va obtenir una valoraci\u00f3 mitjana de les preguntes de 3.36&nbsp;\u00b1&nbsp;0.2 sobre 4 i una valoraci\u00f3 mitjana del q\u00fcestionari de 3.69&nbsp;\u00b1&nbsp;0.3 sobre 4. Es va modificar la redacci\u00f3 de la pregunta 4 a l\u2019obtenir la menor puntuaci\u00f3 mitjana 3 sobre 4.&nbsp;<\/li>\n\n\n\n<li>Finalment, es va calcular el coeficient alfa de Cronbach de les preguntes no identificatives i centrals de l\u2019estudi (preguntes 5, 7 a 13) per valorar-ne la idone\u00eftat. Es va obtenir un valor de .751 i es va considerar acceptable at\u00e8s que era superior a alfa .700.&nbsp;<\/li>\n<\/ul>\n\n\n\n<h3 class=\"wp-block-heading\"><strong>An\u00e0lisi de dades &nbsp;<\/strong><\/h3>\n\n\n\n<p>Una vegada determinat el coeficient alfa de Cronbach, es van calcular els estad\u00edstics descriptius (mitjana i desviaci\u00f3 est\u00e0ndard), les freq\u00fc\u00e8ncies de cada variable i les correlacions bivariades de les variables (a partir de Pearson per a les variables quantitatives sim\u00e8triques i Spearman per a les variables quantitatives ordenades). Seguidament, es van elaborar taules creuades entre dues variables per a aquelles que havien mostrat correlacions significatives. Finalment, es va fer una reducci\u00f3 de dimensions factorial a partir d\u2019una matriu rotada de components per obtenir noves dimensions gr\u00e0cies a la combinaci\u00f3 de variables i es van calcular les freq\u00fc\u00e8ncies de les noves dimensions. El nivell de significaci\u00f3 estad\u00edstica es va establir en <em>p<\/em>&nbsp;&lt;&nbsp;.05 a les correlacions. Totes les an\u00e0lisis es van fer utilitzant el programari SPSS 27.0.<\/p>\n\n\n\n<h3 class=\"wp-block-heading\"><strong>Fase 2 \u2013 Entrevistes a persones expertes en innovaci\u00f3 educativa i EF<\/strong><\/h3>\n\n\n\n<p>Es van fer 6 entrevistes individuals a persones expertes en EF durant l\u2019any 2022. La selecci\u00f3 de les persones va ser intencionada per la seva vinculaci\u00f3 amb la innovaci\u00f3 a l\u2019\u00e0rea d\u2019EF. Les persones incloses tenien m\u00e9s de 8 anys d\u2019experi\u00e8ncia en doc\u00e8ncia en EF i estaven en actiu. Es va assegurar que 3 persones tenien experi\u00e8ncia a secund\u00e0ria i etapes postobligat\u00f2ries i 3 persones a prim\u00e0ria. Quatre persones eren doctores i impartien doc\u00e8ncia universit\u00e0ria vinculada amb l\u2019EF. Es va comptar amb una persona del Departament d\u2019Educaci\u00f3 experta en innovaci\u00f3 en l\u2019\u00e0rea d\u2019EF, amb dues persones encarregades de la coordinaci\u00f3 d\u2019innovaci\u00f3 en centres educatius i amb la directora d\u2019un centre educatiu d\u2019ensenyament secundari. L\u2019instrument utilitzat per recollir la informaci\u00f3 va ser l\u2019entrevista semiestructurada. Les cinc dimensions (i les seves categories) de les entrevistes van ser validades a partir de consultes a tres persones expertes en recerca qualitativa en EF. El procediment s\u2019iniciava amb la conformitat de les persones entrevistades i la fixaci\u00f3 posterior d\u2019una data i lloc per fer l\u2019entrevista. Un cop explicats els procediments i resolts els dubtes previs de les persones entrevistades, es van dur a terme les entrevistes. Es van gravar totes les converses amb una enregistradora sota consentiment de les persones entrevistades.&nbsp;<\/p>\n\n\n\n<h3 class=\"wp-block-heading\"><strong>An\u00e0lisi de dades&nbsp;<\/strong><\/h3>\n\n\n\n<p>Prenent com a refer\u00e8ncia la investigaci\u00f3 de <a href=\"#17\" class=\"ek-link\">Lobo-de-Diego et al. (2020)<\/a>, es va analitzar el contingut de la informaci\u00f3 extreta i es va identificar, reduir i agrupar a partir d\u2019una categoritzaci\u00f3 inductiva (taula 1) per establir relacions entre les categories a partir de xarxes. Les an\u00e0lisis es van fer amb el programa <a href=\"http:\/\/Atlas.ti\" class=\"ek-link\" target=\"_blank\" rel=\"noopener\">Atlas.ti<\/a> versi\u00f3 22.\u00a0<\/p>\n\n\n\n<div id=\"volver1510501\" class=\"wp-block-group ver-tabla is-layout-flow wp-block-group-is-layout-flow\"><div class=\"wp-block-group__inner-container\">\n<div class=\"wp-block-columns is-layout-flex wp-container-3 wp-block-columns-is-layout-flex\" id=\"volver1550201\">\n<div class=\"wp-block-column is-layout-flow wp-block-column-is-layout-flow\">\n<figure class=\"wp-block-image size-large no-figura\"><img decoding=\"async\" loading=\"lazy\" width=\"650\" height=\"467\" src=\"https:\/\/revista-apunts.com\/wp-content\/uploads\/2020\/06\/taula.png\" alt=\"\" class=\"wp-image-2236\" srcset=\"https:\/\/revista-apunts.com\/wp-content\/uploads\/2020\/06\/taula.png 650w, https:\/\/revista-apunts.com\/wp-content\/uploads\/2020\/06\/taula-300x216.png 300w\" sizes=\"(max-width: 650px) 100vw, 650px\" \/><\/figure>\n<\/div>\n\n\n\n<div class=\"wp-block-column is-layout-flow wp-block-column-is-layout-flow\">\n<p id=\"volver1460303\"><strong>Taula 1<\/strong><\/p>\n\n\n\n<p><em><em><em><em><em><em><em><em><em>Dimensions i categories per a l\u2019an\u00e0lisi de la informaci\u00f3.<\/em><\/em><\/em><\/em><\/em><\/em><\/em><\/em><\/em><\/p>\n\n\n\n<p class=\"has-text-align-right\" id=\"volver1540601\"><a href=\"https:\/\/revista-apunts.com\/ca\/tablas\/taula-1-155-02\/\" class=\"ek-link\">Veure Taula<\/a><\/p>\n<\/div>\n<\/div>\n<\/div><\/div>\n\n\n\n<h2 class=\"wp-block-heading\"><strong>Resultats<\/strong><\/h2>\n\n\n\n<p><strong>El q\u00fcestionari a l\u2019especialista d\u2019EF<\/strong><\/p>\n\n\n\n<p>Un total de 232 especialistes d\u2019EF van respondre el q\u00fcestionari (166 docents de centres educatius p\u00fablics; 63&nbsp;de centres concertats; 7 de centres privats). No es van trobar relacions significatives entre les respostes i la proced\u00e8ncia segons el tipus d\u2019escola. Dels 232 centres educatius recollits, el 90.5\u2006% de centres (<em>n<\/em>&nbsp;=&nbsp;210) tenien en actiu algun projecte d\u2019innovaci\u00f3.<\/p>\n\n\n\n<p><strong>La pres\u00e8ncia de l\u2019EF en la innovaci\u00f3 escolar &nbsp;<\/strong><\/p>\n\n\n\n<div id=\"volver1510501\" class=\"wp-block-group ver-tabla is-layout-flow wp-block-group-is-layout-flow\"><div class=\"wp-block-group__inner-container\">\n<div class=\"wp-block-columns is-layout-flex wp-container-7 wp-block-columns-is-layout-flex\" id=\"volver1550202\">\n<div class=\"wp-block-column is-layout-flow wp-block-column-is-layout-flow\">\n<figure class=\"wp-block-image size-large no-figura\"><img decoding=\"async\" loading=\"lazy\" width=\"650\" height=\"467\" src=\"https:\/\/revista-apunts.com\/wp-content\/uploads\/2020\/06\/taula.png\" alt=\"\" class=\"wp-image-2236\" srcset=\"https:\/\/revista-apunts.com\/wp-content\/uploads\/2020\/06\/taula.png 650w, https:\/\/revista-apunts.com\/wp-content\/uploads\/2020\/06\/taula-300x216.png 300w\" sizes=\"(max-width: 650px) 100vw, 650px\" \/><\/figure>\n<\/div>\n\n\n\n<div class=\"wp-block-column is-layout-flow wp-block-column-is-layout-flow\">\n<p id=\"volver1460303\"><strong>Taula 2<\/strong><\/p>\n\n\n\n<p><em><em><em><em><em><em><em><em><em>Relaci\u00f3 entre el nombre de projectes transversals on participa l\u2019EF i la import\u00e0ncia atribu\u00efda a l\u2019\u00e0rea en aquests projectes.<\/em><\/em><\/em><\/em><\/em><\/em><\/em><\/em><\/em><\/p>\n\n\n\n<p class=\"has-text-align-right\" id=\"volver1540601\"><a href=\"https:\/\/revista-apunts.com\/ca\/tablas\/taula-2-155-02\/\" class=\"ek-link\">Veure Taula<\/a><\/p>\n<\/div>\n<\/div>\n<\/div><\/div>\n\n\n\n<p>El 62\u2006% de centres tenien en actiu algun projecte d\u2019innovaci\u00f3 educativa transversal en qu\u00e8 participava l\u2019\u00e0rea d\u2019EF de manera conjunta amb altres \u00e0rees. D\u2019aquests centres, el 13.4\u2006% reportaven tenir tres o m\u00e9s projectes transversals vinculats a l\u2019EF en actiu (vegeu Taula 3).&nbsp;<\/p>\n\n\n\n<div id=\"volver1510501\" class=\"wp-block-group ver-tabla is-layout-flow wp-block-group-is-layout-flow\"><div class=\"wp-block-group__inner-container\">\n<div class=\"wp-block-columns is-layout-flex wp-container-11 wp-block-columns-is-layout-flex\" id=\"volver1550203\">\n<div class=\"wp-block-column is-layout-flow wp-block-column-is-layout-flow\">\n<figure class=\"wp-block-image size-large no-figura\"><img decoding=\"async\" loading=\"lazy\" width=\"650\" height=\"467\" src=\"https:\/\/revista-apunts.com\/wp-content\/uploads\/2020\/06\/taula.png\" alt=\"\" class=\"wp-image-2236\" srcset=\"https:\/\/revista-apunts.com\/wp-content\/uploads\/2020\/06\/taula.png 650w, https:\/\/revista-apunts.com\/wp-content\/uploads\/2020\/06\/taula-300x216.png 300w\" sizes=\"(max-width: 650px) 100vw, 650px\" \/><\/figure>\n<\/div>\n\n\n\n<div class=\"wp-block-column is-layout-flow wp-block-column-is-layout-flow\">\n<p id=\"volver1460303\"><strong>Taula 3<\/strong><\/p>\n\n\n\n<p><em><em><em><em><em><em><em><em><em>Relaci\u00f3 del nombre de projectes transversals on participa l\u2019EF i els projectes espec\u00edfics de l\u2019\u00e0rea d\u2019EF.<\/em><\/em><\/em><\/em><\/em><\/em><\/em><\/em><\/em><\/p>\n\n\n\n<p class=\"has-text-align-right\" id=\"volver1540601\"><a href=\"https:\/\/revista-apunts.com\/ca\/tablas\/taula-3-155-02\/\" class=\"ek-link\">Veure Taula<\/a><\/p>\n<\/div>\n<\/div>\n<\/div><\/div>\n\n\n\n<p>M\u00e9s enll\u00e0 de la participaci\u00f3 en el projecte, es va preguntar a l\u2019especialista quin pes i import\u00e0ncia se li atorgava a l\u2019EF en el projecte d\u2019innovaci\u00f3 transversal. Es va trobar una correlaci\u00f3 significativa (r<sub>s<\/sub>&nbsp;=&nbsp;.222; <em>p<\/em>&nbsp;=&nbsp;.011) entre el nombre de projectes en qu\u00e8 l\u2019EF participava en el centre educatiu i el seu pes de participaci\u00f3 dintre dels projectes. A les escoles on es feien menys projectes transversals en qu\u00e8 participava l\u2019EF, la import\u00e0ncia de l\u2019\u00e0rea en els projectes era m\u00e9s redu\u00efda que a les escoles on l\u2019EF participava en m\u00e9s projectes (vegeu Taula 2). En el 44.3\u2006% de projectes transversals, l\u2019EF hi tenia un pes de participaci\u00f3 destacat.&nbsp;<\/p>\n\n\n\n<p>M\u00e9s enll\u00e0 dels projectes d\u2019innovaci\u00f3 transversals, es va consultar l\u2019especialista pel nombre de projectes espec\u00edfics de l\u2019\u00e0rea d\u2019EF. Es destaca que m\u00e9s de la meitat (51.9\u2006%) de centres no tenia cap projecte exclusiu de l\u2019\u00e0rea, mentre que el 17.1\u2006% de centres en tenia m\u00e9s d\u2019un. &nbsp;<\/p>\n\n\n\n<p>Es va trobar una correlaci\u00f3 significativa entre el nombre de projectes d\u2019innovaci\u00f3 que feien els centres educatius i el nombre de projectes on participava l\u2019EF, ja fos de manera transversal o espec\u00edfica. La majoria de projectes vinculats a l\u2019\u00e0rea d\u2019EF (48.5\u2006%) es van crear en centres educatius que feien quatre o m\u00e9s projectes d\u2019innovaci\u00f3 educativa&nbsp; (r<sub>p<\/sub>&nbsp;=&nbsp;.474; <em>p<\/em>&nbsp;&lt;&nbsp;.001).&nbsp;<\/p>\n\n\n\n<p><strong>Aspectes que condicionen la implicaci\u00f3 de l\u2019EF en els projectes d\u2019innovaci\u00f3 educativa<\/strong><\/p>\n\n\n\n<p>Es va plantejar a l\u2019especialista d\u2019EF quin paper tenia tant el centre com la implicaci\u00f3 del professorat mateix en la creaci\u00f3 de nous projectes on particip\u00e9s l\u2019\u00e0rea d\u2019EF (vegeu Taula 4). Seguidament, es va analitzar la relaci\u00f3 entre el suport del centre i la implicaci\u00f3 de l\u2019especialista i es va destacar una correlaci\u00f3 significativa entre les dues variables (r<sub>s<\/sub>&nbsp;=&nbsp;.537; <em>p<\/em>&nbsp;&lt;&nbsp;.001). A les escoles on el foment que feia el centre per a la creaci\u00f3 de projectes vinculats a l\u2019EF era el m\u00e9s baix, el 54.5\u2006% d\u2019especialistes no s\u2019implicaven prou en la creaci\u00f3 d\u2019aquests projectes. En canvi, a les escoles on el foment que es feia des del centre era el m\u00e0xim, el 100\u2006% d\u2019especialistes s\u2019implicaven de manera elevada.&nbsp;<\/p>\n\n\n\n<div id=\"volver1510501\" class=\"wp-block-group ver-tabla is-layout-flow wp-block-group-is-layout-flow\"><div class=\"wp-block-group__inner-container\">\n<div class=\"wp-block-columns is-layout-flex wp-container-15 wp-block-columns-is-layout-flex\" id=\"volver1550204\">\n<div class=\"wp-block-column is-layout-flow wp-block-column-is-layout-flow\">\n<figure class=\"wp-block-image size-large no-figura\"><img decoding=\"async\" loading=\"lazy\" width=\"650\" height=\"467\" src=\"https:\/\/revista-apunts.com\/wp-content\/uploads\/2020\/06\/taula.png\" alt=\"\" class=\"wp-image-2236\" srcset=\"https:\/\/revista-apunts.com\/wp-content\/uploads\/2020\/06\/taula.png 650w, https:\/\/revista-apunts.com\/wp-content\/uploads\/2020\/06\/taula-300x216.png 300w\" sizes=\"(max-width: 650px) 100vw, 650px\" \/><\/figure>\n<\/div>\n\n\n\n<div class=\"wp-block-column is-layout-flow wp-block-column-is-layout-flow\">\n<p id=\"volver1460303\"><strong>Taula 4<\/strong><\/p>\n\n\n\n<p><em><em><em><em><em><em><em><em><em>Freq\u00fc\u00e8ncia i percentatge del foment del centre i la implicaci\u00f3 de l\u2019especialista per crear projectes d\u2019innovaci\u00f3 vinculats a l\u2019\u00e0rea d\u2019EF.<\/em><\/em><\/em><\/em><\/em><\/em><\/em><\/em><\/em><\/p>\n\n\n\n<p class=\"has-text-align-right\" id=\"volver1540601\"><a href=\"https:\/\/revista-apunts.com\/ca\/tablas\/taula-4-155-02\/\" class=\"ek-link\">Veure Taula<\/a><\/p>\n<\/div>\n<\/div>\n<\/div><\/div>\n\n\n\n<p>En relaci\u00f3 amb la valoraci\u00f3 dels projectes es va plantejar a l\u2019especialista d\u2019EF la seva pertinen\u00e7a, utilitat i qualitat educativa. El 77.2\u2006% de les persones enquestades va fer una valoraci\u00f3 positiva dels projectes en qu\u00e8 participava l\u2019EF i es va trobar correlaci\u00f3 significativa entre la valoraci\u00f3 i el nombre de projectes vinculats a l\u2019EF que tenia el centre (r<sub>s<\/sub>&nbsp;=&nbsp;.183; <em>p<\/em>&nbsp;=&nbsp;.019). En relaci\u00f3 amb la valoraci\u00f3 del professorat d\u2019EF, es va crear una nova categoria a partir d\u2019una matriu de components rotada vinculada a l\u2019\u00e8xit percebut del proc\u00e9s d\u2019innovaci\u00f3 a l\u2019escola en relaci\u00f3 amb l\u2019EF. Els resultats van mostrar que el 81.9\u2006% d\u2019especialistes creien que l\u2019\u00e8xit del proc\u00e9s d\u2019innovaci\u00f3 vinculada a l\u2019\u00e0rea d\u2019EF era elevat.<\/p>\n\n\n\n<p><strong>Escenaris futurs en relaci\u00f3 amb la pres\u00e8ncia de l\u2019EF en els projectes d\u2019innovaci\u00f3&nbsp;<\/strong><\/p>\n\n\n\n<p>Es va crear una nova dimensi\u00f3 a partir d\u2019una matriu de components rotada per calcular quina participaci\u00f3 de l\u2019EF es reclama en el proc\u00e9s d\u2019innovaci\u00f3 escolar, sobre la base de les demandes actuals i futures que feia l\u2019especialista. Es destaca que el 91.2\u2006% d\u2019especialistes reclamava una pres\u00e8ncia elevada de l\u2019EF en la innovaci\u00f3 de l\u2019escola del futur. En relaci\u00f3 amb el pes desitjat, es va trobar una correlaci\u00f3 estad\u00edsticament significativa entre el pes actual de l\u2019EF en els projectes d\u2019innovaci\u00f3 interdisciplinaris i el pes reclamat pel professorat d\u2019EF de cara al futur (r<sub>s<\/sub>&nbsp;=&nbsp;.263; <em>p<\/em>&nbsp;=&nbsp;.002). A les escoles on el pes de l\u2019EF en els projectes d\u2019innovaci\u00f3 era inexistent, el 65.2\u2006% d\u2019especialistes reclamava un pes m\u00e9s important o crucial de l\u2019\u00e0rea en aquests projectes, mentre que a les escoles on el pes de l\u2019EF en els projectes era elevat o el m\u00e0xim, el 100\u2006% del professorat defensava que s\u2019havia de mantenir elevat o augmentar al m\u00e0xim possible en el futur.<\/p>\n\n\n\n<p><strong>Entrevistes a persones expertes en Educaci\u00f3 F\u00edsica<\/strong><\/p>\n\n\n\n<p>L\u2019an\u00e0lisi de les entrevistes a partir del programa <a href=\"http:\/\/Atlas.ti\" target=\"_blank\" rel=\"noopener\">Atlas.ti<\/a> va generar un total de 19 codis, que es van agrupar en 4 fam\u00edlies diferents (vegeu Figura 1). Les quatre fam\u00edlies de codis es van recollir a totes les entrevistes. La fam\u00edlia que m\u00e9s va apar\u00e8ixer van ser els motius pels quals no es creen m\u00e9s projectes d\u2019innovaci\u00f3 vinculats a l\u2019\u00e0rea&nbsp; (fr&nbsp;=&nbsp;38;\u2006%&nbsp;=&nbsp;30.4), entre els quals es van destacar a) les prioritats del Departament d\u2019Educaci\u00f3 \u2014desvinculades de l\u2019EF\u2014 (fr&nbsp;=&nbsp;12;\u2006%&nbsp;=&nbsp;9.6) i b)&nbsp;les hores d\u2019EF \u2014que es van considerar insuficients segons totes les persones entrevistades\u2014 (fr&nbsp;=&nbsp;9;\u2006%&nbsp;=&nbsp;7.2). De fet, la tercera paraula que m\u00e9s va apar\u00e8ixer a totes les entrevistes va ser \u201chores\u201d, per darrere de \u201cprojecte\u201d i \u201cEducaci\u00f3 F\u00edsica\u201d. La coincid\u00e8ncia m\u00e9s gran entre les persones entrevistades va ser a l\u2019hora de manifestar la import\u00e0ncia de la implicaci\u00f3 i predisposici\u00f3 de l\u2019especialista d\u2019EF per crear nous projectes (fr&nbsp;=&nbsp;16;\u2006%&nbsp;=&nbsp;12.8), aix\u00ed com destacar l\u2019elevada creaci\u00f3 de projectes transversals vinculats a l\u2019EF (fr&nbsp;=&nbsp;22;\u2006%&nbsp;=&nbsp;17.6).<\/p>\n\n\n\n<figure class=\"wp-block-image size-large\"><img decoding=\"async\" src=\"https:\/\/revista-apunts.com\/wp-content\/uploads\/2023\/12\/FIGURA-1-155-02-CAT.jpg\" alt=\"\"\/><figcaption class=\"wp-element-caption\"><em>Xarxa conceptual dels codis i fam\u00edlies extrets a les entrevistes.&nbsp;<\/em><\/figcaption><\/figure>\n\n\n\n<p>Pel que fa a les condicions que afavorien la creaci\u00f3 de projectes innovadors amb participaci\u00f3 de l\u2019EF, es destacaven com a indispensables la creaci\u00f3 d\u2019espais de formaci\u00f3 per a la innovaci\u00f3 (fr&nbsp;=&nbsp;5;\u2006%&nbsp;=&nbsp;4), l\u2019exist\u00e8ncia de xarxes entre especialistes per compartir idees (fr&nbsp;=&nbsp;4;\u2006%&nbsp;=&nbsp;3.2) i la creaci\u00f3 d\u2019espais dintre de la jornada laboral per al disseny de projectes d\u2019innovaci\u00f3 entre especialistes o entre l\u2019especialista i el professorat d\u2019altres \u00e0rees i centres (fr&nbsp;=&nbsp;4;\u2006%&nbsp;=&nbsp;3.2). En aquest sentit, es destacava la import\u00e0ncia que l\u2019equip directiu a) facilit\u00e9s l\u2019ocurr\u00e8ncia de les condicions que acabem de comentar i b) impuls\u00e9s la creaci\u00f3 de projectes vinculats amb l\u2019\u00e0rea (fr&nbsp;=&nbsp;10;\u2006%&nbsp;=&nbsp;8). Les persones entrevistades van coincidir que la pres\u00e8ncia d\u2019especialistes d\u2019EF als equips directius facilitava l\u2019aparici\u00f3 de tots aquests aspectes&nbsp; (fr&nbsp;=&nbsp;6;\u2006%&nbsp;=&nbsp;4.8). Finalment, la majoria d\u2019innovacions vinculades amb l\u2019EF se centraven en la participaci\u00f3 en projectes transversals.&nbsp;<\/p>\n\n\n\n<h2 class=\"wp-block-heading\"><strong>Discussi\u00f3<\/strong><\/h2>\n\n\n\n<p>En aquest estudi s\u2019analitza la pres\u00e8ncia de l\u2019EF en els projectes d\u2019innovaci\u00f3 pedag\u00f2gica, s\u2019identifiquen les condicions per afavorir la creaci\u00f3 de projectes vinculats a l\u2019\u00e0rea i es destaquen les expectatives del professorat especialista en EF en relaci\u00f3 amb la innovaci\u00f3 de l\u2019\u00e0mbit al futur.&nbsp;<\/p>\n\n\n\n<p><strong>En relaci\u00f3 amb la pres\u00e8ncia de l\u2019EF en els projectes transversals<\/strong><\/p>\n\n\n\n<p>Dels resultats de l\u2019estudi destaca la participaci\u00f3 de l\u2019EF en els projectes d\u2019innovaci\u00f3 transversals. Les persones expertes van destacar la tend\u00e8ncia actual a incorporar l\u2019EF a projectes d\u2019innovaci\u00f3 transversals i, segons el professorat, el 62\u2006% de centres educatius tenien projectes d\u2019innovaci\u00f3 que inclo\u00efen m\u00e9s d\u2019una \u00e0rea curricular interrelacionada (<a href=\"#11\" class=\"ek-link\">Fuentes, 2019<\/a>) en els quals hi participava l\u2019EF. Aquest resultat contrasta amb els vinculats als projectes espec\u00edfics d\u2019EF, on es manifesta que un 43.8\u2006% d\u2019escoles t\u00e9, com a m\u00ednim, un projecte. En aquesta l\u00ednia, i segons les persones expertes entrevistades a l\u2019estudi, les innovacions que s\u2019estan fent a l\u2019\u00e0rea d\u2019EF es concentren en la seva inclusi\u00f3 en els projectes transversals. Una possible explicaci\u00f3 \u00e9s que l\u2019EF disposa d\u2019unes caracter\u00edstiques pr\u00f2pies que generen un marc idoni per desenvolupar compet\u00e8ncies de car\u00e0cter transversal com ara les socials i ciutadanes (<a href=\"#18\" class=\"ek-link\">Moneo et al., 2017<\/a>), les emocionals (<a href=\"#12\" class=\"ek-link\">Gil G\u00f3mez i Marav\u00e9 Vivas, 2018<\/a>), les d\u2019altres \u00e0rees curriculars (<a href=\"#15\" class=\"ek-link\">Hraste et al., 2018<\/a>; <a href=\"#20\" class=\"ek-link\">Norris et al., 2015<\/a>), l\u2019autonomia i responsabilitat (<a href=\"#28\" class=\"ek-link\">Valero-Valenzuela et al., 2020<\/a>) i les habilitats cognitives (<a href=\"#8\" class=\"ek-link\">Dalziell et al., 2019<\/a>) que fomenten les sinergies amb la resta d\u2019\u00e0rees per tal de facilitar el desenvolupament integral de l\u2019alumnat (<a href=\"#22\" class=\"ek-link\">Pastor et al., 2016<\/a>) a partir de la millora conscient de la seva corpore\u00eftat (<a href=\"#5\" class=\"ek-link\">Busc\u00e0, 2005<\/a>). Tal com destaquen les persones expertes, la construcci\u00f3 de xarxes conjuntes entre professorat de diverses especialitats i rols al centre, tot a partir de la creaci\u00f3 d\u2019espais sistem\u00e0tics amb temps per al disseny i l\u2019avaluaci\u00f3 dels projectes, pot potenciar aquesta sinergia i afavorir la realitzaci\u00f3 de projectes transversals.\u00a0<\/p>\n\n\n\n<p>M\u00e9s enll\u00e0 de valorar la pres\u00e8ncia de l\u2019\u00e0rea d\u2019EF en els projectes de centre, el nostre inter\u00e8s se centra en la mesura en la qual hi \u00e9s. En aquest sentit, en menys de la meitat dels projectes transversals (44.3\u2006%) l\u2019EF tenia un paper destacat. De fet, es troba una correlaci\u00f3 significativa entre els centres que tenien menys quantitat de projectes d\u2019EF, on la import\u00e0ncia de l\u2019\u00e0rea dintre dels projectes tamb\u00e9 era m\u00e9s redu\u00efda, i els centres que tenien m\u00e9s quantitat de projectes d\u2019EF, on l\u2019EF hi participava amb un paper m\u00e9s rellevant. Les persones expertes suggereixen que les prioritats del centre educatiu s\u00f3n un aspecte clau per determinar no nom\u00e9s la inclusi\u00f3 de l\u2019EF en els projectes transversals, sin\u00f3 tamb\u00e9 la seva import\u00e0ncia i qualitat dintre d\u2019aquests. Tal com es va extreure de les entrevistes realitzades, la innovaci\u00f3 mal entesa pot afectar directament l\u2019\u00e0rea d\u2019EF (<a href=\"#23\" class=\"ek-link\">P\u00e9rez i Hortig\u00fcela, 2020<\/a>), en el sentit que la seva participaci\u00f3 es redueixi a la realitzaci\u00f3 d\u2019activitat f\u00edsica com a recurs per a l\u2019aprenentatge d\u2019altres continguts, ignorant els propis i espec\u00edfics de l\u2019\u00e0rea (<a href=\"#22\" class=\"ek-link\">Pastor et al., 2016<\/a>).<\/p>\n\n\n\n<p><strong>Respecte a la creaci\u00f3 de projectes espec\u00edfics a l\u2019\u00e0rea d\u2019EF<\/strong><\/p>\n\n\n\n<p>La present investigaci\u00f3 aporta evid\u00e8ncies sobre la implicaci\u00f3 de l\u2019especialista d\u2019EF en la creaci\u00f3 de projectes d\u2019innovaci\u00f3 espec\u00edfics i en processos d\u2019innovaci\u00f3 i millora de l\u2019\u00e0rea (<a href=\"#22\" class=\"ek-link\">Pastor et al., 2016<\/a>). De fet, nom\u00e9s el 26\u2006% d\u2019especialistes manifestaven que tenien una implicaci\u00f3 redu\u00efda per a la creaci\u00f3 de projectes. No obstant aix\u00f2, m\u00e9s de la meitat de centres educatius (55.7\u2006%) no tenien cap projecte d\u2019innovaci\u00f3 espec\u00edfic en l\u2019\u00e0rea d\u2019EF. Entre altres factors explicatius, nom\u00e9s el 29.8\u2006% de centres fomentava la creaci\u00f3 de projectes espec\u00edfics. En aquest sentit, es destaca una correlaci\u00f3 significativa entre el suport del centre i la implicaci\u00f3 de l\u2019especialista per a la creaci\u00f3 de projectes, de manera que, quan el primer arribava a valors pr\u00f2xims al m\u00e0xim, el 100\u2006% d\u2019especialistes manifestaven que s\u2019implicaven en la innovaci\u00f3 a l\u2019\u00e0rea d\u2019EF.\u00a0<\/p>\n\n\n\n<p>Els resultats mostren, amb una correlaci\u00f3 significativa, que els centres amb 4 projectes d\u2019innovaci\u00f3 o m\u00e9s tamb\u00e9 disposaven d\u2019una proposta innovadora a l\u2019\u00e0rea d\u2019EF. En els contextos educatius on es desenvolupen m\u00e9s innovacions s\u2019observen caracter\u00edstiques comunes, com ara la preocupaci\u00f3 constant per la qualitat educativa i la proposici\u00f3 de pol\u00edtiques i accions educatives per millorar l\u2019\u00e0rea (<a href=\"#2\" class=\"ek-link\">Barraza, 2005<\/a>), aix\u00ed com el suport dels agents educatius cap a l\u2019especialista davant la introducci\u00f3 de noves iniciatives (<a href=\"#13\" class=\"ek-link\">Gil L\u00f3pez et al., 2018<\/a>). M\u00e9s enll\u00e0 de la predisposici\u00f3 per a la innovaci\u00f3 de cada centre, a les entrevistes es destacava la import\u00e0ncia que l\u2019equip directiu facilit\u00e9s les condicions per impulsar la creaci\u00f3 de projectes vinculats a l\u2019\u00e0rea i super\u00e9s les demandes i prioritats del Departament d\u2019Educaci\u00f3 que estan totalment desvinculades de l\u2019EF. La creaci\u00f3 de xarxes entre especialistes per compartir idees, aix\u00ed com la creaci\u00f3 d\u2019espais dintre de la jornada laboral per al disseny dels projectes (<a href=\"#30\" class=\"ek-link\">Van Waes et al., 2018<\/a>), les comunitats de pr\u00e0ctica (<a href=\"#16\" class=\"ek-link\">Jarrett i Harvey, 2014<\/a>), o l\u2019increment d\u2019hores disponibles per a l\u2019aplicaci\u00f3 de projectes de l\u2019\u00e0rea, van ser condicions indispensables en qu\u00e8 les persones expertes van coincidir. Una condici\u00f3 que tamb\u00e9 es destacava va ser la formaci\u00f3 del professorat per a la innovaci\u00f3. Els resultats de la recerca emp\u00edrica demostren un nivell insuficient d\u2019habilitats d\u2019innovaci\u00f3 per part dels professionals de l\u2019EF (<a href=\"#21\" class=\"ek-link\">Palamarchuk et al., 2020<\/a>).\u00a0<\/p>\n\n\n\n<p><strong>Respecte al futur de l\u2019\u00e0rea i el seu paper en la innovaci\u00f3 educativa<\/strong><\/p>\n\n\n\n<p>Un dels resultats destacables de la recerca \u00e9s la reclamaci\u00f3 d\u2019un paper m\u00e9s actiu de l\u2019\u00e0rea d\u2019EF en els projectes d\u2019innovaci\u00f3 dels centres (91.2\u2006% d\u2019especialistes). Aquest fet sembla l\u00f2gic si es t\u00e9 present que la valoraci\u00f3 dels projectes va ser positiva en un 77.2\u2006% dels casos, per\u00f2 que m\u00e9s de la meitat dels centres (55.7\u2006%) no tenia cap projecte actiu vinculat a l\u2019\u00e0rea o que la import\u00e0ncia atribu\u00efda a l\u2019EF en els projectes globals sigui baixa o inexistent (21.4\u2006%). De fet, els resultats destaquen una correlaci\u00f3 entre la valoraci\u00f3 que fa el professorat sobre la innovaci\u00f3 en l\u2019\u00e0mbit i el nombre de projectes d\u2019EF de qu\u00e8 disposava el centre. En aquest sentit, la valoraci\u00f3 del professorat era m\u00e9s positiva en els centres que realitzaven m\u00e9s projectes vinculats a l\u2019EF.&nbsp;<\/p>\n\n\n\n<p>De manera similar, es troba una relaci\u00f3 entre el paper de l\u2019EF en els projectes del centre i la reclamaci\u00f3 de l\u2019especialista de cara al futur, tot i que \u00e9s un nombre d\u2019especialistes inferior (65.2\u2006%) el que reclama m\u00e9s innovaci\u00f3 quan est\u00e0 en centres on l\u2019EF no participa en els projectes innovadors. En canvi, en centres on l\u2019EF hi participa, i amb un pes elevat o m\u00e0xim, tots els especialistes coincidien a reclamar m\u00e9s participaci\u00f3 de cara al futur. Aquest resultat, coincidint amb les entrevistes, situa l\u2019especialista en el centre del proc\u00e9s de canvi i innovaci\u00f3 a l\u2019\u00e0rea. Un empoderament m\u00e9s gran de l\u2019especialista per propiciar la innovaci\u00f3 vinculada a l\u2019EF parteix d\u2019un suport institucional ferm, ja sigui del Departament d\u2019Educaci\u00f3 o del mateix centre educatiu. Les persones expertes coincidien a destacar que el Departament no preveu ni duu a terme accions per promoure la millora de l\u2019\u00e0rea a partir de la innovaci\u00f3. Dels resultats del present estudi, tamb\u00e9 se\u2019n destaca el paper clau que t\u00e9 el centre educatiu, tot i que nom\u00e9s el 29.8\u2006% feia un foment elevat per a la creaci\u00f3 de projectes d\u2019innovaci\u00f3.&nbsp;<\/p>\n\n\n\n<h2 class=\"wp-block-heading\"><strong>Conclusi\u00f3<\/strong><\/h2>\n\n\n\n<p>En relaci\u00f3 amb el primer objectiu de l\u2019estudi, s\u2019evidencia una participaci\u00f3 elevada i superior de l\u2019EF en els projectes transversals en comparaci\u00f3 amb els projectes espec\u00edfics de l\u2019\u00e0rea. Tot i la satisfacci\u00f3 general de l\u2019especialista respecte a aix\u00f2, es destaca un nombre elevat de centres on l\u2019EF participa de manera residual en els projectes transversals o, fins i tot, que no disposen de projectes d\u2019innovaci\u00f3 vinculats a l\u2019\u00e0rea. En aquest sentit, i responent al segon objectiu, es proposen una s\u00e8rie de condicions que cal que es compleixin per tal de potenciar la creaci\u00f3 de projectes vinculats a l\u2019\u00e0mbit, entre les quals destaquen el paper i suport del centre, la implicaci\u00f3 de l\u2019especialista d\u2019EF, i la creaci\u00f3 d\u2019espais dintre de la jornada laboral i xarxes per col\u00b7laborar entre el professorat. Quant al tercer objectiu, es destaca la coincid\u00e8ncia majorit\u00e0ria entre l\u2019especialista d\u2019EF per reclamar una participaci\u00f3 superior i de m\u00e9s qualitat de l\u2019\u00e0rea en els projectes d\u2019innovaci\u00f3 educativa dels propers anys.&nbsp;<\/p>\n\n\n\n<p>Ateses les caracter\u00edstiques del present estudi considerem important destacar-ne les limitacions. En primer lloc, el nombre d\u2019especialistes que van respondre el q\u00fcestionari no arriba a ser significatiu per a la poblaci\u00f3 de mestres d\u2019EF de Catalunya. En segon lloc, el panel d\u2019experts ha estat limitat quant a nombre de persones i varietat en la seva proced\u00e8ncia. En el futur, caldr\u00e0 abordar les darreres limitacions incloent-hi m\u00e9s especialistes i un panel d\u2019experts m\u00e9s ampli i variat. Les futures recerques tamb\u00e9 hauran d\u2019analitzar com es desenvolupen els darrers projectes d\u2019innovaci\u00f3 en EF en el marc del nou curr\u00edculum. Derivat dels resultats extrets al present estudi respecte a la transversalitat i dels canvis que el nou curr\u00edculum ha aportat en aquest sentit, caldr\u00e0 incloure agents educatius de diferents \u00e0mbits, m\u00e9s enll\u00e0 dels especialistes en EF.&nbsp;<\/p>\n\n\n\n<h2 class=\"wp-block-heading\"><strong>Agra\u00efments<\/strong><\/h2>\n\n\n\n<p>Aquest estudi ha sorgit per iniciativa del COPLEFC i s\u2019ha dut a terme gr\u00e0cies al suport econ\u00f2mic i log\u00edstic del Col\u00b7legi.<\/p>\n","protected":false},"excerpt":{"rendered":"<p>Resum L\u2019inter\u00e8s de la comunitat educativa per millorar constantment les pr\u00e0ctiques docents ha propiciat la creaci\u00f3 de projectes d\u2019innovaci\u00f3 pedag\u00f2gica en diferents \u00e0mbits educatius. Malauradament, es desconeix la participaci\u00f3 de l\u2019Educaci\u00f3 F\u00edsica (EF) en aquests nous projectes. En el present estudi s\u2019ha determinat la participaci\u00f3 de l\u2019EF als projectes d\u2019innovaci\u00f3 del curs 2021-2022 a partir [&hellip;]<\/p>\n","protected":false},"author":2,"featured_media":0,"comment_status":"closed","ping_status":"closed","sticky":false,"template":"","format":"standard","meta":{"_editorskit_title_hidden":false,"_editorskit_reading_time":0,"_editorskit_is_block_options_detached":false,"_editorskit_block_options_position":"{}","inline_featured_image":false,"advgb_blocks_editor_width":"","advgb_blocks_columns_visual_guide":"","footnotes":""},"categories":[11341,4],"tags":[12835,6453,10697],"author_meta":{"display_name":"finderwilber","author_link":"https:\/\/revista-apunts.com\/ca\/author\/finderwilber\/"},"featured_img":null,"coauthors":[],"tax_additional":{"categories":{"linked":["<a href=\"https:\/\/revista-apunts.com\/ca\/category\/educacio-fisica\/\" class=\"advgb-post-tax-term\">Educaci\u00f3 f\u00edsica<\/a>","<a href=\"https:\/\/revista-apunts.com\/ca\/category\/sense-categoria\/\" class=\"advgb-post-tax-term\">Sense categoria<\/a>"],"unlinked":["<span class=\"advgb-post-tax-term\">Educaci\u00f3 f\u00edsica<\/span>","<span class=\"advgb-post-tax-term\">Sense categoria<\/span>"]},"tags":{"linked":["<a href=\"https:\/\/revista-apunts.com\/ca\/category\/sense-categoria\/\" class=\"advgb-post-tax-term\">educaci\u00f3 f\u00edsica<\/a>","<a href=\"https:\/\/revista-apunts.com\/ca\/category\/sense-categoria\/\" class=\"advgb-post-tax-term\">innovaci\u00f3<\/a>","<a href=\"https:\/\/revista-apunts.com\/ca\/category\/sense-categoria\/\" class=\"advgb-post-tax-term\">projectes<\/a>"],"unlinked":["<span class=\"advgb-post-tax-term\">educaci\u00f3 f\u00edsica<\/span>","<span class=\"advgb-post-tax-term\">innovaci\u00f3<\/span>","<span class=\"advgb-post-tax-term\">projectes<\/span>"]}},"comment_count":"0","relative_dates":{"created":"Posted 3 anys ago","modified":"Updated 7 mesos ago"},"absolute_dates":{"created":"Posted on 11 octubre 2023","modified":"Updated on 4 octubre 2025"},"absolute_dates_time":{"created":"Posted on 11 octubre 2023 10:00","modified":"Updated on 4 octubre 2025 08:41"},"featured_img_caption":"","series_order":"","_links":{"self":[{"href":"https:\/\/revista-apunts.com\/ca\/wp-json\/wp\/v2\/posts\/61946\/"}],"collection":[{"href":"https:\/\/revista-apunts.com\/ca\/wp-json\/wp\/v2\/posts\/"}],"about":[{"href":"https:\/\/revista-apunts.com\/ca\/wp-json\/wp\/v2\/types\/post\/"}],"author":[{"embeddable":true,"href":"https:\/\/revista-apunts.com\/ca\/wp-json\/wp\/v2\/users\/2\/"}],"replies":[{"embeddable":true,"href":"https:\/\/revista-apunts.com\/ca\/wp-json\/wp\/v2\/comments\/?post=61946"}],"version-history":[{"count":10,"href":"https:\/\/revista-apunts.com\/ca\/wp-json\/wp\/v2\/posts\/61946\/revisions\/"}],"predecessor-version":[{"id":63159,"href":"https:\/\/revista-apunts.com\/ca\/wp-json\/wp\/v2\/posts\/61946\/revisions\/63159\/"}],"wp:attachment":[{"href":"https:\/\/revista-apunts.com\/ca\/wp-json\/wp\/v2\/media\/?parent=61946"}],"wp:term":[{"taxonomy":"category","embeddable":true,"href":"https:\/\/revista-apunts.com\/ca\/wp-json\/wp\/v2\/categories\/?post=61946"},{"taxonomy":"post_tag","embeddable":true,"href":"https:\/\/revista-apunts.com\/ca\/wp-json\/wp\/v2\/tags\/?post=61946"}],"curies":[{"name":"wp","href":"https:\/\/api.w.org\/{rel}","templated":true}]}}