{"id":6165,"date":"2020-09-27T18:37:30","date_gmt":"2020-09-27T18:37:30","guid":{"rendered":"http:\/\/revista-apunts.com\/?p=6165"},"modified":"2020-10-12T11:22:31","modified_gmt":"2020-10-12T11:22:31","slug":"analisis-de-la-oferta-y-la-demanda-en-el-turismo-de-las-practicas-de-actividades-fisicas-de-aventura-en-la-naturaleza-estudio-de-caso-de-lalt-emporda","status":"publish","type":"post","link":"https:\/\/revista-apunts.com\/ca\/analisis-de-la-oferta-y-la-demanda-en-el-turismo-de-las-practicas-de-actividades-fisicas-de-aventura-en-la-naturaleza-estudio-de-caso-de-lalt-emporda\/","title":{"rendered":"An\u00e0lisi de l\u2019oferta i la demanda en el turisme de les pr\u00e0ctiques d\u2019activitats f\u00edsiques d\u2019aventura en la natura. Estudi de cas de l\u2019Alt Empord\u00e0"},"content":{"rendered":"\n<h2 class=\"wp-block-heading\"><strong>Resum<\/strong><\/h2>\n\n\n\n<p>El turisme d\u2019activitats f\u00edsiques d\u2019aventura a la natura (AFAN) \u00e9s una de les modalitats tur\u00edstiques actuals amb m\u00e9s demanda en els objectius i motivacions del viatge tur\u00edstic, generant-se com una realitat amb necessitat de ser abordada pels territoris de destinaci\u00f3. Aquest estudi pret\u00e9n analitzar aquest fenomen basat en la l\u00f2gica del turisme postfordista i amb una consolidada demanda al llarg dels \u00faltims anys al territori de l\u2019Alt Empord\u00e0, aix\u00ed com d\u2019altra banda tamb\u00e9 donar a con\u00e8ixer la seva pr\u00f2pia realitat i complexitat a nivell de desenvolupament territorial. L\u2019objectiu general del treball \u00e9s analitzar les pr\u00e0ctiques d\u2019activitats f\u00edsiques d\u2019aventura a la natura en el turisme de l\u2019Alt Empord\u00e0 i el seu desenvolupament territorial a fi d\u2019establir les bases d\u2019un nou model tur\u00edstic de pr\u00e0ctiques d\u2019AFAN integral i sostenible. Els resultats mostren una demanda de perfil heterogeni i satisfeta amb les pr\u00e0ctiques d\u2019AFAN desenvolupades en les empreses d\u2019aquesta comarca, alhora que des de l\u2019\u00f2ptica de la realitat de l\u2019oferta es confirma la insufici\u00e8ncia organitzativa i estructural en el desenvolupament d\u2019una pol\u00edtica i estrat\u00e8gia integral per part de tots els actors comarcals. Aix\u00ed, a trav\u00e9s de la proposta de l\u2019estudi de cas, es considera oport\u00fa i important aportar les bases necess\u00e0ries per constituir un nou model tur\u00edstic de pr\u00e0ctiques d\u2019AFAN integral i sostenible mitjan\u00e7ant una planificaci\u00f3 estrat\u00e8gica participativa.<\/p>\n\n\n <div class=\"tags\"> <p><strong>Paraules clau:<\/strong> <span>activitats f\u00edsiques d\u2019aventura a la natura (AFAN)<\/span>, <span>demanda<\/span>, <span>desenvolupament territorial<\/span>, <span>gesti\u00f3<\/span>, <span>oferta<\/span>, <span>turisme actiu<\/span><\/p> <\/div> \n","protected":false},"excerpt":{"rendered":"<p>Resum El turisme d\u2019activitats f\u00edsiques d\u2019aventura a la natura (AFAN) \u00e9s una de les modalitats tur\u00edstiques actuals amb m\u00e9s demanda en els objectius i motivacions del viatge tur\u00edstic, generant-se com una realitat amb necessitat de ser abordada pels territoris de destinaci\u00f3. Aquest estudi pret\u00e9n analitzar aquest fenomen basat en la l\u00f2gica del turisme postfordista i [&hellip;]<\/p>\n","protected":false},"author":2,"featured_media":0,"comment_status":"open","ping_status":"open","sticky":false,"template":"","format":"standard","meta":{"_editorskit_title_hidden":false,"_editorskit_reading_time":1,"_editorskit_is_block_options_detached":false,"_editorskit_block_options_position":"{}","inline_featured_image":false,"advgb_blocks_editor_width":"","advgb_blocks_columns_visual_guide":"","footnotes":""},"categories":[56],"tags":[678,681,682,677,679,680],"author_meta":{"display_name":"finderwilber","author_link":"https:\/\/revista-apunts.com\/ca\/author\/finderwilber\/"},"featured_img":null,"coauthors":[],"tax_additional":{"categories":{"linked":["<a href=\"https:\/\/revista-apunts.com\/ca\/category\/tesis-doctorals-ca\/\" class=\"advgb-post-tax-term\">Tesis doctorals<\/a>"],"unlinked":["<span class=\"advgb-post-tax-term\">Tesis doctorals<\/span>"]},"tags":{"linked":["<a href=\"https:\/\/revista-apunts.com\/ca\/category\/tesis-doctorals-ca\/\" class=\"advgb-post-tax-term\">activitats f\u00edsiques d\u2019aventura a la natura (AFAN)<\/a>","<a href=\"https:\/\/revista-apunts.com\/ca\/category\/tesis-doctorals-ca\/\" class=\"advgb-post-tax-term\">demanda<\/a>","<a href=\"https:\/\/revista-apunts.com\/ca\/category\/tesis-doctorals-ca\/\" class=\"advgb-post-tax-term\">desenvolupament territorial<\/a>","<a href=\"https:\/\/revista-apunts.com\/ca\/category\/tesis-doctorals-ca\/\" class=\"advgb-post-tax-term\">gesti\u00f3<\/a>","<a href=\"https:\/\/revista-apunts.com\/ca\/category\/tesis-doctorals-ca\/\" class=\"advgb-post-tax-term\">oferta<\/a>","<a href=\"https:\/\/revista-apunts.com\/ca\/category\/tesis-doctorals-ca\/\" class=\"advgb-post-tax-term\">turisme actiu<\/a>"],"unlinked":["<span class=\"advgb-post-tax-term\">activitats f\u00edsiques d\u2019aventura a la natura (AFAN)<\/span>","<span class=\"advgb-post-tax-term\">demanda<\/span>","<span class=\"advgb-post-tax-term\">desenvolupament territorial<\/span>","<span class=\"advgb-post-tax-term\">gesti\u00f3<\/span>","<span class=\"advgb-post-tax-term\">oferta<\/span>","<span class=\"advgb-post-tax-term\">turisme actiu<\/span>"]}},"comment_count":"0","relative_dates":{"created":"Posted 6 anys ago","modified":"Updated 6 anys ago"},"absolute_dates":{"created":"Posted on 27 setembre 2020","modified":"Updated on 12 octubre 2020"},"absolute_dates_time":{"created":"Posted on 27 setembre 2020 18:37","modified":"Updated on 12 octubre 2020 11:22"},"featured_img_caption":"","series_order":"","_links":{"self":[{"href":"https:\/\/revista-apunts.com\/ca\/wp-json\/wp\/v2\/posts\/6165\/"}],"collection":[{"href":"https:\/\/revista-apunts.com\/ca\/wp-json\/wp\/v2\/posts\/"}],"about":[{"href":"https:\/\/revista-apunts.com\/ca\/wp-json\/wp\/v2\/types\/post\/"}],"author":[{"embeddable":true,"href":"https:\/\/revista-apunts.com\/ca\/wp-json\/wp\/v2\/users\/2\/"}],"replies":[{"embeddable":true,"href":"https:\/\/revista-apunts.com\/ca\/wp-json\/wp\/v2\/comments\/?post=6165"}],"version-history":[{"count":3,"href":"https:\/\/revista-apunts.com\/ca\/wp-json\/wp\/v2\/posts\/6165\/revisions\/"}],"predecessor-version":[{"id":7419,"href":"https:\/\/revista-apunts.com\/ca\/wp-json\/wp\/v2\/posts\/6165\/revisions\/7419\/"}],"wp:attachment":[{"href":"https:\/\/revista-apunts.com\/ca\/wp-json\/wp\/v2\/media\/?parent=6165"}],"wp:term":[{"taxonomy":"category","embeddable":true,"href":"https:\/\/revista-apunts.com\/ca\/wp-json\/wp\/v2\/categories\/?post=6165"},{"taxonomy":"post_tag","embeddable":true,"href":"https:\/\/revista-apunts.com\/ca\/wp-json\/wp\/v2\/tags\/?post=6165"}],"curies":[{"name":"wp","href":"https:\/\/api.w.org\/{rel}","templated":true}]}}