{"id":5807,"date":"2020-09-27T18:43:09","date_gmt":"2020-09-27T18:43:09","guid":{"rendered":"http:\/\/revista-apunts.com\/?p=5807"},"modified":"2020-10-12T09:48:27","modified_gmt":"2020-10-12T09:48:27","slug":"la-motivacio-de-lesportista-i-la-qualitat-de-la-seva-relacio-amb-lentrenador","status":"publish","type":"post","link":"https:\/\/revista-apunts.com\/ca\/la-motivacio-de-lesportista-i-la-qualitat-de-la-seva-relacio-amb-lentrenador\/","title":{"rendered":"La motivaci\u00f3 de l\u2019esportista i la qualitat de la seva relaci\u00f3 amb l\u2019entrenador"},"content":{"rendered":"\n<h2 class=\"wp-block-heading\"><strong>Resum<\/strong><\/h2>\n\n\n\n<p>L\u2019objectiu d\u2019aquest estudi transversal va ser investigar la influ\u00e8ncia de la percepci\u00f3 de la qualitat de la relaci\u00f3 entrenador-esportista (CAR) en la motivaci\u00f3 entre els joves estudiants esportistes de l\u2019estat de Pernambuco, Brasil. Els participants van ser 301 estudiants que van participar en els Jocs Escolars de Pernambuco 2017. Els instruments utilitzats van ser el Q\u00fcestionari de relaci\u00f3 entrenador-esportista (CART-Q) i l\u2019Escala de motivaci\u00f3 esportiva-II (SMS-II). L\u2019an\u00e0lisi de les dades es va realitzar mitjan\u00e7ant les proves de Kolmog\u00f3rov-Smirnov, Mann-Whitney, la correlaci\u00f3 de Spearman i el modelatge d\u2019equacions estructurals (SEM) (<em>p<\/em>\u2009&lt;\u2009.05). Els resultats van mostrar que els estudiants esportistes que es perceben a si mateixos amb una alta qualitat de CAR tenien puntuacions m\u00e9s altes en les regulacions identificades, integrades i intr\u00ednseques, mentre que els esportistes amb CAR moderada tenien una puntuaci\u00f3 m\u00e9s alta en la desmotivaci\u00f3 i la regulaci\u00f3 externa. SEM va revelar que tant la motivaci\u00f3 controlada com l\u2019aut\u00f2noma es van explicar en 17&nbsp;% i 21&nbsp;%, respectivament, per CAR, que va tenir un efecte positiu (\u03b2\u2009=\u2009.45 i \u03b2\u2009=\u2009.41) en ambdues motivacions. Es conclou que una relaci\u00f3 positiva amb l\u2019entrenador basada en l\u2019admiraci\u00f3, el respecte, la confian\u00e7a i l\u2019afiliaci\u00f3 sembla ser un factor que fomenta la motivaci\u00f3 en el context dels esports escolars.<\/p>\n\n\n <div class=\"tags\"> <p><strong>Paraules clau:<\/strong> <span>autodeterminaci\u00f3<\/span>, <span>esport<\/span>, <span>psicologia de l\u2019esport<\/span>, <span>psicolog\u00eda del deporte<\/span>, <span>relacions interpersonals<\/span><\/p> <\/div> \n\n\n\n<h2 class=\"wp-block-heading\"><strong>Introducci\u00f3&nbsp;<\/strong><\/h2>\n\n\n\n<p>Michael Phelps, el medallista ol\u00edmpic m\u00e9s gran de tots els temps, acredita directament el seu \u00e8xit i la seva motivaci\u00f3 per a la pr\u00e0ctica de l&#8217;esport a la seva magn\u00edfica relaci\u00f3 amb Bob Bowman, el seu entrenador des que tenia 11 anys. Estudis recents demostren que en el benestar, el rendiment i la motivaci\u00f3 d&#8217;un esportista influeix la qualitat de la relaci\u00f3 entre l&#8217;entrenador i l&#8217;esportista (c<em>oach-athlete relationship<\/em>, CAR) (<a href=\"#3\" class=\"ek-link\">Appleton et al., 2016<\/a>; <a href=\"#10\" class=\"ek-link\">Davis, Appleby et al., 2018<\/a>; <a href=\"#26\" class=\"ek-link\">Nascimento J\u00fanior et al., 2018<\/a>; <a href=\"#40\" class=\"ek-link\">Vieira et al., 2018<\/a>).&nbsp;<\/p>\n\n\n\n<p>La CAR compr\u00e8n una interacci\u00f3 m\u00fatua i una interdepend\u00e8ncia causal entre els pensaments, els sentiments i els comportaments dels entrenadors i els esportistes (<a href=\"#20\" class=\"ek-link\">Jowett i Shanmugam, 2016<\/a>). Els pensaments guarden relaci\u00f3 amb el comprom\u00eds i la intenci\u00f3 de mantenir la relaci\u00f3 al llarg del temps; els sentiments al\u00b7ludeixen a la percepci\u00f3 de proximitat (respecte, confian\u00e7a, gust), i els comportaments fan refer\u00e8ncia a la complementarietat, la sensibilitat i la col\u00b7laboraci\u00f3 entre l&#8217;entrenador i l&#8217;esportista (<a href=\"#19\" class=\"ek-link\">Jowett i Poczwardowski, 2007<\/a>; <a href=\"#20\" class=\"ek-link\">Jowett i Shanmugam, 2016<\/a>). La CAR exerceix un paper important en el desenvolupament f\u00edsic, motor i psicosocial dels esportistes joves (<a href=\"#20\" class=\"ek-link\">Jowett i Shanmugam, 2016<\/a>; <a href=\"#41\" class=\"ek-link\">Yang i Jowett, 2012<\/a>), la qual cosa succeeix perqu\u00e8 els entrenadors s\u00f3n responsables de delegar tasques que han d&#8217;exercir els equips, de manera que les seves accions poden interferir en el comportament present i futur dels esportistes (<a href=\"#8\" class=\"ek-link\">Cheuczuk et al., 2016<\/a>).&nbsp;<\/p>\n\n\n\n<p>En aquest context, la CAR s&#8217;ha assenyalat com un dels factors primordials per al desenvolupament de la carrera esportiva dels esportistes (<a href=\"#10\" class=\"ek-link\">Davis et al., 2018<\/a>; <a href=\"#26\" class=\"ek-link\">Nascimento J\u00fanior et al., 2018<\/a>; <a href=\"#40\" class=\"ek-link\">Vieira et al., 2018<\/a>) i, en conseq\u00fc\u00e8ncia, com un diferencial de l&#8217;\u00e8xit en l&#8217;esport entre els esportistes joves (<a href=\"#8\" class=\"ek-link\">Cheuczuk et al., 2016<\/a>). D&#8217;aqu\u00ed la import\u00e0ncia que els esportistes i el seu entorn social (fam\u00edlia, entrenador i altres persones practicants d&#8217;esports) aprenguin a con\u00e8ixer-se a si mateixos, ja que aquest atribut \u00e9s essencial per identificar els factors que motiven els joves a entrenar i fixar-se fites a partir d&#8217;aquest moment (<a href=\"#9\" class=\"ek-link\">Carvalho, Verardi, Maffei i Monesso, 2019<\/a>).&nbsp;<\/p>\n\n\n\n<p>La motivaci\u00f3 influeix enormement en les situacions de competici\u00f3, on pot ser un obstacle o un est\u00edmul per al rendiment de l&#8217;esportista (<a href=\"#30\" class=\"ek-link\">Pineda-Espejel et al., 2015<\/a>). Una de les teories m\u00e9s citades per entendre el proc\u00e9s del comprom\u00eds i l&#8217;adhesi\u00f3 a la pr\u00e0ctica esportiva en els diferents nivells de competici\u00f3 \u00e9s la teoria de l&#8217;autodeterminaci\u00f3&nbsp; (<a href=\"#1\" class=\"ek-link\">Almagro i Paramio-P\u00e9rez, 2017<\/a>) La Self-Determination Theory, SDT, ofereix un marc general que explica els diferents aspectes motivacionals mitjan\u00e7ant miniteories; una d&#8217;aquestes \u00e9s la teoria de les necessitats psicol\u00f2giques b\u00e0siques, que planteja que en la motivaci\u00f3 autodeterminada influeixen tres necessitats b\u00e0siques: l&#8217;autonomia, la compet\u00e8ncia i la connexi\u00f3 o capacitat de relacionar-se, que semblen ser essencials per al desenvolupament social i el benestar personal (<a href=\"#11\" class=\"ek-link\">Deci i Ryan, 1985<\/a>; <a href=\"#12\" class=\"ek-link\">Deci i Ryan, 2012<\/a>).&nbsp;<\/p>\n\n\n\n<p>La SDT descriu la motivaci\u00f3 a trav\u00e9s de diversos estils reguladors (regulaci\u00f3 externa, introjectada, identificada, integrada i interna), que es presenten com una continu\u00eftat que va des de la forma menys autodeterminada de motivaci\u00f3 (la motivaci\u00f3 controlada) fins a la m\u00e9s autodeterminada (la motivaci\u00f3 aut\u00f2noma), partint de les diferents forces motivacionals subjacents al comportament d&#8217;una persona (<a href=\"#33\" class=\"ek-link\">Rigby i Ryan, 2018<\/a>). La motivaci\u00f3 controlada inclou pressions externes o internes (regulacions externes i introjectades) i, en gran manera, no t\u00e9 relaci\u00f3 amb les necessitats i els interessos personals. La motivaci\u00f3 aut\u00f2noma respon directament a les necessitats, els valors i l&#8217;inter\u00e8s de les persones (regulacions identificades, integrades i intr\u00ednseques) i dona lloc a una motivaci\u00f3 volitiva d&#8217;alta qualitat. Aix\u00ed, les persones es comprometen a exercir b\u00e9 certes tasques i aquest afany i esfor\u00e7 els permet obtenir millors satisfacci\u00f3, vitalitat i benestar (<a href=\"#11\" class=\"ek-link\">Deci i Ryan, 1985<\/a>; <a href=\"#12\" class=\"ek-link\">Deci i Ryan, 2012<\/a>; <a href=\"#33\" class=\"ek-link\">Rigby i Ryan, 2018<\/a>).<\/p>\n\n\n\n<p>Davant aquest escenari, estudis recents indiquen que la motivaci\u00f3 aut\u00f2noma s&#8217;associa amb comportaments positius en els esports (comprom\u00eds i continu\u00eftat en l&#8217;esport) (<a href=\"#9\" class=\"ek-link\">Carvalho et al., 2019<\/a>; <a href=\"#40\" class=\"ek-link\">Vieira et al., 2018<\/a>), mentre que la motivaci\u00f3 controlada pot desembocar en comportaments inadequats (estr\u00e8s, esgotament i abandonament de la modalitat esportiva) (<a href=\"#9\" class=\"ek-link\">Carvalho et al., 2019<\/a>). La teoria de l&#8217;avaluaci\u00f3 cognitiva afirma que l&#8217;entorn social influeix en el comportament dels esportistes (<a href=\"#11\" class=\"ek-link\">Deci i Ryan, 1985<\/a>; <a href=\"#33\" class=\"ek-link\">Rigby i Ryan, 2018<\/a>). Segons aquesta perspectiva, la CAR \u00e9s un factor que pot portar els joves esportistes a desenvolupar una motivaci\u00f3 aut\u00f2noma o controlada (<a href=\"#8\" class=\"ek-link\">Cheuczuk et al., 2016<\/a>). <a href=\"#40\" class=\"ek-link\">Vieira et al. (2018)<\/a> i <a href=\"#13\" class=\"ek-link\">Garc\u00eda-Calvo et al. (2014)<\/a> van investigar la relaci\u00f3 entre la motivaci\u00f3 i la CAR entre esportistes professionals; tanmateix, encara no existia cap estudi que abord\u00e9s aquesta associaci\u00f3 entre joves estudiants esportistes, que \u00e9s el tema d\u2019aquest estudi.&nbsp;<\/p>\n\n\n\n<p>A m\u00e9s, diverses autories suggereixen que futures recerques haurien d&#8217;avaluar l&#8217;impacte de la qualitat de la CAR en les diferents variables psicol\u00f2giques en esportistes de diferents nivells de competici\u00f3 (<a href=\"#3\" class=\"ek-link\">Appleton et al., 2016<\/a>; <a href=\"#10\" class=\"ek-link\">Davis et al., 2018<\/a>; <a href=\"#26\" class=\"ek-link\">Nascimento J\u00fanior et al., 2018<\/a>; <a href=\"#40\" class=\"ek-link\">Vieira et al., 2018<\/a>). Per aix\u00f2, l&#8217;objectiu d\u2019aquest estudi va ser indagar en la influ\u00e8ncia de la percepci\u00f3 de la CAR en la motivaci\u00f3 entre estudiants esportistes de l&#8217;estat de Pernambuco, al Brasil.&nbsp;<\/p>\n\n\n\n<h2 class=\"wp-block-heading\"><strong>Metodologia<\/strong><\/h2>\n\n\n\n<h3 class=\"wp-block-heading\"><strong>Participants<\/strong><\/h3>\n\n\n\n<p>Aquest estudi transversal es va realitzar sobre una poblaci\u00f3 d&#8217;estudiants que practicaven esports d&#8217;equip amb edats compreses entre els 15 i els 17 anys i inscrits en els Jocs Escolars de Pernambuco de 2017 i competien en b\u00e0squet, futbol sala, handbol, futbol i voleibol. El nombre m\u00ednim de participants es va calcular a partir de la f\u00f3rmula de mostres de poblacions finites, adoptant un nivell de confian\u00e7a del 95\u2009%, un marge d&#8217;error del 5\u2009% i una proporci\u00f3 esperada del 50\u2009% (<a href=\"#32\" class=\"ek-link\">Richardson et al., 2012<\/a>). Tenint en compte que la poblaci\u00f3 d&#8217;esportistes que prenien part en la competici\u00f3 era de 2500 estudiants, el nombre m\u00ednim de participants va ser de 333 estudiants esportistes, considerant les possibles p\u00e8rdues de mostres. El criteri d&#8217;inclusi\u00f3 en l&#8217;estudi era haver participat en alguna competici\u00f3 a nivell regional\/estatal durant les temporades 2015 i 2016.<\/p>\n\n\n\n<p>D&#8217;aquesta manera, es van seleccionar 335 estudiants practicants d&#8217;esports d&#8217;equip per participar en l&#8217;estudi; tanmateix, 34 en van quedar exclosos a causa de problemes a l&#8217;hora d&#8217;omplir els q\u00fcestionaris. Els participants finals van ser 301: 136 homes i 165 dones amb una mitjana d&#8217;edat de 16.02\u00b10.83 anys. El nombre de practicants en cada esport era: futbol sala (<em>n<\/em>\u2009=\u2009124), voleibol (<em>n<\/em>\u2009=\u2009133), handbol (<em>n<\/em>\u2009=\u200924) i b\u00e0squet (<em>n<\/em>\u2009=\u200920). Nom\u00e9s els esportistes que van signar els termes de consentiment informat o van sol\u00b7licitar als seus entrenadors (els seus responsables en l&#8217;esdeveniment) que ho fessin van ser seleccionats per a l&#8217;estudi.<\/p>\n\n\n\n<h3 class=\"wp-block-heading\"><strong>Instruments<\/strong><\/h3>\n\n\n\n<p>Es va utilitzar el q\u00fcestionari sobre la relaci\u00f3 entre entrenador i esportista CART-Q per mesurar la percepci\u00f3 dels esportistes&nbsp; de la qualitat de la CAR (<a href=\"#18\" class=\"ek-link\">Jowett i Ntoumanis, 2004<\/a>), validada per al context del Brasil per <a href=\"#38\" class=\"ek-link\">Vieira et al. (2015)<\/a>. Quatre indicadors tracten sobre la proximitat (\u201cEm cau b\u00e9 el meu entrenador\u201d), tres indicadors avaluen el comprom\u00eds (\u201cEm sento comprom\u00e8s amb el meu entrenador\u201d) i quatre indicadors avaluen la complementarietat (\u201cQuan entreno amb ell, dono el millor de mi\u201d. Tots els elements del CART-Q es van mesurar amb una escala de Likert de 7 punts, on 1 corresponia a Totalment en desacord i 7 a Totalment d&#8217;acord. L\u2019\u03b1 de Cronbach de les dimensions d&#8217;aquest instrument anava de \u03b1\u2009=\u2009.83 a \u03b1\u2009=\u2009.95.<\/p>\n\n\n\n<p>Es va utilitzar l&#8217;Escala de motivaci\u00f3 esportiva-II (SMS-II) per avaluar la motivaci\u00f3 dels esportistes per practicar l&#8217;esport corresponent. La SMS-II \u00e9s una creaci\u00f3 de <a href=\"#28\" class=\"ek-link\">Pelletier et al. (2013)<\/a> validada per al context brasiler per <a href=\"#27\" class=\"ek-link\">Nascimento Junior et al. (2014)<\/a>. Consta de 18 indicadors distribu\u00efts en sis regulacions (intr\u00ednseca, integrada, identificada, introjectada, externa i desmotivaci\u00f3). La resposta a cada un d&#8217;aquests indicadors s&#8217;obt\u00e9 aplicant una escala de Likert de 7 punts, on 1 \u00e9s \u201cno es correspon en absolut\u201d i 7 \u201cEs correspon completament\u201d. L&#8217;escala presentava una fiabilitat d&#8217;\u03b1\u2009=\u2009.74. Segons les categories proposades en el <em>cont\u00ednuum<\/em> de la SDT (<a href=\"#12\" class=\"ek-link\">Deci i Ryan, 2012<\/a>), les regulacions identificades, integrades i intr\u00ednseques s\u00f3n els indicadors m\u00e9s propers a la motivaci\u00f3 aut\u00f2noma, mentre que les regulacions introjectada i externa s\u00f3n els indicadors m\u00e9s pr\u00f2xims a una motivaci\u00f3 controlada. Es pot destacar que la desmotivaci\u00f3 no es va utilitzar per a l&#8217;an\u00e0lisi principal, ja que \u00e9s un component que representa la falta total de motivaci\u00f3 i l&#8217;objectiu de la recerca era explorar la relaci\u00f3 entre la motivaci\u00f3 (tan aut\u00f2noma com controlada) i la CAR.&nbsp;<\/p>\n\n\n\n<h3 class=\"wp-block-heading\"><strong>Procediment<\/strong><\/h3>\n\n\n\n<p>Aquest estudi s&#8217;integra al projecte institucional aprovat pel Comit\u00e8 \u00c8tic de la Universitat Federal del Val do S\u00e3o Francisco (opini\u00f3 1.648.086). Inicialment es va contactar amb la Secretaria d&#8217;Esports de l&#8217;Estat de Pernambuco per sol\u00b7licitar perm\u00eds per recopilar dades durant els Jocs Escolars de Pernambuco de 2017. La recopilaci\u00f3 de dades va tenir lloc als hotels on s&#8217;allotjaven els equips, aix\u00ed com al lloc on es va desenvolupar la competici\u00f3, i va durar aproximadament 30 minuts. Els q\u00fcestionaris es van repartir aleat\u00f2riament entre els participants i els investigadors van realitzar l&#8217;aplicaci\u00f3 de forma individual.<\/p>\n\n\n\n<h3 class=\"wp-block-heading\"><strong>An\u00e0lisi de dades<\/strong><\/h3>\n\n\n\n<p><em>An\u00e0lisi preliminar.<\/em> L&#8217;an\u00e0lisi preliminar per a l&#8217;an\u00e0lisi de correlaci\u00f3 i comparaci\u00f3 es va dur a terme mitjan\u00e7ant la prova de normalitat Kolmog\u00f3rov-Smirnov. Ja que les dades no eren normals, es va utilitzar la correlaci\u00f3 de Spearman (no param\u00e8trica) per verificar la relaci\u00f3 entre les variables; per aquesta finalitat es va emprar un SPSS v.22.0. Per comparar les regulacions de motivaci\u00f3 en funci\u00f3 de la qualitat de la CAR, es va obtenir la puntuaci\u00f3 total de la CAR i, a continuaci\u00f3, es van dividir els esportistes en dos grups (amb una relaci\u00f3 entrenador-esportista alta o moderada) d&#8217;acord amb la \u201cdivisi\u00f3 de la mitjana\u201d (fins a 6.58: moderada i per sobre de 6.58: alta). El nivell de significaci\u00f3 adoptat va ser de <em>p<\/em>\u2009&lt;\u2009.05.<\/p>\n\n\n\n<p><em>Model d&#8217;equacions estructurals (SEM). <\/em>L&#8217;an\u00e0lisi principal es va fonamentar en el SEM i es va realitzar amb el programari AMOS 22.0, que aplica un SEM basat en la covari\u00e0ncia. Quan l&#8217;objectiu de l&#8217;estudi \u00e9s confirmar la teoria, el m\u00e8tode apropiat \u00e9s el CB-SEM (<a href=\"#15\" class=\"ek-link\">Hair, Matthews i Matthews, 2017<\/a>). El model hipot\u00e8tic va verificar l&#8217;exist\u00e8ncia de tres factors latents (CAR, motivaci\u00f3 aut\u00f2noma i motivaci\u00f3 controlada) a partir de les dimensions del CART-Q i el SMS-II. D&#8217;aquesta manera, el SEM va comprovar el paper que exerceix la qualitat de la CAR en la motivaci\u00f3 dels esportistes aplicant el plantejament de construcci\u00f3 de models en dos passos recomanats per <a href=\"#2\" class=\"ek-link\">Anderson i Gerbing (1988)<\/a>. El primer pas consisteix a comprovar el model de mesuraments utilitzant una an\u00e0lisi factorial confirmat\u00f2ria (AFC), mentre que en el segon pas es comprova el model estructural de la hip\u00f2tesi.<\/p>\n\n\n\n<p>Abans de l&#8217;an\u00e0lisi principal, es verifica la normalitat de les dades, els valors absents i els valors at\u00edpics per a totes les variables de l&#8217;estudi seguint el procediment definit per <a href=\"#36\" class=\"ek-link\">Tabachnick i Fidell (2013)<\/a>. L&#8217;examen de la asimetria i curtosi de totes les variables va indicar una normalitat univariant basada en uns valors de tall d&#8217;asimetria &lt;\u20093.0 i curtosi &lt;\u200910.0 (<a href=\"#21\" class=\"ek-link\">Kline, 2012<\/a>). L&#8217;an\u00e0lisi del coeficient multivariant de Mardia (&gt;\u20095.0) va indicar que la distribuci\u00f3 de les dades derivava de la normalitat multivariant, la qual cosa justificava l&#8217;\u00fas del proc\u00e9s de <em>bootstrap<\/em> de Bollen-Stine per obtenir un valor de khi quadrat corregit per als coeficients calculats per a l&#8217;estimaci\u00f3 per m\u00e0xima versemblan\u00e7a (<a href=\"#7\" class=\"ek-link\">Bollen i Long, 1993<\/a>).&nbsp;<\/p>\n\n\n\n<p>S&#8217;utilitzen diversos \u00edndexs d&#8217;ajustament per avaluar el model d&#8217;acord amb les recomanacions de <a href=\"#17\" class=\"ek-link\">Hu i Bentler (1999)<\/a>: khi quadrat (\u03c72), khi quadrat normalitzat (\u03c72\/df), \u00edndex d&#8217;ajustament comparatiu (IAC), \u00edndex de Tucker-Lewis (ITL), l&#8217;arrel de l&#8217;error quadr\u00e0tic mitj\u00e0 (RECM) i el seu interval de confian\u00e7a (IC) associat del 90\u2009%. Els valors d&#8217;IAC, GFI i ITL propers o superiors a .95, els valors de RECM propers o inferiors a .08 i l&#8217;extrem inferior del CI del 90\u2009% del RECM que contenia el valor de .05 representen un ajustament excel\u00b7lent de les dades per al model de la hip\u00f2tesi (<a href=\"#17\" class=\"ek-link\">Hu i Bentler, 1999<\/a>). A m\u00e9s, s&#8217;utilitzen aquests \u00edndexs tant en el pas 1 com en el pas 2. La qualitat de l&#8217;ajustament per al model estructural (pas 2) es va avaluar aix\u00ed mateix a trav\u00e9s de les seves c\u00e0rregues factorials (FL) i la fiabilitat de cada element. La interpretaci\u00f3 de les traject\u00f2ries es va basar en el seg\u00fcent l\u00edmit: efecte redu\u00eft per a traject\u00f2ries de fins a .20; efecte mitj\u00e0 per a traject\u00f2ries d&#8217;entre .21 i .49; i ampli efecte per a traject\u00f2ries per sobre de .50 (<a href=\"#21\" class=\"ek-link\">Kline, 2012<\/a>).<\/p>\n\n\n\n<h2 class=\"wp-block-heading\"><strong>Resultats<\/strong><\/h2>\n\n\n\n<p>Es va detectar una difer\u00e8ncia significativa en totes les regulacions de motivaci\u00f3 (<em>p<\/em>\u2009&lt;\u2009.05) en funci\u00f3 de la qualitat de la CAR (Taula 1), amb l&#8217;excepci\u00f3 de la regulaci\u00f3 introjectada (<em>p<\/em>\u2009=\u2009.055). Es pot remarcar que els esportistes que percebien tenir una CAR d&#8217;alta qualitat presentaven m\u00e9s puntuaci\u00f3 en les regulacions identificada, integrada i intr\u00ednseca, mentre que els esportistes amb una percepci\u00f3 moderada de la CAR presentaven una major puntuaci\u00f3 en la desmotivaci\u00f3 i la regulaci\u00f3 externa.<\/p>\n\n\n\n<p>D\u2019una banda, es van detectar correlacions significatives (<em>p<\/em>\u2009&lt;\u2009.05) i positives de les regulacions m\u00e9s pr\u00f2ximes a la motivaci\u00f3 aut\u00f2noma (regulacions identificada, integrada i intr\u00ednseca) amb totes les dimensions de la CAR (Taula 2). D\u2019altra banda, la desmotivaci\u00f3 va mostrar correlacions negatives amb totes les dimensions de la CAR, mentre que la regulaci\u00f3 externa va mostrar una correlaci\u00f3 negativa amb la proximitat (r\u2009=\u2009-.14).<\/p>\n\n\n\n<div id=\"volver1420301\" class=\"wp-block-group ver-tabla\"><div class=\"wp-block-group__inner-container is-layout-flow wp-block-group-is-layout-flow\">\n<div class=\"wp-block-columns is-layout-flex wp-container-3 wp-block-columns-is-layout-flex\">\n<div class=\"wp-block-column is-layout-flow wp-block-column-is-layout-flow\">\n<figure class=\"wp-block-image size-large no-figura\"><img decoding=\"async\" loading=\"lazy\" width=\"650\" height=\"467\" src=\"https:\/\/revista-apunts.com\/wp-content\/uploads\/2020\/06\/taula.png\" alt=\"\" class=\"wp-image-2236\" srcset=\"https:\/\/revista-apunts.com\/wp-content\/uploads\/2020\/06\/taula.png 650w, https:\/\/revista-apunts.com\/wp-content\/uploads\/2020\/06\/taula-300x216.png 300w\" sizes=\"(max-width: 650px) 100vw, 650px\" \/><\/figure>\n<\/div>\n\n\n\n<div class=\"wp-block-column is-layout-flow wp-block-column-is-layout-flow\">\n<p><strong>Taula 1<\/strong><br><em><em>Comparaci\u00f3 de les regulacions de motivaci\u00f3 entre esportistes joves segons la qualitat de la CAR<\/em><\/em>.<\/p>\n\n\n\n<p class=\"has-text-align-right\"><a class=\"ek-link ek-link\" href=\"http:\/\/revista-apunts.com\/ca\/tablas\/taula-1-142-03\/\">Veure taula<\/a><\/p>\n<\/div>\n<\/div>\n<\/div><\/div>\n\n\n\n<div id=\"volver1420302\" class=\"wp-block-group ver-tabla\"><div class=\"wp-block-group__inner-container is-layout-flow wp-block-group-is-layout-flow\">\n<div class=\"wp-block-columns is-layout-flex wp-container-7 wp-block-columns-is-layout-flex\">\n<div class=\"wp-block-column is-layout-flow wp-block-column-is-layout-flow\">\n<figure class=\"wp-block-image size-large no-figura\"><img decoding=\"async\" loading=\"lazy\" width=\"650\" height=\"467\" src=\"https:\/\/revista-apunts.com\/wp-content\/uploads\/2020\/06\/taula.png\" alt=\"\" class=\"wp-image-2236\" srcset=\"https:\/\/revista-apunts.com\/wp-content\/uploads\/2020\/06\/taula.png 650w, https:\/\/revista-apunts.com\/wp-content\/uploads\/2020\/06\/taula-300x216.png 300w\" sizes=\"(max-width: 650px) 100vw, 650px\" \/><\/figure>\n<\/div>\n\n\n\n<div class=\"wp-block-column is-layout-flow wp-block-column-is-layout-flow\">\n<p><strong>Taula 2<\/strong><br><em><em>Correlaci\u00f3 entre la qualitat de la CAR i les regulacions motivacionals<\/em><\/em>.<\/p>\n\n\n\n<p class=\"has-text-align-right\"><a class=\"ek-link ek-link\" href=\"http:\/\/revista-apunts.com\/ca\/tablas\/taula-2-142-03\/\">Veure taula<\/a><\/p>\n<\/div>\n<\/div>\n<\/div><\/div>\n\n\n\n<p>El model de mesurament (pas 1) tenia un ajustament acceptable [X<sup>2<\/sup> (17)\u2009=\u200921.57; <em>p<\/em>\u2009=\u2009.202; X<sup>2<\/sup>\/df\u2009=\u20091.27; IAC\u2009=\u2009.99; GFI\u2009=\u20090.98; ITL\u2009=\u2009.99; RECM\u2009=\u2009.03; <em>p<\/em> (RECM&lt;.05)\u2009=\u2009.80]9. La qualitat de l&#8217;ajustament local i la fiabilitat interna dels indicadors tamb\u00e9 es van confirmar amb l&#8217;obtenci\u00f3 per part de totes les traject\u00f2ries de c\u00e0rregues factorials significatives (<em>p<\/em>\u2009&lt;\u2009.05) i superiors a .50. En conseq\u00fc\u00e8ncia, es va analitzar el model hipot\u00e8tic (pas 2). El model comprovat (Figura 1) va proporcionar indicadors suficientment ajustats [X<sup>2<\/sup> (18)\u2009=\u200954.18; <em>p<\/em>\u2009=\u2009.001; X<sup>2<\/sup>\/df\u2009=\u20093.01; IAC\u2009=\u2009.96; GFI\u2009=\u2009.96; AGFI\u2009=\u2009.92; ITL\u2009=\u2009.94; RECM\u2009=\u2009.08; <em>p<\/em> (RECM\u2009&lt;\u2009.05)\u2009=\u2009.01]8.<\/p>\n\n\n\n<p>Les variables latents de motivaci\u00f3 controlada i motivaci\u00f3 aut\u00f2noma es van explicar en un 17\u2009% i un 21\u2009%, respectivament, per la qualitat de la CAR (Figura 1). En l&#8217;associaci\u00f3 directa establerta entre la CAR i tant la motivaci\u00f3 aut\u00f2noma com la controlada, els efectes van ser positius (\u03b2\u2009=\u2009.45 i \u03b2\u2009=\u2009.41, respectivament), el que indica que per a cada augment d&#8217;1 desviaci\u00f3 est\u00e0ndard en la unitat de la CAR es produeix un augment del .45 i el .41 en la desviaci\u00f3 est\u00e0ndard en l&#8217;impuls tant de la motivaci\u00f3 aut\u00f2noma com controlada. Aquesta troballa demostra que si els esportistes joves perceben una relaci\u00f3 positiva amb l&#8217;entrenador, basada principalment en l&#8217;admiraci\u00f3, el respecte, la confian\u00e7a i l&#8217;afiliaci\u00f3, estaran motivats per a la pr\u00e0ctica esportiva, sobretot de manera aut\u00f2noma.<\/p>\n\n\n\n<figure class=\"wp-block-image size-full\"><img decoding=\"async\" loading=\"lazy\" width=\"2560\" height=\"1500\" src=\"https:\/\/revista-apunts.com\/wp-content\/uploads\/2020\/10\/FIGURA-1-142-03-CAT.jpg\" alt=\"\" class=\"wp-image-6242\" srcset=\"https:\/\/revista-apunts.com\/wp-content\/uploads\/2020\/10\/FIGURA-1-142-03-CAT.jpg 2560w, https:\/\/revista-apunts.com\/wp-content\/uploads\/2020\/10\/FIGURA-1-142-03-CAT-300x176.jpg 300w, https:\/\/revista-apunts.com\/wp-content\/uploads\/2020\/10\/FIGURA-1-142-03-CAT-1024x600.jpg 1024w, https:\/\/revista-apunts.com\/wp-content\/uploads\/2020\/10\/FIGURA-1-142-03-CAT-768x450.jpg 768w, https:\/\/revista-apunts.com\/wp-content\/uploads\/2020\/10\/FIGURA-1-142-03-CAT-1536x900.jpg 1536w, https:\/\/revista-apunts.com\/wp-content\/uploads\/2020\/10\/FIGURA-1-142-03-CAT-2048x1200.jpg 2048w\" sizes=\"(max-width: 2560px) 100vw, 2560px\" \/><figcaption><br><em>Model estructural del paper de la CAR en la motivaci\u00f3 dels esportistes joves<\/em>.<\/figcaption><\/figure>\n\n\n\n<h2 class=\"wp-block-heading\"><strong>Discussi\u00f3<\/strong><\/h2>\n\n\n\n<p>L&#8217;objectiu d\u2019aquest estudi era investigar la influ\u00e8ncia de la percepci\u00f3 de la qualitat de la CAR en la motivaci\u00f3 d&#8217;estudiants esportistes de l&#8217;estat brasiler de Pernambuco. Els resultats principals van revelar que la qualitat de la CAR est\u00e0 lligada tant a les motivacions aut\u00f2nomes com a les controlades (Fig. 1). A m\u00e9s, els participants que van mostrar m\u00e9s percepci\u00f3 de la qualitat de la CAR van ser els que van obtenir puntuacions m\u00e9s altes en la motivaci\u00f3 aut\u00f2noma, mentre que els que van obtenir una percepci\u00f3 moderada de la qualitat de la CAR van mostrar una desmotivaci\u00f3 i motivaci\u00f3 controlada superiors (Taula 1).&nbsp;<\/p>\n\n\n\n<p>El resultat principal de l&#8217;estudi est\u00e0 relacionat amb l&#8217;associaci\u00f3 lineal entre la qualitat de la CAR i les motivacions, tan aut\u00f2nomes com controlades (Figura 1). Aquest resultat es pot deure al fet que la motivaci\u00f3 aut\u00f2noma \u00e9s responsable de la participaci\u00f3 i continu\u00eftat en l&#8217;esport, aix\u00ed com de les relacions socials que s\u2019originen en el context esportiu (<a href=\"#5\" class=\"ek-link\">Balbinotti i Balbinotti, 2018<\/a>; <a href=\"http:\/\/39\" class=\"ek-link\" target=\"_blank\">Carvalho et al., 2019<\/a>; <a href=\"#6\" class=\"ek-link\">Bengoechea, 1997<\/a>; <a href=\"#29\" class=\"ek-link\">P\u00e9rez-Gonz\u00e1lez et al., 2019<\/a>). D&#8217;aix\u00f2 s\u2019infereix que l&#8217;admiraci\u00f3, el respecte, la confian\u00e7a i l\u2019afiliaci\u00f3 amb l&#8217;entrenador semblen actuar com un factor de protecci\u00f3 davant la desmotivaci\u00f3 i la motivaci\u00f3 de baixa qualitat entre els estudiants esportistes per a la pr\u00e0ctica esportiva (<a href=\"#4\" class=\"ek-link\">Balaguer, Castillo, R\u00f3denas, Fabra i Duda, 2015<\/a>; <a href=\"#20\" class=\"ek-link\">Jowett i Shanmugam, 2016<\/a>; <a href=\"#40\" class=\"ek-link\">Vieira et al., 2018<\/a>). Aquests resultats coincideixen amb els indicadors de la teoria de l&#8217;avaluaci\u00f3&nbsp; cognitiva, que explica que l&#8217;entorn social influeix en la conducta de les persones (<a href=\"#31\" class=\"ek-link\">Prentice, Jayawickreme, i Fleeson, 2018<\/a>). Per corroborar-los, <a href=\"#29\" class=\"ek-link\">P\u00e9rez-Gonz\u00e1lez et al. (2019)<\/a> van realitzar una revisi\u00f3 sistem\u00e0tica amb joves estudiants d&#8217;educaci\u00f3 f\u00edsica i van verificar que els nivells m\u00e9s elevats de motivaci\u00f3, participaci\u00f3 a classe i una activitat f\u00edsica habitual m\u00e9s elevada s\u00f3n conseq\u00fc\u00e8ncia de la potenciaci\u00f3 de l&#8217;autonomia per part del mestre. <a href=\"#24\" class=\"ek-link\">Moura et al. (2019)<\/a> i <a href=\"#35\" class=\"ek-link\">S\u00e1nchez Oliva et al. (2012) <\/a>van observar que una CAR d&#8217;alta qualitat \u00e9s essencial perqu\u00e8 l&#8217;esportista obtingui plaer i satisfacci\u00f3 durant la pr\u00e0ctica de l&#8217;esport. A m\u00e9s, l&#8217;entorn social (pares, amistats i \u00eddols, per exemple) tamb\u00e9 funcionen com a font de motivaci\u00f3 per a la consecuci\u00f3 de tasques (motivaci\u00f3 aut\u00f2noma), ja que les deduccions fetes pels entrenadors poden reflectir-se en la relaci\u00f3 de l&#8217;equip.<\/p>\n\n\n\n<p>Aquestes troballes concorden amb la miniteoria de la SDT de la motivaci\u00f3 en les relacions (<a href=\"#12\" class=\"ek-link\">Deci i Ryan, 2012<\/a>), que assenyala que l&#8217;entorn social influeix en les activitats que escullen les persones i en la seva continu\u00eftat a l&#8217;hora de practicar-les, per aix\u00f2 l&#8217;entorn social pot estimular els esportistes a millorar les seves capacitats tant a nivell individual com en equip. <a href=\"#40\" class=\"ek-link\">Vieira et al. (2018)<\/a> tamb\u00e9 van descobrir que la CAR \u00e9s fonamental perqu\u00e8 el comportament regulat per factors externs no influeixi negativament en la percepci\u00f3 de cohesi\u00f3 de l&#8217;equip en el context del futbol professional. D&#8217;altra banda, <a href=\"#9\" class=\"ek-link\">Carvalho et al. (2019)<\/a> han demostrat que una CAR de baixa qualitat pot agreujar la desmotivaci\u00f3 dels joves futbolistes i comportar un desinter\u00e8s dels jugadors en l&#8217;esport.&nbsp;<\/p>\n\n\n\n<p>A m\u00e9s, les correlacions van posar en evid\u00e8ncia que les regulacions m\u00e9s pr\u00f2ximes a la motivaci\u00f3 aut\u00f2noma demostraven estar m\u00e9s vinculades amb les dimensions de la CAR (Taula 2). Aquests resultats indiquen que, quan els pensaments i els comportaments dels estudiants esportistes estan m\u00fatuament relacionats amb els dels seus entrenadors o professors hi ha m\u00e9s tend\u00e8ncia a qu\u00e8 els primers presentin un comportament regulat per factors intr\u00ednsecs amb relaci\u00f3 a la pr\u00e0ctica esportiva (<a href=\"#9\" class=\"ek-link\">Carvalho et al., 2019<\/a>; <a href=\"#29\" class=\"ek-link\">P\u00e9rez-Gonz\u00e1lez et al., 2019<\/a>; <a href=\"#8\" class=\"ek-link\">Cheuczuk et al., 2016<\/a>). Aquests resultats es basen en la SDT, que assenyala que en la motivaci\u00f3 de les persones influeixen figures d&#8217;autoritat com els pares, els entrenadors i els professors que dirigeixen les activitats i tenen un impacte en el seu desenvolupament (<a href=\"#12\" class=\"ek-link\">Deci i Ryan, 2012<\/a>). Per tant, es pot destacar que les experi\u00e8ncies positives que aquestes figures aporten poden centrar-se en les actituds psicol\u00f2giques dels joves esportistes a tall de motivaci\u00f3 i satisfacci\u00f3.<\/p>\n\n\n\n<p>A m\u00e9s, la desmotivaci\u00f3 va mostrar una correlaci\u00f3 negativa amb totes les dimensions de la CAR (Taula 2), la qual cosa indica que la falta de motivaci\u00f3 i inter\u00e8s per realitzar una tasca per part de l&#8217;esportista est\u00e0 vinculada amb una mala relaci\u00f3 amb l&#8217;entrenador (Taula 2). D\u2019acord amb la SDT, la desmotivaci\u00f3 \u00e9s la falta de motivaci\u00f3, tan intr\u00ednseca com extr\u00ednseca, per la qual la persona deixa de tenir un motiu per exercir una tasca i se sent incompetent (<a href=\"#12\" class=\"ek-link\">Deci i Ryan, 2012<\/a>). Encara que estudis recents assenyalen que la desmotivaci\u00f3 a la pr\u00e0ctica esportiva tamb\u00e9 est\u00e0 relacionada amb factors com un entrenament excessiu, lesions, assetjament i una baixa percepci\u00f3 de les compet\u00e8ncies personals (<a href=\"#23\" class=\"ek-link\">Myer et al., 2015<\/a>), el context social tamb\u00e9 es considera un factor de la falta de motivaci\u00f3 en l&#8217;adolesc\u00e8ncia (<a href=\"#39\" class=\"ek-link\">Vieira et al., 2013<\/a>; <a href=\"#25\" class=\"ek-link\">Nascimento Junior et al., 2017<\/a>). <a href=\"#25\" class=\"ek-link\">Nascimento Junior et al. (2017)<\/a> van detectar una forta relaci\u00f3 entre la desmotivaci\u00f3 i el rebuig i la sobreprotecci\u00f3 dels pares entre els esportistes que practicaven futbol sala, la qual cosa revela que la influ\u00e8ncia negativa de l&#8217;entorn social pot incrementar la desmotivaci\u00f3 de l&#8217;esportista. Aix\u00ed doncs, la qualitat de la CAR \u00e9s molt important per mantenir el jove esportista motivat intr\u00ednsecament per a la pr\u00e0ctica de l&#8217;esport.<\/p>\n\n\n\n<p>Una altra troballa important al\u00b7ludeix a la puntuaci\u00f3 m\u00e9s elevada en les regulacions pr\u00f2ximes a la motivaci\u00f3 aut\u00f2noma en el cas dels esportistes que creuen tenir una CAR d&#8217;alta qualitat (Taula 1) (<a href=\"#16\" class=\"ek-link\">Hampson i Jowett, 2014<\/a>; <a href=\"#20\" class=\"ek-link\">Jowett i Shanmugam, 2016<\/a>; <a href=\"#37\" class=\"ek-link\">Torres, 2014<\/a>). Aquests resultats indiquen que els estudiants esportistes que perceben m\u00e9s proximitat, comprom\u00eds i complementarietat amb l&#8217;entrenador se senten m\u00e9s determinats a la pr\u00e0ctica de l&#8217;esport. <a href=\"#20\" class=\"ek-link\">Jowett i Shanmugam (2016)<\/a> afirmen que les relacions di\u00e0diques permeten la transformaci\u00f3 tant dels entrenadors com dels esportistes. Aix\u00ed doncs, una connexi\u00f3 m\u00fatua efectiva \u00e9s beneficiosa per a la sensaci\u00f3 de pertinen\u00e7a i de sentir-se valorat en els esports d&#8217;equip. <a href=\"#16\" class=\"ek-link\">Hampson i Jowett (2014)<\/a> indiquen que la percepci\u00f3 de l&#8217;esportista sobre la relaci\u00f3 afectiva, cognitiva i conductual que t\u00e9 amb l&#8217;entrenador fomenta una motivaci\u00f3 de m\u00e9s qualitat per executar les seves tasques i desenvolupar noves aptituds. Per tant, la qualitat de la CAR exerceix un paper fonamental en la motivaci\u00f3 de l&#8217;estudiant esportista en el context dels esports escolars.&nbsp;<\/p>\n\n\n\n<p>Malgrat les aportacions a la literatura relacionades amb l&#8217;associaci\u00f3 entre la qualitat de la CAR i la motivaci\u00f3 en el context dels esports escolars, conv\u00e9 destacar algunes limitacions. En primer lloc, en aquest estudi nom\u00e9s van participar estudiants esportistes d&#8217;un estat (Pernambuco), la qual cosa&nbsp; no representa la realitat de tots els esportistes joves del Brasil, tot i que la mostra pot considerar-se rellevant perqu\u00e8 aquests estudiants esportistes van participar en la principal competici\u00f3 escolar de l&#8217;estat. La segona es refereix al disseny transeccional utilitzat en l&#8217;estudi de recerca, que no permet infer\u00e8ncies de causalitat entre les variables; una altra va ser el fet que no es van comparar les dades per g\u00e8nere (femen\u00ed\/ mascul\u00ed), modalitat (esport individual\/esport d&#8217;equip) i grup d&#8217;edat. Per tant, en el futur convindria que altres recerques continu\u00efn indagant en la relaci\u00f3 entre les variables esmentades, analitzant el cas d&#8217;esportistes d&#8217;altres regions del pa\u00eds i utilitzant un disseny prospectiu amb l&#8217;objectiu d&#8217;establir noves evid\u00e8ncies sobre l&#8217;associaci\u00f3 entre la qualitat de la CAR i la motivaci\u00f3 dels joves esportistes amb el pas del temps.<\/p>\n\n\n\n<h2 class=\"wp-block-heading\"><strong>Conclusions<\/strong><\/h2>\n\n\n\n<p>La qualitat de la CAR pot considerar-se un factor clau en el desenvolupament de la motivaci\u00f3 (controlada i aut\u00f2noma) dels estudiants esportistes per a la pr\u00e0ctica de l&#8217;esport. Es pot destacar que com m\u00e9s gran \u00e9s la qualitat de la CAR d&#8217;un esportista, m\u00e9s es desenvolupa la seva motivaci\u00f3 aut\u00f2noma. Ara b\u00e9, la CAR tamb\u00e9 pot comportar el desenvolupament d&#8217;una motivaci\u00f3 controlada, encara que amb menor intensitat. Com implicacions pr\u00e0ctiques d\u2019aquesta recerca, es pot destacar la import\u00e0ncia de generar un entorn per a la relaci\u00f3 basat en l&#8217;autonomia, la confian\u00e7a, el comprom\u00eds i la proximitat per part dels entrenadors, els professionals de l&#8217;educaci\u00f3 f\u00edsica, ja que l&#8217;esmentat entorn tendeix a contribuir al desenvolupament de la motivaci\u00f3 intr\u00ednseca de l&#8217;adolescent en el context esportiu.<\/p>\n","protected":false},"excerpt":{"rendered":"<p>Resum L\u2019objectiu d\u2019aquest estudi transversal va ser investigar la influ\u00e8ncia de la percepci\u00f3 de la qualitat de la relaci\u00f3 entrenador-esportista (CAR) en la motivaci\u00f3 entre els joves estudiants esportistes de l\u2019estat de Pernambuco, Brasil. Els participants van ser 301 estudiants que van participar en els Jocs Escolars de Pernambuco 2017. Els instruments utilitzats van ser [&hellip;]<\/p>\n","protected":false},"author":4,"featured_media":0,"comment_status":"open","ping_status":"open","sticky":false,"template":"","format":"standard","meta":{"_editorskit_title_hidden":false,"_editorskit_reading_time":14,"_editorskit_is_block_options_detached":false,"_editorskit_block_options_position":"{}","inline_featured_image":false,"advgb_blocks_editor_width":"","advgb_blocks_columns_visual_guide":"","footnotes":""},"categories":[4],"tags":[732,153,733,730,731],"author_meta":{"display_name":"Redaccio","author_link":"https:\/\/revista-apunts.com\/ca\/author\/redaccio\/"},"featured_img":null,"coauthors":[],"tax_additional":{"categories":{"linked":["<a href=\"https:\/\/revista-apunts.com\/ca\/category\/sense-categoria\/\" class=\"advgb-post-tax-term\">Sense categoria<\/a>"],"unlinked":["<span class=\"advgb-post-tax-term\">Sense categoria<\/span>"]},"tags":{"linked":["<a href=\"https:\/\/revista-apunts.com\/ca\/category\/sense-categoria\/\" class=\"advgb-post-tax-term\">autodeterminaci\u00f3<\/a>","<a href=\"https:\/\/revista-apunts.com\/ca\/category\/sense-categoria\/\" class=\"advgb-post-tax-term\">esport<\/a>","<a href=\"https:\/\/revista-apunts.com\/ca\/category\/sense-categoria\/\" class=\"advgb-post-tax-term\">psicologia de l\u2019esport<\/a>","<a href=\"https:\/\/revista-apunts.com\/ca\/category\/sense-categoria\/\" class=\"advgb-post-tax-term\">psicolog\u00eda del deporte<\/a>","<a href=\"https:\/\/revista-apunts.com\/ca\/category\/sense-categoria\/\" class=\"advgb-post-tax-term\">relacions interpersonals<\/a>"],"unlinked":["<span class=\"advgb-post-tax-term\">autodeterminaci\u00f3<\/span>","<span class=\"advgb-post-tax-term\">esport<\/span>","<span class=\"advgb-post-tax-term\">psicologia de l\u2019esport<\/span>","<span class=\"advgb-post-tax-term\">psicolog\u00eda del deporte<\/span>","<span class=\"advgb-post-tax-term\">relacions interpersonals<\/span>"]}},"comment_count":"0","relative_dates":{"created":"Posted 6 anys ago","modified":"Updated 6 anys ago"},"absolute_dates":{"created":"Posted on 27 setembre 2020","modified":"Updated on 12 octubre 2020"},"absolute_dates_time":{"created":"Posted on 27 setembre 2020 18:43","modified":"Updated on 12 octubre 2020 09:48"},"featured_img_caption":"","series_order":"","_links":{"self":[{"href":"https:\/\/revista-apunts.com\/ca\/wp-json\/wp\/v2\/posts\/5807\/"}],"collection":[{"href":"https:\/\/revista-apunts.com\/ca\/wp-json\/wp\/v2\/posts\/"}],"about":[{"href":"https:\/\/revista-apunts.com\/ca\/wp-json\/wp\/v2\/types\/post\/"}],"author":[{"embeddable":true,"href":"https:\/\/revista-apunts.com\/ca\/wp-json\/wp\/v2\/users\/4\/"}],"replies":[{"embeddable":true,"href":"https:\/\/revista-apunts.com\/ca\/wp-json\/wp\/v2\/comments\/?post=5807"}],"version-history":[{"count":11,"href":"https:\/\/revista-apunts.com\/ca\/wp-json\/wp\/v2\/posts\/5807\/revisions\/"}],"predecessor-version":[{"id":7364,"href":"https:\/\/revista-apunts.com\/ca\/wp-json\/wp\/v2\/posts\/5807\/revisions\/7364\/"}],"wp:attachment":[{"href":"https:\/\/revista-apunts.com\/ca\/wp-json\/wp\/v2\/media\/?parent=5807"}],"wp:term":[{"taxonomy":"category","embeddable":true,"href":"https:\/\/revista-apunts.com\/ca\/wp-json\/wp\/v2\/categories\/?post=5807"},{"taxonomy":"post_tag","embeddable":true,"href":"https:\/\/revista-apunts.com\/ca\/wp-json\/wp\/v2\/tags\/?post=5807"}],"curies":[{"name":"wp","href":"https:\/\/api.w.org\/{rel}","templated":true}]}}