{"id":3270,"date":"2020-07-01T08:58:00","date_gmt":"2020-07-01T08:58:00","guid":{"rendered":"http:\/\/revista-apunts.com\/?p=3270"},"modified":"2020-10-12T17:06:38","modified_gmt":"2020-10-12T17:06:38","slug":"hibridacio-del-model-pedagogic-de-responsabilitat-personal-i-social-i-ludificacio-en-educacio-fisica","status":"publish","type":"post","link":"https:\/\/revista-apunts.com\/ca\/hibridacio-del-model-pedagogic-de-responsabilitat-personal-i-social-i-ludificacio-en-educacio-fisica\/","title":{"rendered":"Hibridaci\u00f3 del model pedag\u00f2gic de responsabilitat personal i social i  ludificaci\u00f3 en educaci\u00f3 f\u00edsica"},"content":{"rendered":"\n<h2 class=\"wp-block-heading\"><strong>Resum<\/strong><\/h2>\n\n\n\n<p>L&#8217;objectiu d&#8217;aquest estudi va ser analitzar el resultat d&#8217;una&nbsp; intervenci\u00f3 docent basada en la hibridaci\u00f3 del model pedag\u00f2gic de responsabilitat personal i social (MRPS) amb l&#8217;estrat\u00e8gia&nbsp; innovadora de la ludificaci\u00f3. Mitjan\u00e7ant una an\u00e0lisi metodol\u00f2gica mixta (<em>Mixed Methods<\/em>) que consisteix en la combinaci\u00f3 de l&#8217;observaci\u00f3 de la interacci\u00f3 docent-discent i q\u00fcestionaris motivacionals de l&#8217;alumnat, es va evidenciar l&#8217;efecte d&#8217;aquesta formulaci\u00f3 innovadora did\u00e0ctica sobre participants d&#8217;ambd\u00f3s g\u00e8neres. La mostra va estar composta per 55 alumnes d&#8217;un centre educatiu de la prov\u00edncia de M\u00farcia (28 noies i 27 nois) d&#8217;entre 13 i 17 anys (<em>M<\/em> : 14.29;<em> DT<\/em> : .875) de 2 cursos de 2n i 3r d&#8217;ESO.&nbsp; Es va realitzar una an\u00e0lisi observacional de l&#8217;actuaci\u00f3 i interacci\u00f3 del docent-discent, gravant en v\u00eddeo deu sessions codificades amb l&#8217;instrument&nbsp; d&#8217;observaci\u00f3&nbsp; de responsabilitat personal i social (SORPS) i registrades amb el programari Lince v.2.0., per obtenir els patrons temporals (<em>t-patterns<\/em>) de la conducta docent amb el programari Theme versi\u00f3 6. Edu. L&#8217;escala&nbsp; de motivaci\u00f3 educativa en secund\u00e0ria es va administrar per analitzar la motivaci\u00f3 autodeterminada dels estudiants i les dades van ser introdu\u00efdes en el programa estad\u00edstic SPSS v.22.0 per a la seva posterior an\u00e0lisi.<br>Els resultats van mostrar una prevalen\u00e7a de cessi\u00f3 d&#8217;autonomia i responsabilitat en les conductes del docent als participants, que va generar una motivaci\u00f3 m\u00e9s&nbsp;autodeterminada entre l&#8217;alumnat. Es va concloure que l&#8217;aplicaci\u00f3 d&#8217;un programa basat en la hibridaci\u00f3 del model pedag\u00f2gic MRPS i la ludificaci\u00f3 resulta efectiva per millorar els seus nivells d&#8217;autonomia, responsabilitat i motivaci\u00f3.<\/p>\n\n\n <div class=\"tags\"> <p><strong>Paraules clau:<\/strong> <span>innovaci\u00f3 pedag\u00f2gica<\/span>, <span>mixed methods research<\/span>, <span>T-patterns<\/span><\/p> <\/div> \n\n\n\n<h2 class=\"wp-block-heading\"><strong>Introducci\u00f3<\/strong><\/h2>\n\n\n\n<p>Cap als anys setanta, figures destacables en l&#8217;\u00e0rea de l&#8217;educaci\u00f3 f\u00edsica (EF), com Muska Mosston, van introduir conceptes com les estrat\u00e8gies d&#8217;aprenentatge i estils d&#8217;ensenyament a fi d&#8217;obrir noves perspectives als docents i deixar enrere l&#8217;orientaci\u00f3 militar que prevalia en l&#8217;educaci\u00f3 f\u00edsica (<a href=\"#40\" class=\"ek-link\">Mosston i Ashworth, 2002<\/a>), el que va permetre avan\u00e7ar en els aspectes did\u00e0ctics de l&#8217;EF d&#8217;aquella \u00e8poca passant d&#8217;un proc\u00e9s d&#8217;ensenyament-aprenentatge enfocat en el professorat a un altre m\u00e9s centrament en l&#8217;alumnat&nbsp; (<a href=\"#34\" class=\"ek-link\">Men\u00e9ndez i Fern\u00e1ndez-R\u00edo, 2016a<\/a>).&nbsp;<\/p>\n\n\n\n<p>Amb el pas dels anys, es van introduir nous conceptes rellevants per a l&#8217;\u00e0mbit&nbsp; educatiu en general, com el model d&#8217;ensenyament&nbsp; de <a href=\"#26\" class=\"ek-link\">Joyce i Weil (1985)<\/a>, definit com un pla estructurat que serveix de guia per configurar el curr\u00edculum, els materials d&#8217;ensenyament&nbsp; i la pr\u00e0ctica docent. Per a l&#8217;EF&nbsp; en particular, es va definir com a model curricular de <a href=\"#25\" class=\"ek-link\">Jewett et al., (1995)<\/a>, ent\u00e8s com un patr\u00f3 general per crear programes contextualitzats que inclou objectius, continguts, procediments i ambients d&#8217;aprenentatge,&nbsp; o el model d&#8217;instrucci\u00f3 de <a href=\"#37\" class=\"ek-link\">Metzler (2011)<\/a> referit a una intervenci\u00f3 docent basada en teories d&#8217;aprenentatge,&nbsp; context educatiu, objectius, continguts, gesti\u00f3 de classe, estrat\u00e8gies i estils d&#8217;ensenyament i avaluaci\u00f3 (<a href=\"#33\" class=\"ek-link\">Men\u00e9ndez, 2017<\/a>).<\/p>\n\n\n\n<p>Tanmateix,&nbsp; <a href=\"#20\" class=\"ek-link\">Haerens, et al., (2011)<\/a> posteriorment van introduir el nou concepte model pedag\u00f2gic, en el qual es destaca la interdepend\u00e8ncia existent entre l&#8217;ensenyament&nbsp; (docent), aprenentatge (discent), context i continguts, per crear programes o unitats did\u00e0ctiques que facilitin l&#8217;aprenentatge&nbsp; de l&#8217;alumnat&nbsp; mitjan\u00e7ant la creaci\u00f3 d&#8217;ambients&nbsp; d&#8217;aprenentatge&nbsp; coherents amb aquests models (<a href=\"#44\" class=\"ek-link\">Peir\u00f3 i Juli\u00e1n, 2015<\/a>).<\/p>\n\n\n\n<p><strong>La innovaci\u00f3 amb els models pedag\u00f2gics en EF<\/strong><\/p>\n\n\n\n<p>En aquest context innovador, <a href=\"#4\" class=\"ek-link\">Bl\u00e1zquez (2016)<\/a> assenyala la import\u00e0ncia de la introducci\u00f3 de metodologies actives, i com dur-les a terme com a&nbsp; element curricular que afavoreixi el desenvolupament competencial, la motivaci\u00f3 i la participaci\u00f3 activa. Els models pedag\u00f2gics formen part d&#8217;aquestes metodologies actives que juntament amb la pr\u00e0ctica basada en models (PBM) estan substituint la did\u00e0ctica centrada en el professorat (<a href=\"#21\" class=\"ek-link\">Hastie y Casey, 2014<\/a>).&nbsp;<\/p>\n\n\n\n<p>Alguns d&#8217;aquests models pedag\u00f2gics (MP) m\u00e9s experimentats i contrastats s\u00f3n el model comprensiu de l&#8217;esport&nbsp; (TGFU, Teaching Games for Understanding) (<a href=\"#56\" class=\"ek-link\">Thorpe i B\u00fanquer, 1989<\/a>); el model de responsabilitat personal i social (MRPS) (<a href=\"#23\" class=\"ek-link\">Hellison, 2011<\/a>); el model d&#8217;aprenentatge&nbsp; cooperatiu (AC) (<a href=\"#27\" class=\"ek-link\">Johnson, et al., 2013<\/a>); el model d&#8217;educaci\u00f3&nbsp; esportiva (ED) (<a href=\"#53\" class=\"ek-link\">Siedentop, et al., 2011<\/a>), o el model d&#8217;educaci\u00f3&nbsp; f\u00edsica relacionada amb la salut (EFS) (<a href=\"#20\" class=\"ek-link\">Haerens et al., 2011<\/a>). No tots els MP es poden aplicar a tots els continguts i\/o contextos educatius, per aix\u00f2 \u00e9s necessari utilitzar-los i combinar-los entre ells i tamb\u00e9 barrejar-los amb m\u00e8todes innovadors i noves estrat\u00e8gies pedag\u00f2giques.&nbsp;<\/p>\n\n\n\n<p><strong>El model de responsabilitat personal i social (MRPS)&nbsp;<\/strong><\/p>\n\n\n\n<p>El MRPS (<a href=\"#22\" class=\"ek-link\">Hellison, 1995<\/a>) va sorgir com un programa d&#8217;activitat&nbsp; f\u00edsica dirigit a joves en risc d&#8217;exclusi\u00f3&nbsp; social de les ciutats de Chicago i Portland (Estats Units). L&#8217;objectiu&nbsp; d&#8217;aquest&nbsp; programa era proporcionar a l&#8217;esmentat col\u00b7lectiu una s\u00e8rie d&#8217;aprenentatges,&nbsp; comportaments i valors mitjan\u00e7ant el desenvolupament de la responsabilitat que els resultessin \u00fatils per al desenvolupament&nbsp; de la seva vida personal. <a href=\"#23\" class=\"ek-link\">Hellison (2011)<\/a> treballava els valors a trav\u00e9s de l&#8217;activitat f\u00edsica i l&#8217;esport a partir de cinc nivells progressius i acumulatius de responsabilitat amb fites concretes i senzilles: a) respecte pels drets i sentiments dels altres; b) participaci\u00f3 i esfor\u00e7; c) autonomia personal; d) ajuda als altres i lideratge, i e) activitat fora del context esportiu.<\/p>\n\n\n\n<p>En l&#8217;\u00faltima&nbsp; d\u00e8cada l&#8217;aplicaci\u00f3 del MRPS va experimentar un augment notable amb la finalitat de treballar valors mitjan\u00e7ant l&#8217;activitat f\u00edsica, fent d&#8217;aquest model un eix principal en l&#8217;\u00e0mbit&nbsp; de l&#8217;EF (<a href=\"#13\" class=\"ek-link\">Escart\u00ed, et al., 2011<\/a>; <a href=\"#2\" class=\"ek-link\">Belando et al., 2012<\/a>; <a href=\"#52\" class=\"ek-link\">S\u00e1nchez-Alcaraz et al., 2016<\/a>).&nbsp;<\/p>\n\n\n\n<p><strong>El m\u00e8tode de la ludificaci\u00f3 &nbsp;<\/strong><\/p>\n\n\n\n<p>La ludificaci\u00f3 (GF per l\u2019angl\u00e8s) \u00e9s l&#8217;\u00fas de mec\u00e0niques de&nbsp;<\/p>\n\n\n\n<p>joc en entorns no l\u00fadics, amb la finalitat de potenciar la motivaci\u00f3, concentraci\u00f3, l&#8217;esfor\u00e7, la fidelitzaci\u00f3 i altres valors positius comuns als jocs (<a href=\"#18\" class=\"ek-link\">Gonz\u00e1lez i Mora, 2015<\/a>). Tanmateix, en l&#8217;\u00e0mbit educatiu la ludificaci\u00f3 es refereix a l&#8217;\u00fas d&#8217;elements del joc per involucrar els discents, motivar-los i promoure l&#8217;aprenentatge i la resoluci\u00f3 de problemes (<a href=\"#3\" class=\"ek-link\">Beltr\u00e1n, 2017<\/a>).&nbsp;<\/p>\n\n\n\n<p>\u00c9s important destacar que, encara que la ludificaci\u00f3 incorpora elements del joc per aprofitar-los al marc&nbsp; educatiu, no es tracta d&#8217;utilitzar&nbsp; jocs en si mateixos, sin\u00f3 emprar alguns dels seus elements i mec\u00e0niques de funcionament per enriquir l&#8217;experi\u00e8ncia&nbsp; d&#8217;aprenentatge&nbsp; (<a class=\"ek-link\" href=\"#12\">Deterding, et al., 2011<\/a>). Els elements que la componen s\u00f3n: les din\u00e0miques (recompenses, estatus, assoliments, competici\u00f3, altruisme, retroalimentaci\u00f3 o diversi\u00f3); les mec\u00e0niques (nivells, avatars, missions o reptes, b\u00e9ns virtuals, regals o premis); l&#8217;est\u00e8tica&nbsp; (imatges agradables en vista del &nbsp; jugador); la motivaci\u00f3 pel desafiament, i els&nbsp; problemes i fita (<a class=\"ek-link\" href=\"#28\">Kapp, 2012<\/a>; <a class=\"ek-link ek-link\" href=\"#59\">Zichermann i Cunningham, 2011<\/a>).<\/p>\n\n\n\n<p>La implementaci\u00f3 de la ludificaci\u00f3 en EF s&#8217;ha incorporat com un nou m\u00e8tode entre els equips docents, consolidant-se com una estrat\u00e8gia d&#8217;aprenentatge emergent ja que proporciona aspectes positius com el foment de la motivaci\u00f3, l&#8217;inter\u00e8s de l&#8217;alumnat per aprendre, un major rendiment i adher\u00e8ncia a la pr\u00e0ctica d&#8217;activitat f\u00edsica (AF) (<a href=\"#14\" class=\"ek-link\">Escarvajal i Mart\u00edn-Acosta, 2019<\/a>; <a href=\"#35\" class=\"ek-link\">Men\u00e9ndez i Fern\u00e1ndez-R\u00edo, 2016b<\/a>; <a href=\"#41\" class=\"ek-link\">Navarro, et al., 2017<\/a>; <a href=\"#43\" class=\"ek-link\">Ordiz, 2017<\/a>; <a href=\"#48\" class=\"ek-link\">Quintero, et al., 2018<\/a>).&nbsp;<\/p>\n\n\n\n<p><strong>La hibridaci\u00f3 dels models pedag\u00f2gics en EF<\/strong><\/p>\n\n\n\n<p>L&#8217;actual&nbsp; emerg\u00e8ncia de nous models pedag\u00f2gics corre paral\u00b7lela a la seva hibridaci\u00f3 amb diversos m\u00e8todes did\u00e0ctics, aflu\u00e8ncia de combinacions que es proposen avui dia&nbsp; com una estrat\u00e8gia did\u00e0ctica innovadora. La inclusi\u00f3 d&#8217;aquest tipus de metodologies en l&#8217;actual sistema educatiu adquireix cada vegada m\u00e9s rellev\u00e0ncia a causa que proporcionen a l&#8217;alumnat gran protagonisme, participaci\u00f3, autonomia, autoregulaci\u00f3 (<a href=\"#47\" class=\"ek-link\">Puigarnau et al., 2016<\/a>) i, sobretot, els dota d&#8217;una major motivaci\u00f3 (<a href=\"#16\" class=\"ek-link\">Fern\u00e1ndez-R\u00edo et al., 2016<\/a>). <\/p>\n\n\n\n<p>El MRPS est\u00e0 sent vinculat fortament amb el model d&#8217;educaci\u00f3&nbsp; esportiva (MED) lligat al fet que comparteixen alguns plantejaments respecte a la responsabilitat (<a href=\"#53\" class=\"ek-link\">Siedentop et al., 2011<\/a>). Un dels primers estudis en els quals es van hibridar aquests dos models es va aplicar al rugbi (<a href=\"#19\" class=\"ek-link\">Gordon i Doyle, 2015<\/a>), i es van aconseguir millores significatives en els comportaments de l\u2019alumnat. Recentment destaca l&#8217;experi\u00e8ncia de <a href=\"#34\" class=\"ek-link\">Men\u00e9ndez i Fern\u00e1ndez-R\u00edo (2016a)<\/a> en el <em>kickboxing<\/em> educatiu (sense contacte) en alumnes de 4t d&#8217;ESO. L&#8217;altre gran model pedag\u00f2gic hibridat amb el MRPS \u00e9s l&#8217;aprenentatge&nbsp; cooperatiu (AP) (<a href=\"#36\" class=\"ek-link\">Merino, et al., 2017<\/a>), a causa de les connexions que existeixen entre els dos models; el proc\u00e9s d&#8217;ensenyament-aprenentatge se centra en l&#8217;estudiant; l&#8217;aprenentatge es dona en un context participatiu, i el discent es responsabilitza amb l&#8217;aprenentatge actiu i interacci\u00f3 social (<a href=\"#15\" class=\"ek-link\">Fern\u00e1ndez-R\u00edo, 2014<\/a>).<\/p>\n\n\n\n<p>En aquesta l\u00ednia innovadora hi ha poques experi\u00e8ncies que combinin el MRPS dins d&#8217;un projecte ludificat. L&#8217;objectiu d&#8217;aquest estudi va ser implementar una estrat\u00e8gia did\u00e0ctica basada en la hibridaci\u00f3 del model pedag\u00f2gic de MRPS (proporcionant m\u00e9s protagonisme, participaci\u00f3, autonomia, autoregulaci\u00f3) amb la ludificaci\u00f3 per constatar els patrons conductuals de l&#8217;actuaci\u00f3 d&#8217;un docent i l&#8217;efecte sobre la motivaci\u00f3, diferenciada per g\u00e8neres, que provoca en el seu alumnat d&#8217;EF d&#8217;ESO&nbsp; en un trimestre escolar.<\/p>\n\n\n\n<h2 class=\"wp-block-heading\"><strong>Metodologia<\/strong><\/h2>\n\n\n\n<p><strong>Participants<\/strong><\/p>\n\n\n\n<p>La mostra de l&#8217;estudi, de cas \u00fanic, va estar formada per un professor d&#8217;EF&nbsp; amb experi\u00e8ncia en metodologies actives i 55 alumnes d&#8217;EF adolescents (28 noies i 27 nois) d&#8217;entre 13 i 17 anys (<em>M<\/em> = 14.29;&nbsp; <em>DT<\/em>= .875) repartits en 2 cursos homogenis de 2n i 3r d&#8217;ESO&nbsp; d&#8217;un centre educatiu p\u00fablic de la prov\u00edncia de M\u00farcia. La selecci\u00f3 de la mostra va ser per accessibilitat i conveni\u00e8ncia, a causa que l&#8217;educador utilitzava una metodologia basada en el MRPS hibridat amb ludificaci\u00f3 (MRPS+GF). Com a criteris d&#8217;exclusi\u00f3, es van eliminar aquells&nbsp; alumnes que ja havien desenvolupat les seves classes amb aquest tipus de metodologia. Els participants, aix\u00ed com els seus pares o tutors legals en el cas dels alumnes menors d&#8217;edat, van ser informats en relaci\u00f3 amb l&#8217;estudi,&nbsp; d&#8217;acord&nbsp; amb les directrius (consentiment, confidencialitat i anonimat) del comit\u00e8 \u00e8tic de la Universitat de M\u00farcia (ID: 2380\/2019).&nbsp;<\/p>\n\n\n\n<p><strong>Instruments utilitzats<\/strong><\/p>\n\n\n\n<p>L&#8217;instrument d&#8217;observaci\u00f3 (Taula 1) va ser el Sistema d&#8217;Observaci\u00f3&nbsp; de la Responsabilitat Personal i Social (SORPS) (<a href=\"#46\" class=\"ek-link\">Prat et al., 2019<\/a>) basat en la comunicaci\u00f3 docent (<a href=\"#8\" class=\"ek-link\">Casta\u00f1er, et al., 2010<\/a>), validat per experts i adaptat a la ludificaci\u00f3. Aquest instrument, compost per 6 criteris exhaustius i 22 categories excloents dins del mateix criteri, va permetre categoritzar l&#8217;actuaci\u00f3, gravada en v\u00eddeo, del docent i la resposta de l&#8217;alumnat de les deu sessions del programa innovador.<\/p>\n\n\n\n<div id=\"volver1410801\" class=\"wp-block-group ver-tabla\"><div class=\"wp-block-group__inner-container is-layout-flow wp-block-group-is-layout-flow\">\n<div class=\"wp-block-columns is-layout-flex wp-container-3 wp-block-columns-is-layout-flex\">\n<div class=\"wp-block-column is-layout-flow wp-block-column-is-layout-flow\">\n<figure class=\"wp-block-image size-large no-figura\"><img decoding=\"async\" loading=\"lazy\" width=\"650\" height=\"467\" src=\"https:\/\/revista-apunts.com\/wp-content\/uploads\/2020\/06\/taula.png\" alt=\"\" class=\"wp-image-2236\" srcset=\"https:\/\/revista-apunts.com\/wp-content\/uploads\/2020\/06\/taula.png 650w, https:\/\/revista-apunts.com\/wp-content\/uploads\/2020\/06\/taula-300x216.png 300w\" sizes=\"(max-width: 650px) 100vw, 650px\" \/><\/figure>\n\n\n\n<p><\/p>\n<\/div>\n\n\n\n<div class=\"wp-block-column is-layout-flow wp-block-column-is-layout-flow\">\n<p><strong>Taula 1<\/strong><br><em>Sistema d&#8217;Observaci\u00f3 de la MRPS+GF<\/em><\/p>\n\n\n\n<p class=\"has-text-align-right\"><a href=\"http:\/\/revista-apunts.com\/ca\/tablas\/taula-1-141-08\/\" class=\"ek-link\">Veure taula<\/a><\/p>\n<\/div>\n<\/div>\n<\/div><\/div>\n\n\n\n<p>L&#8217;instrument de registre va ser (Figura 1) el programari lliure Lince Plus v.1.1. (<a href=\"#54\" class=\"ek-link\">Soto et al.,2019<\/a>), la versatilitat del qual com a multiplataforma va permetre&nbsp; la visualitzaci\u00f3 de dues imatges de la sessi\u00f3, la introducci\u00f3 de les categories del SORPS, una \u00e0gil codificaci\u00f3 a partir de les imatges registrades i la transformaci\u00f3 autom\u00e0tica del registre per al seu tractament ulterior.&nbsp;<\/p>\n\n\n\n<div class=\"wp-block-image\"><figure class=\"aligncenter size-full\"><img decoding=\"async\" loading=\"lazy\" width=\"1168\" height=\"514\" src=\"https:\/\/revista-apunts.com\/wp-content\/uploads\/2020\/07\/FIGURA-1-141-08-CAST-CAT-ENG-1.jpg\" alt=\"\" class=\"wp-image-5267\" srcset=\"https:\/\/revista-apunts.com\/wp-content\/uploads\/2020\/07\/FIGURA-1-141-08-CAST-CAT-ENG-1.jpg 1168w, https:\/\/revista-apunts.com\/wp-content\/uploads\/2020\/07\/FIGURA-1-141-08-CAST-CAT-ENG-1-300x132.jpg 300w, https:\/\/revista-apunts.com\/wp-content\/uploads\/2020\/07\/FIGURA-1-141-08-CAST-CAT-ENG-1-1024x451.jpg 1024w, https:\/\/revista-apunts.com\/wp-content\/uploads\/2020\/07\/FIGURA-1-141-08-CAST-CAT-ENG-1-768x338.jpg 768w\" sizes=\"(max-width: 1168px) 100vw, 1168px\" \/><figcaption><em>Instrument de registre Lince Plus amb el registre d&#8217;una sessi\u00f3 (Soto, et al., 2019).&nbsp;<\/em><\/figcaption><\/figure><\/div>\n\n\n\n<p>El q\u00fcestionari de motivaci\u00f3 va ser l&#8217;escala&nbsp; de motivaci\u00f3 educativa en secund\u00e0ria (EME-S) (<a href=\"#42\" class=\"ek-link\">N\u00fa\u00f1ez, et al., 2010<\/a>). Es compon de 28 \u00edtems, distribu\u00efts en set subescales: desmotivaci\u00f3, regulaci\u00f3 externa, regulaci\u00f3 introjectada, regulaci\u00f3 identificada, motivaci\u00f3 intr\u00ednseca-motivaci\u00f3 intr\u00ednseca al coneixement (MI al coneixement), motivaci\u00f3 intr\u00ednseca a l&#8217;assoliment&nbsp; (MI a l&#8217;assoliment)&nbsp; i motivaci\u00f3 intr\u00ednseca a les experi\u00e8ncies estimulants (MI a les experi\u00e8ncies estimulants); cada subescala consta de quatre \u00edtems. Les respostes es van registrar seguint una escala tipus Likert de set punts: des d&#8217;1)&nbsp; <em>No es correspon en absolut,<\/em> fins a (7) es correspon totalment. Les escales es van agrupar en motivaci\u00f3 intr\u00ednseca (MI al coneixement, MI a l&#8217;assoliment i MI a les experi\u00e8ncies estimulants), motivaci\u00f3 extr\u00ednseca (regulaci\u00f3 identificada, regulaci\u00f3 introjectada i regulaci\u00f3 externa) i desmotivaci\u00f3. Es va calcular a m\u00e9s l&#8217;\u00edndex d&#8217;autodeterminaci\u00f3&nbsp; (<a href=\"#57\" class=\"ek-link\">IAD, Vallerand, 1997<\/a>), mitjan\u00e7ant la f\u00f3rmula [IAD = (M. intr\u00ednseca x 2+R. identificada) &#8211; (R. Introjectada+R. Externa)\/2 &#8211; (Desmotivaci\u00f3 x 2)].<\/p>\n\n\n\n<p><strong>Disseny i procediment<\/strong><\/p>\n\n\n\n<p>En aquest estudi descriptiu observacional es va seguir una metodologia mixta (Mixed Methods) de triangulaci\u00f3 multinivell (<a href=\"#1\" class=\"ek-link\">Anguera et al., 2014<\/a>; <a href=\"#9\" class=\"ek-link\">Casta\u00f1er et al., 2013<\/a>) (Figura 2), per confluir les dades qualitatives de l&#8217;observaci\u00f3 del docent i els quantitatius de la percepci\u00f3 motivacional dels alumnes.<\/p>\n\n\n\n<div class=\"wp-block-image\"><figure class=\"aligncenter size-full\"><img decoding=\"async\" loading=\"lazy\" width=\"1268\" height=\"430\" src=\"https:\/\/revista-apunts.com\/wp-content\/uploads\/2020\/07\/FIGURA-2-141-08-CAT.jpg\" alt=\"\" class=\"wp-image-5270\" srcset=\"https:\/\/revista-apunts.com\/wp-content\/uploads\/2020\/07\/FIGURA-2-141-08-CAT.jpg 1268w, https:\/\/revista-apunts.com\/wp-content\/uploads\/2020\/07\/FIGURA-2-141-08-CAT-300x102.jpg 300w, https:\/\/revista-apunts.com\/wp-content\/uploads\/2020\/07\/FIGURA-2-141-08-CAT-1024x347.jpg 1024w, https:\/\/revista-apunts.com\/wp-content\/uploads\/2020\/07\/FIGURA-2-141-08-CAT-768x260.jpg 768w\" sizes=\"(max-width: 1268px) 100vw, 1268px\" \/><figcaption><em>Triangulaci\u00f3 multinivell del disseny&nbsp;<\/em><\/figcaption><\/figure><\/div>\n\n\n\n<p>Una vegada informat el centre educatiu i el docent d&#8217;EF de l&#8217;objectiu&nbsp; de l&#8217;estudi&nbsp; i sol\u00b7licitar-los la seva participaci\u00f3 amb l&#8217;aval del comit\u00e8 \u00e8tic de la Universitat de M\u00farcia, els alumnes van emplenar un consentiment informat (ells i els seus pares o tutors legals).&nbsp;<\/p>\n\n\n\n<p>La intervenci\u00f3 es va dur a terme al llarg del curs 18-19, i es van hibridar MRPS+GF, associaci\u00f3 metodol\u00f2gica nova en EF, en 10 sessions de 55 minuts utilitzant un projecte d&#8217;intervenci\u00f3 ludificat anomenat \u201cl&#8217;enigma de Seneb\u201d (<a href=\"#31\" class=\"ek-link\">Melero&nbsp; et al.,2019<\/a>). Dissenyant escenaris d&#8217;aprenentatge compostos per una est\u00e8tica i activitats motivants es va promoure la superaci\u00f3 de reptes que pretenien transportar l&#8217;alumnat des de l&#8217;Edat Contempor\u00e0nia fins a la mitologia eg\u00edpcia, passant per altres com l&#8217;asteca, n\u00f2rdica, xinesa, grecoromana i mesopot\u00e0mica, a la recerca de \u201cL&#8217;Arrel\u201d de l&#8217;EF (Seneb en alfabet egipci) per salvaguardar la salut f\u00edsica, psicosocial i emocional a nivell mundial. Per tant, durant aquesta intervenci\u00f3 es van fomentar les relacions socials afectives, la presa de decisions, la potenciaci\u00f3 de compet\u00e8ncies socials i la seva transfer\u00e8ncia fora de l&#8217;\u00e0mbit escolar (<a href=\"#55\" class=\"ek-link\">Tar\u00edn-Moreno, et al., 2013<\/a>), aix\u00ed com la creativitat, la pertinen\u00e7a a un grup i la motivaci\u00f3, entre altres aspectes.&nbsp;<\/p>\n\n\n\n<p>Els objectius principals de la sessi\u00f3 es van encaminar a con\u00e8ixer i vivenciar una estructura competitiva l\u00fadica i a reflexionar sobre els aspectes emocionals i afectius que produeixen els jocs amb guanyadors i perdedors.<\/p>\n\n\n\n<p>En la primera sessi\u00f3, 15 minuts aproximadament, l&#8217;alumnat participant va omplir els q\u00fcestionaris en pres\u00e8ncia del professor d&#8217;EF i l&#8217;investigador&nbsp; principal per resoldre qualsevol tipus de dubte. Despr\u00e9s d&#8217;aquesta avaluaci\u00f3 inicial es van dur a terme els &nbsp; enregistraments en v\u00eddeo de les 10 sessions repartides al llarg del trimestre; 5 sessions de 2n i 5 sessions de 3r de l&#8217;ESO. Per a aix\u00f2 es va utilitzar una c\u00e0mera digital Panasonic (Lumix FZ-100) i un micr\u00f2fon sense fil que portava el docent. Pr\u00e8viament, els observadors es van sotmetre a una formaci\u00f3 i entrenament per comprovar la qualitat del seu registre mitjan\u00e7ant el c\u00e0lcul de concordan\u00e7a de la fiabilitat interobservador i intraobservador utilitzant l&#8217;\u00edndex&nbsp; Kappa de Cohen (<a href=\"#11\" class=\"ek-link\">Cohen, 1960<\/a>), obtenint de mitjana en aquesta prova un valor major de 0.86 (<a href=\"#24\" class=\"ek-link\">Hern\u00e1ndez-Mendo et al., 2014<\/a>).<\/p>\n\n\n\n<p><strong>An\u00e0lisi de dades&nbsp;<\/strong><\/p>\n\n\n\n<p>Es va utilitzar la t\u00e8cnica de detecci\u00f3 de patrons temporals (t-patterns) que ha donat \u00f2ptims resultats en anteriors estudis (<a href=\"#6\" class=\"ek-link\">Casarrubea et al., 2018<\/a>; <a href=\"#7\" class=\"ek-link\">Casta\u00f1er et al., 2011<\/a>;<a href=\"#29\" class=\"ek-link\"> Lozano et al., 2016<\/a>). A la primera an\u00e0lisi per identificar els patrons temporals (t-patterns) m\u00e9s rellevants de l&#8217;actuaci\u00f3 del docent i la resposta dels alumnes, es va exportar el registre de Lince Plus (Arbreda, et al., 2019), conjunt de les 10 sessions, en format (.txt), al programari Theme v.6. Edu. (<a href=\"#32\" class=\"ek-link\">Magnusson, 2000<\/a>), i es van incorporar els par\u00e0metres de recerca de tres multiesdeveniments constitutius i una significaci\u00f3 de .005, tal com va realitzar l&#8217;estudi de <a href=\"#46\" class=\"ek-link\">Prat i cols. (2019)<\/a>.&nbsp;<\/p>\n\n\n\n<p>Posteriorment, amb el programa estad\u00edstic SPSS v.22.0 (Statistical Package for the Social Sciences, SPSS Inc), es va realitzar una an\u00e0lisi a nivell descriptiu i inferencial dels resultats dels q\u00fcestionaris&nbsp; inicials i finals dels participants&nbsp; per con\u00e8ixer l&#8217;efecte de la intervenci\u00f3 sobre la seva motivaci\u00f3 autodeterminada. Es va depurar la base de dades detectant casos at\u00edpics i dos participants van ser eliminats en tenir un valor de <em>p<\/em> &lt; .01 en la prova de Mahalanobis. Es va calcular la normalitat de les dades; per a les variables quantitatives, amb un valor de <em>p<\/em> &lt; .05 en la prova Kolmogorov-Smirnov; per a les variables categ\u00f2riques, obtenint un nivell de significaci\u00f3 de p &lt; .05. Finalment, es va utilitzar la prova \u03b1 de Cronbach per analitzar la fiabilitat obtenint un valor de (&gt; .70). Finalment, es va aplicar la prova estad\u00edstica Wilcoxon per a mostres relacionades a fi de&nbsp; &nbsp; comparar proporcions i mitjanes de les dades recollides als q\u00fcestionaris&nbsp; del pretest amb els del posttest i observar si existien difer\u00e8ncies significatives amb un nivell de significaci\u00f3 de <em>p<\/em> &lt; .05.<\/p>\n\n\n\n<h2 class=\"wp-block-heading\"><strong>Resultats<\/strong><\/h2>\n\n\n\n<p><strong>Actuaci\u00f3 del docent i resposta de l&#8217;alumnat&nbsp;<\/strong><\/p>\n\n\n\n<p>Es van obtenir 4 patrons temporals (<em>t-patterns<\/em>) representatius de la conducta interactiva amb les seg\u00fcents conductes encadenades representades en aquests dendrogrames (Figura 3); conductes del docent que reforcen l&#8217;autonomia (AUT) dels alumnes i que va generar explicacions compartides (COM) i que es va centrar en els objectius (ORT) i en la distribuci\u00f3 de funcions (DIS). A aquest refor\u00e7 de l&#8217;autonomia AUT va seguir una valoraci\u00f3 positiva en forma d&#8217;\u00e0nim positiu (VAP) o es va precedir amb una generaci\u00f3 d&#8217;emocions per part del docent (DIN). Aquesta generaci\u00f3 d&#8217;emocions va fomentar la curiositat i les relacions interpersonals (DIN) entre els discents, que va estimular conseq\u00fcentment la iniciativa aut\u00f2noma AUT i que va ocasionar la reconducci\u00f3 de la tasca (REC) en alguna altra ocasi\u00f3 per l&#8217;educador.<\/p>\n\n\n\n<div class=\"wp-block-image\"><figure class=\"aligncenter size-full\"><img decoding=\"async\" loading=\"lazy\" width=\"1268\" height=\"662\" src=\"https:\/\/revista-apunts.com\/wp-content\/uploads\/2020\/07\/FIGURA-3-141-08-CAT.jpg\" alt=\"\" class=\"wp-image-5273\" srcset=\"https:\/\/revista-apunts.com\/wp-content\/uploads\/2020\/07\/FIGURA-3-141-08-CAT.jpg 1268w, https:\/\/revista-apunts.com\/wp-content\/uploads\/2020\/07\/FIGURA-3-141-08-CAT-300x157.jpg 300w, https:\/\/revista-apunts.com\/wp-content\/uploads\/2020\/07\/FIGURA-3-141-08-CAT-1024x535.jpg 1024w, https:\/\/revista-apunts.com\/wp-content\/uploads\/2020\/07\/FIGURA-3-141-08-CAT-768x401.jpg 768w\" sizes=\"(max-width: 1268px) 100vw, 1268px\" \/><figcaption><em>Dendrograma de t-patterns de l&#8217;actuaci\u00f3 del docent i resposta de l&#8217;alumnat&nbsp;<\/em><\/figcaption><\/figure><\/div>\n\n\n\n<p>A continuaci\u00f3, es presenta l&#8217;an\u00e0lisi m\u00e9s exhaustiva&nbsp;de l&#8217;actuaci\u00f3&nbsp; del docent que es va obtenir al llarg del conjunt de les 10 sessions en forma d&#8217;un gr\u00e0fic Plot (Figura 4). En aquest gr\u00e0fic es pot observar com el docent va desenvolupar una s\u00e8rie de conductes que va refor\u00e7ar la iniciativa aut\u00f2noma i lideratge de l\u2019alumnat,&nbsp; la se reconducci\u00f3 de respostes desajustades, i que va generar curiositat i va fomentar les interrelacions socials i la companyonia entre ells. Aquestes conductes s&#8217;han&nbsp; posat en relleu a la figura 4 en diferents colors i zones diferenciades:<\/p>\n\n\n\n<div class=\"wp-block-image\"><figure class=\"aligncenter size-full\"><img decoding=\"async\" loading=\"lazy\" width=\"1268\" height=\"850\" src=\"https:\/\/revista-apunts.com\/wp-content\/uploads\/2020\/07\/FIGURA-4-141-08-CAT.jpg\" alt=\"\" class=\"wp-image-5276\" srcset=\"https:\/\/revista-apunts.com\/wp-content\/uploads\/2020\/07\/FIGURA-4-141-08-CAT.jpg 1268w, https:\/\/revista-apunts.com\/wp-content\/uploads\/2020\/07\/FIGURA-4-141-08-CAT-300x201.jpg 300w, https:\/\/revista-apunts.com\/wp-content\/uploads\/2020\/07\/FIGURA-4-141-08-CAT-1024x686.jpg 1024w, https:\/\/revista-apunts.com\/wp-content\/uploads\/2020\/07\/FIGURA-4-141-08-CAT-768x515.jpg 768w\" sizes=\"(max-width: 1268px) 100vw, 1268px\" \/><figcaption><em>Pl\u00f2ter de distribuci\u00f3 de conductes del docent i de l\u2019alumnat en totes les sessions.&nbsp;<\/em><\/figcaption><\/figure><\/div>\n\n\n\n<p>\u2022 A la zona inferior (zona verda, l\u00ednies 1-5), es pot veure com la resposta aut\u00f2noma dels alumnes&nbsp; (AUT) es va repetir amb: l&#8217;autoavaluaci\u00f3&nbsp; (AUE), la tasca o explicaci\u00f3 compartida (COM) i la distribuci\u00f3 de rols en activitats de col\u00b7laboraci\u00f3 (DIS).<\/p>\n\n\n\n<p>\u2022 A la zona interm\u00e8dia (zona vermella, l\u00ednies 12-22), es va destacar la creaci\u00f3 de din\u00e0miques generadores de curiositat-emocions, d&#8217;interrelacions&nbsp; socials (DIN) i la companyonia (112 vegades). Tamb\u00e9 es pot considerar l&#8217;est\u00edmul que va apar\u00e8ixer amb la distribuci\u00f3 de rols, activitats de col\u00b7laboraci\u00f3, desafiaments, reptes\/missions o sistemes de puntuaci\u00f3 (DIS) combinat amb din\u00e0miques emocionants (DIN) que van obtenir recompenses (RES).<\/p>\n\n\n\n<p>\u2022 A la zona interm\u00e8dia (zona groga, l\u00ednies 53-57), es va observar la proposici\u00f3 d&#8217;opcions&nbsp; (OPC) o noves oportunitats d&#8217;\u00e8xit&nbsp; que es van combinar amb iniciativa aut\u00f2noma (AUT); tamb\u00e9 van apar\u00e8ixer les expectatives i objectius de la tasca (ORT), les propostes sobre la tasca (COM) i la distribuci\u00f3 de rols i funcions (DIS).<\/p>\n\n\n\n<p>\u2022 A la zona superior (zona lila, l\u00ednies 67-80), va destacar la reconducci\u00f3 de la resposta de l&#8217;alumne&nbsp; (REC) combinat amb iniciativa aut\u00f2noma (AUT) i amb desajustos i desviacions (DES) amb una actuaci\u00f3 docent m\u00e9s reguladora, que no obstant aix\u00f2 i paral\u00b7lelament va oferir recompenses (RES) i valoracions positives (VAP) d&#8217;\u00e0nim per a l&#8217;alumnat.<\/p>\n\n\n\n<p><strong>Percepci\u00f3 dels estudiants sobre el seu <\/strong><strong>nivell de motivaci\u00f3 &nbsp;<\/strong><\/p>\n\n\n\n<p>Encara que en la relaci\u00f3 entre les variables de la motivaci\u00f3 en el pretest i posttest (Taula 2) no hi ha difer\u00e8ncies significatives, s\u00ed que es poden comprovar en el grau de desmotivaci\u00f3 dels alumnes&nbsp; (<em>p<\/em> = .008). Aquest fet ha provocat que tamb\u00e9 es produeixin canvis significatius en l&#8217;IAD&nbsp; entre l&#8217;alumnat, arribant a incrementar-se 1.12 punts de mitjana de l&#8217;inici (3.41) al final (4.53) (<em>p<\/em> = .040).<\/p>\n\n\n\n<div id=\"volver1410802\" class=\"wp-block-group ver-tabla\"><div class=\"wp-block-group__inner-container is-layout-flow wp-block-group-is-layout-flow\">\n<div class=\"wp-block-columns is-layout-flex wp-container-7 wp-block-columns-is-layout-flex\">\n<div class=\"wp-block-column is-layout-flow wp-block-column-is-layout-flow\">\n<figure class=\"wp-block-image size-large no-figura\"><img decoding=\"async\" loading=\"lazy\" width=\"650\" height=\"467\" src=\"https:\/\/revista-apunts.com\/wp-content\/uploads\/2020\/06\/taula.png\" alt=\"\" class=\"wp-image-2236\" srcset=\"https:\/\/revista-apunts.com\/wp-content\/uploads\/2020\/06\/taula.png 650w, https:\/\/revista-apunts.com\/wp-content\/uploads\/2020\/06\/taula-300x216.png 300w\" sizes=\"(max-width: 650px) 100vw, 650px\" \/><\/figure>\n\n\n\n<p><\/p>\n<\/div>\n\n\n\n<div class=\"wp-block-column is-layout-flow wp-block-column-is-layout-flow\">\n<p><strong>Taula 2<\/strong><br><em>Dades de les opinions de l&#8217;alumnat abans i despr\u00e9s de la intervenci\u00f3<\/em><\/p>\n\n\n\n<p class=\"has-text-align-right\"><a href=\"http:\/\/revista-apunts.com\/ca\/tablas\/taula-2-141-08\/\" class=\"ek-link\">Veure taula<\/a><\/p>\n<\/div>\n<\/div>\n<\/div><\/div>\n\n\n\n<p>Aquestes dades tan ajustades es poden observar al gr\u00e0fic de la Figura 5, on es destaquen les difer\u00e8ncies significatives del resultat del pretest-\u00edndex d&#8217;autodeterminaci\u00f3&nbsp; (PREIAD) amb el resultat del posttest-\u00edndex d&#8217;autodeterminaci\u00f3&nbsp; (POSIAD).<\/p>\n\n\n\n<div class=\"wp-block-image\"><figure class=\"aligncenter size-full\"><img decoding=\"async\" loading=\"lazy\" width=\"1268\" height=\"850\" src=\"https:\/\/revista-apunts.com\/wp-content\/uploads\/2020\/07\/FIGURA-5-141-08-CAT.jpg\" alt=\"\" class=\"wp-image-5279\" srcset=\"https:\/\/revista-apunts.com\/wp-content\/uploads\/2020\/07\/FIGURA-5-141-08-CAT.jpg 1268w, https:\/\/revista-apunts.com\/wp-content\/uploads\/2020\/07\/FIGURA-5-141-08-CAT-300x201.jpg 300w, https:\/\/revista-apunts.com\/wp-content\/uploads\/2020\/07\/FIGURA-5-141-08-CAT-1024x686.jpg 1024w, https:\/\/revista-apunts.com\/wp-content\/uploads\/2020\/07\/FIGURA-5-141-08-CAT-768x515.jpg 768w\" sizes=\"(max-width: 1268px) 100vw, 1268px\" \/><figcaption><em>Difer\u00e8ncies en el nivell de motivaci\u00f3 abans i despr\u00e9s de la intervenci\u00f3&nbsp;<\/em><\/figcaption><\/figure><\/div>\n\n\n\n<p>En comparar aquestes dades en funci\u00f3 del g\u00e8nere (Taula 3), s\u2019hi van trobar algunes difer\u00e8ncies. En el cas dels nois, no&nbsp; es va produir cap canvi sobre la seva percepci\u00f3 de motivaci\u00f3 en cap de les variables i, per tant, tampoc en el seu IAD. En canvi, en el cas de les noies es va observar un gran descens de la desmotivaci\u00f3 (<em>p <\/em>= .003), veient-se reflectit en un increment notable de l&#8217;IAD&nbsp; (<em>p<\/em> = .000).<\/p>\n\n\n\n<div id=\"volver1410803\" class=\"wp-block-group ver-tabla\"><div class=\"wp-block-group__inner-container is-layout-flow wp-block-group-is-layout-flow\">\n<div class=\"wp-block-columns is-layout-flex wp-container-11 wp-block-columns-is-layout-flex\">\n<div class=\"wp-block-column is-layout-flow wp-block-column-is-layout-flow\">\n<figure class=\"wp-block-image size-large no-figura\"><img decoding=\"async\" loading=\"lazy\" width=\"650\" height=\"467\" src=\"https:\/\/revista-apunts.com\/wp-content\/uploads\/2020\/06\/taula.png\" alt=\"\" class=\"wp-image-2236\" srcset=\"https:\/\/revista-apunts.com\/wp-content\/uploads\/2020\/06\/taula.png 650w, https:\/\/revista-apunts.com\/wp-content\/uploads\/2020\/06\/taula-300x216.png 300w\" sizes=\"(max-width: 650px) 100vw, 650px\" \/><\/figure>\n\n\n\n<p><\/p>\n<\/div>\n\n\n\n<div class=\"wp-block-column is-layout-flow wp-block-column-is-layout-flow\">\n<p><strong>Taula 3<\/strong><br><em>Valors de les opinions de l&#8217;alumnat abans i despr\u00e9s de la intervenci\u00f3, en funci\u00f3 del g\u00e8nere<\/em><\/p>\n\n\n\n<p class=\"has-text-align-right\"><a href=\"http:\/\/revista-apunts.com\/ca\/tablas\/taula-3-141-08\/\" class=\"ek-link\">Veure taula<\/a><\/p>\n<\/div>\n<\/div>\n<\/div><\/div>\n\n\n\n<h2 class=\"wp-block-heading\"><strong>Discussi\u00f3 i conclusions<\/strong><\/h2>\n\n\n\n<p>L&#8217;objectiu d&#8217;aquest estudi va ser implementar una estrat\u00e8gia basada en la hibridaci\u00f3 del model pedag\u00f2gic de&nbsp; MRPS+GF i comprovar&nbsp; els patrons conductuals de l&#8217;actuaci\u00f3 d&#8217;un docent i l&#8217;efecte sobre la motivaci\u00f3 que provoquen en el seu alumnat d&#8217;ESO en EF.<\/p>\n\n\n\n<p><strong>Escenari comunicatiu del docent<\/strong><\/p>\n\n\n\n<p>En aquest estudi, es va constatar que l&#8217;actuaci\u00f3 docent va refor\u00e7ar el seu ensenyament mitjan\u00e7ant la recerca d&#8217;una major iniciativa i responsabilitat dels alumnes, plantejant activitats de col\u00b7laboraci\u00f3 en les quals&nbsp; es van establir rols i funcions, amb les propostes de desafiaments i reptes, i es van explicar les tasques de forma compartida entre ells. Aquest apoderament progressiu, pilar b\u00e0sic del model MRPS, va permetre fomentar la presa de decisions i l&#8217;assumpci\u00f3 de rols de gesti\u00f3 en la sessi\u00f3 en les estrat\u00e8gies innovadores de la did\u00e0ctica (<a href=\"#45\" class=\"ek-link\">P\u00e9rez i Hortig\u00fcela, 2020<\/a>). Es van trobar resultats similars en aquells estudis en els quals es va aplicar un programa basat en el MRPS de forma a\u00efllada,&nbsp; com la disminuci\u00f3 de les conductes agressives i interrupcions (<a href=\"#10\" class=\"ek-link\">Cecchini, et al., 2007<\/a>; <a href=\"#13\" class=\"ek-link\">Escart\u00ed et al., 2011<\/a>), i una millora en les actituds de respecte, participaci\u00f3 i esfor\u00e7 i autonomia personal (<a href=\"#58\" class=\"ek-link\">Walsh et al., 2010<\/a>).<\/p>\n\n\n\n<p>En aquest treball es va fer servir un ambient ludificat amb una narrativa combinada amb l&#8217;\u00fas&nbsp; d&#8217;una est\u00e8tica carregada d&#8217;imatges&nbsp; agradables a la vista del &nbsp; jugador, recompenses com ara ins\u00edgnies o t\u00f2tems, buscant generar curiositat en l&#8217;alumnat per sentir-se m\u00e9s competent i aut\u00f2nom (<a href=\"#28\" class=\"ek-link\">Kapp, 2012<\/a>; <a href=\"#59\" class=\"ek-link\">Zichermann i Cunningham, 2011<\/a>). Aquest tipus d&#8217;estrat\u00e8gies es consideren fonamentals per reconduir els participants&nbsp; davant de respostes desajustades i estimular la resoluci\u00f3 aut\u00f2noma, aconseguint una millora de la seva comprensi\u00f3 (<a href=\"#49\" class=\"ek-link\">Romar, et al., 2015<\/a>; <a href=\"#46\" class=\"ek-link\">Prat et al., 2019<\/a>; <a href=\"#50\" class=\"ek-link\">S\u00e1nchez-Alcaraz et al., 2019<\/a>).<\/p>\n\n\n\n<p>Amb aquesta proposta d&#8217;innovaci\u00f3 basada en una hibridaci\u00f3 metodol\u00f2gica i el seu escenari comunicatiu, el professorat pot millorar els comportaments d&#8217;ensenyament&nbsp; basats en l&#8217;autonomia,&nbsp; la participaci\u00f3 i l&#8217;esfor\u00e7&nbsp; per part de l&#8217;alumnat, com indiquen estudis similars (<a href=\"#5\" class=\"ek-link\">Camerino et al., 2019<\/a>; <a href=\"#46\" class=\"ek-link\">Prat et al., 2019<\/a>).&nbsp;<\/p>\n\n\n\n<p><strong>Percepci\u00f3 de l&#8217;alumnat sobre el seu nivell de motivaci\u00f3&nbsp;<\/strong><\/p>\n\n\n\n<p>L&#8217;alumnat va mostrar una disminuci\u00f3 de la seva desmotivaci\u00f3 despr\u00e9s de la intervenci\u00f3, i, al seu torn, va haver-hi un increment de l&#8217;IAD, una cosa molt positiva tenint en compte la din\u00e0mica seguida. El que va permetre reduir la seva desmotivaci\u00f3 van ser, probablement, els incentius amb un clima carregat d&#8217;est\u00edmuls externs: distribuci\u00f3 de rols, generaci\u00f3 de desafiaments\/reptes, sistemes de puntuaci\u00f3 propis de la din\u00e0mica ludificadora (<a href=\"#28\" class=\"ek-link\">Kapp, 2012<\/a>; <a href=\"#59\" class=\"ek-link\">Zichermann i Cunningham, 2011<\/a>). Estudis similars van incloure, a m\u00e9s, millores en altres aspectes que afecten el clima positiu de la sessi\u00f3 com la generaci\u00f3 dels conflictes&nbsp; entre iguals. Cal destacar l&#8217;estudi de <a href=\"#41\" class=\"ek-link\">Navarro et al. (2017)<\/a>, on un projecte ludificat en EF va obtenir com a resultats una millora de la motivaci\u00f3 de l&#8217;alumnat,&nbsp; tant per la mat\u00e8ria com per la pr\u00e0ctica regular d&#8217;AF. L&#8217;alumnat presentava m\u00e9s inter\u00e8s per assistir a classe, es van reduir els conflictes durant el per\u00edode estudiat i va millorar la conviv\u00e8ncia del centre. En relaci\u00f3 amb aquests resultats, m\u00faltiples estudis han revelat la import\u00e0ncia de les percepcions que t\u00e9 l&#8217;alumnat sobre el clima motivacional en les classes d&#8217;EF&nbsp; i la seva influ\u00e8ncia sobre la seva motivaci\u00f3 intr\u00ednseca i l&#8217;IAD (<a href=\"#38\" class=\"ek-link\">Moreno-M\u00farcia et al., 2008<\/a>; <a href=\"#39\" class=\"ek-link\">Moreno-M\u00farcia, Hu\u00e9scar i Ruiz, 2018<\/a>).&nbsp;<\/p>\n\n\n\n<p>Pel que fa a les difer\u00e8ncies en funci\u00f3 del sexe, es va trobar un notable descens de la desmotivaci\u00f3 i un gran augment de l&#8217;autodeterminaci\u00f3&nbsp; en les noies, no havent-hi difer\u00e8ncies referents a la motivaci\u00f3 despr\u00e9s del programa entre els nois. Aquests resultats contrasten amb&nbsp;la majoria d&#8217;estudis&nbsp; existents fins ara,&nbsp; en els quals&nbsp; els nois sempre han mostrat una satisfacci\u00f3 m\u00e9s elevada sobre l&#8217;\u00e0rea&nbsp; que les noies (<a href=\"#17\" class=\"ek-link\">G\u00f3mez-Rijo, et al., 2011<\/a>), assenyalant una major valoraci\u00f3 cap a l&#8217;assignatura&nbsp; i el professor d&#8217;EF, ja que ells conceben l&#8217;assignatura&nbsp; com una activitat divertida i mostren m\u00e9s gran empatia amb el professor que les noies, que, per la seva part, consideren l&#8217;EF i l&#8217;esport com una activitat avorrida (<a href=\"#51\" class=\"ek-link\">S\u00e1nchez-Alcaraz i G\u00f3mez-M\u00e1rmol, 2015<\/a>). En l\u00ednia amb aquesta recerca, es pot destacar l&#8217;estudi de <a href=\"#30\" class=\"ek-link\">Manzano-S\u00e1nchez, Valero-Valenzuela, Conde i Ming (2019)<\/a> on despr\u00e9s d&#8217;aplicar el MRPS a ESO, es van trobar<br>millores en la responsabilitat en ambd\u00f3s grups, per\u00f2 \u00fanicament en les noies en termes de motivaci\u00f3 intr\u00ednseca i satisfacci\u00f3 de les necessitats psicol\u00f2giques b\u00e0siques.&nbsp;<\/p>\n\n\n\n<p><strong>Aplicacions pr\u00e0ctiques de l&#8217;estudi<\/strong><\/p>\n\n\n\n<p>A partir d&#8217;aquest&nbsp; estudi es recomana mesclar models pedag\u00f2gics b\u00e0sics amb t\u00e8cniques concretes i seguir les recomanacions pr\u00e0ctiques seg\u00fcents:&nbsp;<\/p>\n\n\n\n<p>\u2022 Tenir en compte les limitacions organitzatives i d&#8217;autogesti\u00f3 de les persones participants.<\/p>\n\n\n\n<p>\u2022 Assajar primer els models pedag\u00f2gics per separat per posteriorment poder hibridar-los amb altres estrat\u00e8gies i m\u00e8todes pedag\u00f2gics innovadors.<\/p>\n\n\n\n<p>\u2022 Adaptar l&#8217;avaluaci\u00f3 a la proposta d&#8217;aquest estudi perqu\u00e8 sigui continuada i formativa.<\/p>\n\n\n\n<p>\u2022 Aprofitar els conflictes del grup, un cop apareixen, com a part del proc\u00e9s d&#8217;ensenyament-aprenentatge.&nbsp;<\/p>\n\n\n\n<p>\u2022 Treballar un nivell d&#8217;autonomia previ per poder consolidar una autogesti\u00f3 necess\u00e0ria.<\/p>\n\n\n\n<p>Els educadors de la motricitat han d&#8217;estudiar noves alternatives perqu\u00e8 la innovaci\u00f3 de l&#8217;EF ha de buscar nous horitzons, i han de respondre a les noves necessitats dels seus participants per aconseguir una adher\u00e8ncia a l&#8217;activitat f\u00edsica i l&#8217;esport en les seves vides quotidianes.<\/p>\n\n\n\n<h2 class=\"wp-block-heading\"><strong>Agra\u00efments<\/strong><\/h2>\n\n\n\n<p>S&#8217;agraeix el suport als projectes atorgats per: 1) El Mi- nisteri d&#8217;Economia i Competitivitat, Programa Estatal de Generaci\u00f3 de Coneixement i Enfortiment Cient\u00edfic i Tecnol\u00f2gic del Sistema R+D+i, \u201cNou enfocament de recerca en activitat f\u00edsica i esport des de la perspectiva Mixed Methods (8PGC2018-098742-B-C31)\u201d; 2) El Ministeri de Ci\u00e8ncia, Innovaci\u00f3 i Universitats, Projec- te coordinat, \u201cNou enfocament de recerca en activitat f\u00edsica i esport des del punt de vista de Mixed Methods (NARPAS_MM) (SPGC201800X098742CV0)\u201d; 3) La Generalitat de Catalunya mitjan\u00e7ant el Grup de Recerca i Innovaci\u00f3 en Dissenys (GRID). Tecnologia i aplicaci\u00f3 multim\u00e8dia i digital als dissenys observacionals (Grant No. 2017 SGR 1405)\u201d.<\/p>\n","protected":false},"excerpt":{"rendered":"<p>Resum L&#8217;objectiu d&#8217;aquest estudi va ser analitzar el resultat d&#8217;una&nbsp; intervenci\u00f3 docent basada en la hibridaci\u00f3 del model pedag\u00f2gic de responsabilitat personal i social (MRPS) amb l&#8217;estrat\u00e8gia&nbsp; innovadora de la ludificaci\u00f3. Mitjan\u00e7ant una an\u00e0lisi metodol\u00f2gica mixta (Mixed Methods) que consisteix en la combinaci\u00f3 de l&#8217;observaci\u00f3 de la interacci\u00f3 docent-discent i q\u00fcestionaris motivacionals de l&#8217;alumnat, es [&hellip;]<\/p>\n","protected":false},"author":2,"featured_media":0,"comment_status":"open","ping_status":"open","sticky":false,"template":"","format":"standard","meta":{"_editorskit_title_hidden":false,"_editorskit_reading_time":15,"_editorskit_is_block_options_detached":false,"_editorskit_block_options_position":"{}","inline_featured_image":false,"advgb_blocks_editor_width":"","advgb_blocks_columns_visual_guide":"","footnotes":""},"categories":[50,50],"tags":[496,479,415],"author_meta":{"display_name":"finderwilber","author_link":"https:\/\/revista-apunts.com\/ca\/author\/finderwilber\/"},"featured_img":null,"coauthors":[],"tax_additional":{"categories":{"linked":["<a href=\"https:\/\/revista-apunts.com\/ca\/category\/pedagogia-esportiva-ca\/\" class=\"advgb-post-tax-term\">Pedagogia esportiva<\/a>","<a href=\"https:\/\/revista-apunts.com\/ca\/category\/pedagogia-esportiva-ca\/\" class=\"advgb-post-tax-term\">Pedagogia esportiva<\/a>"],"unlinked":["<span class=\"advgb-post-tax-term\">Pedagogia esportiva<\/span>","<span class=\"advgb-post-tax-term\">Pedagogia esportiva<\/span>"]},"tags":{"linked":["<a href=\"https:\/\/revista-apunts.com\/ca\/category\/pedagogia-esportiva-ca\/\" class=\"advgb-post-tax-term\">innovaci\u00f3 pedag\u00f2gica<\/a>","<a href=\"https:\/\/revista-apunts.com\/ca\/category\/pedagogia-esportiva-ca\/\" class=\"advgb-post-tax-term\">mixed methods research<\/a>","<a href=\"https:\/\/revista-apunts.com\/ca\/category\/pedagogia-esportiva-ca\/\" class=\"advgb-post-tax-term\">T-patterns<\/a>"],"unlinked":["<span class=\"advgb-post-tax-term\">innovaci\u00f3 pedag\u00f2gica<\/span>","<span class=\"advgb-post-tax-term\">mixed methods research<\/span>","<span class=\"advgb-post-tax-term\">T-patterns<\/span>"]}},"comment_count":"0","relative_dates":{"created":"Posted 6 anys ago","modified":"Updated 6 anys ago"},"absolute_dates":{"created":"Posted on 1 juliol 2020","modified":"Updated on 12 octubre 2020"},"absolute_dates_time":{"created":"Posted on 1 juliol 2020 08:58","modified":"Updated on 12 octubre 2020 17:06"},"featured_img_caption":"","series_order":"","_links":{"self":[{"href":"https:\/\/revista-apunts.com\/ca\/wp-json\/wp\/v2\/posts\/3270\/"}],"collection":[{"href":"https:\/\/revista-apunts.com\/ca\/wp-json\/wp\/v2\/posts\/"}],"about":[{"href":"https:\/\/revista-apunts.com\/ca\/wp-json\/wp\/v2\/types\/post\/"}],"author":[{"embeddable":true,"href":"https:\/\/revista-apunts.com\/ca\/wp-json\/wp\/v2\/users\/2\/"}],"replies":[{"embeddable":true,"href":"https:\/\/revista-apunts.com\/ca\/wp-json\/wp\/v2\/comments\/?post=3270"}],"version-history":[{"count":11,"href":"https:\/\/revista-apunts.com\/ca\/wp-json\/wp\/v2\/posts\/3270\/revisions\/"}],"predecessor-version":[{"id":7904,"href":"https:\/\/revista-apunts.com\/ca\/wp-json\/wp\/v2\/posts\/3270\/revisions\/7904\/"}],"wp:attachment":[{"href":"https:\/\/revista-apunts.com\/ca\/wp-json\/wp\/v2\/media\/?parent=3270"}],"wp:term":[{"taxonomy":"category","embeddable":true,"href":"https:\/\/revista-apunts.com\/ca\/wp-json\/wp\/v2\/categories\/?post=3270"},{"taxonomy":"post_tag","embeddable":true,"href":"https:\/\/revista-apunts.com\/ca\/wp-json\/wp\/v2\/tags\/?post=3270"}],"curies":[{"name":"wp","href":"https:\/\/api.w.org\/{rel}","templated":true}]}}