{"id":12274,"date":"2020-10-27T11:25:18","date_gmt":"2020-10-27T11:25:18","guid":{"rendered":"https:\/\/revista-apunts.com\/?p=12274"},"modified":"2020-10-28T09:27:16","modified_gmt":"2020-10-28T09:27:16","slug":"edat-relativa-minuts-de-competicio-i-debut-en-futbol-professional","status":"publish","type":"post","link":"https:\/\/revista-apunts.com\/ca\/edat-relativa-minuts-de-competicio-i-debut-en-futbol-professional\/","title":{"rendered":"Edat relativa, minuts de competici\u00f3 i debut en futbol professional"},"content":{"rendered":"\n<h2 class=\"wp-block-heading\">Resum<\/h2>\n\n\n<p>L\u2019objectiu d\u2019estudi va ser analitzar l\u2019efecte de l\u2019edat relativa (RAE) en totes les categories formatives d\u2019un club de futbol professional, i identificar si aquest afecta el temps de participaci\u00f3 dels jugadors en competici\u00f3 i les seves possibilitats de debutar en el futbol professional. Es va analitzar la distribuci\u00f3 de les dates de naixement de 334 futbolistes d\u2019elit del Real Club Deportivo de la Coru\u00f1a: 195 jugadors en edats de formaci\u00f3 (GCI) dividits en 11 subgrups corresponents a les seves categories d\u2019edat (U9-U23), 110 jugadors professionals (GPE) i 29 jugadors que van debutar en partit oficial amb el primer equip del club des de les categories inferiors (GE). Es va calcular la suma de tots els minuts disputats per un futbolista en competici\u00f3 oficial durant una temporada. Els resultats del test khi quadrat van demostrar l\u2019exist\u00e8ncia de RAE en els 3 grups de jugadors analitzats i en tots els subgrups d\u2019edat dels jugadors del GCI. El RAE va ser significativament menor en el GPE en comparaci\u00f3 als grups GCI i GE (Mann\u2013Whitney U-test, <em>p<\/em>\u2009&lt;\u2009.05). No es van trobar difer\u00e8ncies en el nombre de minuts disputats en funci\u00f3 del semestre de naixement. Aquestes troballes suggereixen que, en els equips d\u2019elit el RAE s\u2019origina fonamentalment en el proc\u00e9s de detecci\u00f3 de talents de totes les etapes, per\u00f2 sobretot de les dels m\u00e9s petits, i es mant\u00e9 al llarg de totes les categories inferiors, influint en les possibilitats de debutar amb el primer equip.<\/p>\n\n <div class=\"tags\"> <p><strong>Paraules clau:<\/strong> <span>detecci\u00f3 de talent<\/span>, <span>edat relativa<\/span>, <span>esport<\/span>, <span>f\u00fatbol<\/span>, <span>grups d\u2019edat<\/span>, <span>processos de selecci\u00f3<\/span><\/p> <\/div> \n","protected":false},"excerpt":{"rendered":"<p>Resum L\u2019objectiu d\u2019estudi va ser analitzar l\u2019efecte de l\u2019edat relativa (RAE) en totes les categories formatives d\u2019un club de futbol professional, i identificar si aquest afecta el temps de participaci\u00f3 dels jugadors en competici\u00f3 i les seves possibilitats de debutar en el futbol professional. Es va analitzar la distribuci\u00f3 de les dates de naixement de [&hellip;]<\/p>\n","protected":false},"author":1,"featured_media":0,"comment_status":"open","ping_status":"open","sticky":false,"template":"","format":"standard","meta":{"_editorskit_title_hidden":false,"_editorskit_reading_time":1,"_editorskit_is_block_options_detached":false,"_editorskit_block_options_position":"{}","inline_featured_image":false,"advgb_blocks_editor_width":"","advgb_blocks_columns_visual_guide":"","footnotes":""},"categories":[50],"tags":[6437,5980,153,296,6439,6438],"author_meta":{"display_name":"doc_inefc","author_link":"https:\/\/revista-apunts.com\/ca\/author\/doc_inefc\/"},"featured_img":null,"coauthors":[],"tax_additional":{"categories":{"linked":["<a href=\"https:\/\/revista-apunts.com\/ca\/category\/pedagogia-esportiva-ca\/\" class=\"advgb-post-tax-term\">Pedagogia esportiva<\/a>"],"unlinked":["<span class=\"advgb-post-tax-term\">Pedagogia esportiva<\/span>"]},"tags":{"linked":["<a href=\"https:\/\/revista-apunts.com\/ca\/category\/pedagogia-esportiva-ca\/\" class=\"advgb-post-tax-term\">detecci\u00f3 de talent<\/a>","<a href=\"https:\/\/revista-apunts.com\/ca\/category\/pedagogia-esportiva-ca\/\" class=\"advgb-post-tax-term\">edat relativa<\/a>","<a href=\"https:\/\/revista-apunts.com\/ca\/category\/pedagogia-esportiva-ca\/\" class=\"advgb-post-tax-term\">esport<\/a>","<a href=\"https:\/\/revista-apunts.com\/ca\/category\/pedagogia-esportiva-ca\/\" class=\"advgb-post-tax-term\">f\u00fatbol<\/a>","<a href=\"https:\/\/revista-apunts.com\/ca\/category\/pedagogia-esportiva-ca\/\" class=\"advgb-post-tax-term\">grups d\u2019edat<\/a>","<a href=\"https:\/\/revista-apunts.com\/ca\/category\/pedagogia-esportiva-ca\/\" class=\"advgb-post-tax-term\">processos de selecci\u00f3<\/a>"],"unlinked":["<span class=\"advgb-post-tax-term\">detecci\u00f3 de talent<\/span>","<span class=\"advgb-post-tax-term\">edat relativa<\/span>","<span class=\"advgb-post-tax-term\">esport<\/span>","<span class=\"advgb-post-tax-term\">f\u00fatbol<\/span>","<span class=\"advgb-post-tax-term\">grups d\u2019edat<\/span>","<span class=\"advgb-post-tax-term\">processos de selecci\u00f3<\/span>"]}},"comment_count":"0","relative_dates":{"created":"Posted 6 anys ago","modified":"Updated 6 anys ago"},"absolute_dates":{"created":"Posted on 27 octubre 2020","modified":"Updated on 28 octubre 2020"},"absolute_dates_time":{"created":"Posted on 27 octubre 2020 11:25","modified":"Updated on 28 octubre 2020 09:27"},"featured_img_caption":"","series_order":"","_links":{"self":[{"href":"https:\/\/revista-apunts.com\/ca\/wp-json\/wp\/v2\/posts\/12274\/"}],"collection":[{"href":"https:\/\/revista-apunts.com\/ca\/wp-json\/wp\/v2\/posts\/"}],"about":[{"href":"https:\/\/revista-apunts.com\/ca\/wp-json\/wp\/v2\/types\/post\/"}],"author":[{"embeddable":true,"href":"https:\/\/revista-apunts.com\/ca\/wp-json\/wp\/v2\/users\/1\/"}],"replies":[{"embeddable":true,"href":"https:\/\/revista-apunts.com\/ca\/wp-json\/wp\/v2\/comments\/?post=12274"}],"version-history":[{"count":1,"href":"https:\/\/revista-apunts.com\/ca\/wp-json\/wp\/v2\/posts\/12274\/revisions\/"}],"predecessor-version":[{"id":14691,"href":"https:\/\/revista-apunts.com\/ca\/wp-json\/wp\/v2\/posts\/12274\/revisions\/14691\/"}],"wp:attachment":[{"href":"https:\/\/revista-apunts.com\/ca\/wp-json\/wp\/v2\/media\/?parent=12274"}],"wp:term":[{"taxonomy":"category","embeddable":true,"href":"https:\/\/revista-apunts.com\/ca\/wp-json\/wp\/v2\/categories\/?post=12274"},{"taxonomy":"post_tag","embeddable":true,"href":"https:\/\/revista-apunts.com\/ca\/wp-json\/wp\/v2\/tags\/?post=12274"}],"curies":[{"name":"wp","href":"https:\/\/api.w.org\/{rel}","templated":true}]}}