{"id":12273,"date":"2019-10-01T11:25:00","date_gmt":"2019-10-01T11:25:00","guid":{"rendered":"https:\/\/revista-apunts.com\/?p=12273"},"modified":"2020-10-27T17:48:16","modified_gmt":"2020-10-27T17:48:16","slug":"entrenament-en-esports-dequip-lentrenament-coadjuvant-en-el-fcb","status":"publish","type":"post","link":"https:\/\/revista-apunts.com\/ca\/entrenament-en-esports-dequip-lentrenament-coadjuvant-en-el-fcb\/","title":{"rendered":"Entrenament en esports d\u2019equip: l\u2019entrenament coadjuvant en el FCB"},"content":{"rendered":"\n<h2 class=\"wp-block-heading\">Resum<\/h2>\n\n\n<p>L\u2019objectiu d\u2019aquest article \u00e9s oferir una nova proposta terminol\u00f2gica i de reclassificaci\u00f3 del concepte \u201centrenament coadjuvant\u201d. Aquest concepte ha estat associat en la bibliografia existent als processos de recuperaci\u00f3 despr\u00e9s de la lesi\u00f3 i a un \u00e0mbit gen\u00e8ric de prevenci\u00f3. L\u2019enfocament preferencial durant anys cap a l\u2019entrenament optimitzador comporta una nova revisi\u00f3 per a la seva actualitzaci\u00f3. La incorporaci\u00f3 de nous professionals especialitzats en noves tend\u00e8ncies de l\u2019entrenament de for\u00e7a, cossos t\u00e8cnics oberts als beneficis d\u2019aquests continguts i una metodologia basada cada vegada m\u00e9s en l\u2019evid\u00e8ncia cient\u00edfica, han facilitat que l\u2019\u201centrenament coadjuvant\u201d hagi evolucionat enormement en pro de la salut i el rendiment de l\u2019esportista. Actualitzar i enriquir aquest abordatge metodol\u00f2gic, replantejant una revisi\u00f3 i actualitzaci\u00f3 de la seva terminologia, taxonomia i continguts, permetr\u00e0 avan\u00e7ar en aquesta \u00e0rea de coneixement integrant-ho d\u2019una forma m\u00e9s efectiva a l\u2019\u201centrenament optimitzador\u201d per a constituir entre tots dos el model metodol\u00f2gic de l\u2019\u201centrenament estructurat\u201d.<\/p>\n\n <div class=\"tags\"> <p><strong>Paraules clau:<\/strong> <span>capacitats f\u00edsiques<\/span>, <span>entrenament coadjuvant<\/span>, <span>entrenament estructurat<\/span>, <span>entrenament optimitzador<\/span>, <span>esports d'equip<\/span>, <span>qualitats espec\u00edfiques<\/span><\/p> <\/div> \n","protected":false},"excerpt":{"rendered":"<p>Resum L\u2019objectiu d\u2019aquest article \u00e9s oferir una nova proposta terminol\u00f2gica i de reclassificaci\u00f3 del concepte \u201centrenament coadjuvant\u201d. Aquest concepte ha estat associat en la bibliografia existent als processos de recuperaci\u00f3 despr\u00e9s de la lesi\u00f3 i a un \u00e0mbit gen\u00e8ric de prevenci\u00f3. L\u2019enfocament preferencial durant anys cap a l\u2019entrenament optimitzador comporta una nova revisi\u00f3 per a [&hellip;]<\/p>\n","protected":false},"author":4,"featured_media":0,"comment_status":"open","ping_status":"open","sticky":false,"template":"","format":"standard","meta":{"_editorskit_title_hidden":false,"_editorskit_reading_time":1,"_editorskit_is_block_options_detached":false,"_editorskit_block_options_position":"{}","inline_featured_image":false,"advgb_blocks_editor_width":"","advgb_blocks_columns_visual_guide":"","footnotes":""},"categories":[48],"tags":[656,818,819,6420,4481,6436],"author_meta":{"display_name":"Redaccio","author_link":"https:\/\/revista-apunts.com\/ca\/author\/redaccio\/"},"featured_img":null,"coauthors":[],"tax_additional":{"categories":{"linked":["<a href=\"https:\/\/revista-apunts.com\/ca\/category\/entrenament-esportiu\/\" class=\"advgb-post-tax-term\">Entrenament esportiu<\/a>"],"unlinked":["<span class=\"advgb-post-tax-term\">Entrenament esportiu<\/span>"]},"tags":{"linked":["<a href=\"https:\/\/revista-apunts.com\/ca\/category\/entrenament-esportiu\/\" class=\"advgb-post-tax-term\">capacitats f\u00edsiques<\/a>","<a href=\"https:\/\/revista-apunts.com\/ca\/category\/entrenament-esportiu\/\" class=\"advgb-post-tax-term\">entrenament coadjuvant<\/a>","<a href=\"https:\/\/revista-apunts.com\/ca\/category\/entrenament-esportiu\/\" class=\"advgb-post-tax-term\">entrenament estructurat<\/a>","<a href=\"https:\/\/revista-apunts.com\/ca\/category\/entrenament-esportiu\/\" class=\"advgb-post-tax-term\">entrenament optimitzador<\/a>","<a href=\"https:\/\/revista-apunts.com\/ca\/category\/entrenament-esportiu\/\" class=\"advgb-post-tax-term\">esports d&#039;equip<\/a>","<a href=\"https:\/\/revista-apunts.com\/ca\/category\/entrenament-esportiu\/\" class=\"advgb-post-tax-term\">qualitats espec\u00edfiques<\/a>"],"unlinked":["<span class=\"advgb-post-tax-term\">capacitats f\u00edsiques<\/span>","<span class=\"advgb-post-tax-term\">entrenament coadjuvant<\/span>","<span class=\"advgb-post-tax-term\">entrenament estructurat<\/span>","<span class=\"advgb-post-tax-term\">entrenament optimitzador<\/span>","<span class=\"advgb-post-tax-term\">esports d&#039;equip<\/span>","<span class=\"advgb-post-tax-term\">qualitats espec\u00edfiques<\/span>"]}},"comment_count":"0","relative_dates":{"created":"Posted 7 anys ago","modified":"Updated 6 anys ago"},"absolute_dates":{"created":"Posted on 1 octubre 2019","modified":"Updated on 27 octubre 2020"},"absolute_dates_time":{"created":"Posted on 1 octubre 2019 11:25","modified":"Updated on 27 octubre 2020 17:48"},"featured_img_caption":"","series_order":"","_links":{"self":[{"href":"https:\/\/revista-apunts.com\/ca\/wp-json\/wp\/v2\/posts\/12273\/"}],"collection":[{"href":"https:\/\/revista-apunts.com\/ca\/wp-json\/wp\/v2\/posts\/"}],"about":[{"href":"https:\/\/revista-apunts.com\/ca\/wp-json\/wp\/v2\/types\/post\/"}],"author":[{"embeddable":true,"href":"https:\/\/revista-apunts.com\/ca\/wp-json\/wp\/v2\/users\/4\/"}],"replies":[{"embeddable":true,"href":"https:\/\/revista-apunts.com\/ca\/wp-json\/wp\/v2\/comments\/?post=12273"}],"version-history":[{"count":1,"href":"https:\/\/revista-apunts.com\/ca\/wp-json\/wp\/v2\/posts\/12273\/revisions\/"}],"predecessor-version":[{"id":14676,"href":"https:\/\/revista-apunts.com\/ca\/wp-json\/wp\/v2\/posts\/12273\/revisions\/14676\/"}],"wp:attachment":[{"href":"https:\/\/revista-apunts.com\/ca\/wp-json\/wp\/v2\/media\/?parent=12273"}],"wp:term":[{"taxonomy":"category","embeddable":true,"href":"https:\/\/revista-apunts.com\/ca\/wp-json\/wp\/v2\/categories\/?post=12273"},{"taxonomy":"post_tag","embeddable":true,"href":"https:\/\/revista-apunts.com\/ca\/wp-json\/wp\/v2\/tags\/?post=12273"}],"curies":[{"name":"wp","href":"https:\/\/api.w.org\/{rel}","templated":true}]}}