{"id":12261,"date":"2020-10-27T11:25:01","date_gmt":"2020-10-27T11:25:01","guid":{"rendered":"https:\/\/revista-apunts.com\/?p=12261"},"modified":"2020-10-29T11:17:33","modified_gmt":"2020-10-29T11:17:33","slug":"escala-sobre-lactitud-medioambiental-en-activitats-fisiques-en-el-medi-natural","status":"publish","type":"post","link":"https:\/\/revista-apunts.com\/ca\/escala-sobre-lactitud-medioambiental-en-activitats-fisiques-en-el-medi-natural\/","title":{"rendered":"Escala sobre l\u2019actitud medioambiental en activitats f\u00edsiques en el medi natural"},"content":{"rendered":"\n<h2 class=\"wp-block-heading\">Resum<\/h2>\n\n\n<p>La realitzaci\u00f3 d\u2019activitats fisicoesportives en el medi natural ha de comportar una actitud de respecte cap al medi ambient entre els participants. L\u2019objectiu d\u2019aquest article \u00e9s dissenyar i validar un instrument per a valorar l\u2019actitud ambiental generada en aquest tipus de pr\u00e0ctiques en \u00e0mbits formatius. El q\u00fcestionari es va concretar en 16 \u00edtems amb 5 opcions de resposta <em>(1, Gens d\u2019acord; 5, Molt d\u2019acord)<\/em>. Per a la validaci\u00f3 de l\u2019escala es va comptar amb una mostra de 162 estudiants universitaris de titulacions relacionades amb l\u2019activitat f\u00edsica i l\u2019esport (grau o m\u00e0ster en Ci\u00e8ncies de l\u2019Activitat F\u00edsica i l\u2019Esport), que han cursat alguna assignatura relacionada amb les activitats f\u00edsiques en el medi natural. La fiabilitat obtinguda amb el \u03b1 de Cronbach va ser de 0.75. Els resultats obtinguts mostren que l\u2019escala d\u2019actituds cap al medi ambient en la pr\u00e0ctica d\u2019activitats fisicoesportives en el medi natural \u00e9s un instrument v\u00e0lid i fiable per a valorar l\u2019actitud cap al medi ambient en la participaci\u00f3 en activitats fisicoesportives en el medi natural, des d\u2019un model ecol\u00f2gic. Les conclusions extretes, despr\u00e9s de la seva construcci\u00f3, indiquen la conveni\u00e8ncia de revisar si les activitats f\u00edsiques en el medi natural es desenvolupen des d\u2019una perspectiva sostenible perqu\u00e8, en el cas que no sigui aix\u00ed, s\u2019apliquin les estrat\u00e8gies necess\u00e0ries per a la seva transformaci\u00f3.\u00a0<\/p>\n\n <div class=\"tags\"> <p><strong>Paraules clau:<\/strong> <span>actitud ambiental<\/span>, <span>activitats f\u00edsicoesportives<\/span>, <span>escala<\/span>, <span>model ecol\u00f2gic<\/span>, <span>natura<\/span><\/p> <\/div> \n","protected":false},"excerpt":{"rendered":"<p>Resum La realitzaci\u00f3 d\u2019activitats fisicoesportives en el medi natural ha de comportar una actitud de respecte cap al medi ambient entre els participants. L\u2019objectiu d\u2019aquest article \u00e9s dissenyar i validar un instrument per a valorar l\u2019actitud ambiental generada en aquest tipus de pr\u00e0ctiques en \u00e0mbits formatius. El q\u00fcestionari es va concretar en 16 \u00edtems amb [&hellip;]<\/p>\n","protected":false},"author":1,"featured_media":0,"comment_status":"open","ping_status":"open","sticky":false,"template":"","format":"standard","meta":{"_editorskit_title_hidden":false,"_editorskit_reading_time":1,"_editorskit_is_block_options_detached":false,"_editorskit_block_options_position":"{}","inline_featured_image":false,"advgb_blocks_editor_width":"","advgb_blocks_columns_visual_guide":"","footnotes":""},"categories":[50],"tags":[3796,5025,3798,6416,6417],"author_meta":{"display_name":"doc_inefc","author_link":"https:\/\/revista-apunts.com\/ca\/author\/doc_inefc\/"},"featured_img":null,"coauthors":[],"tax_additional":{"categories":{"linked":["<a href=\"https:\/\/revista-apunts.com\/ca\/category\/pedagogia-esportiva-ca\/\" class=\"advgb-post-tax-term\">Pedagogia esportiva<\/a>"],"unlinked":["<span class=\"advgb-post-tax-term\">Pedagogia esportiva<\/span>"]},"tags":{"linked":["<a href=\"https:\/\/revista-apunts.com\/ca\/category\/pedagogia-esportiva-ca\/\" class=\"advgb-post-tax-term\">actitud ambiental<\/a>","<a href=\"https:\/\/revista-apunts.com\/ca\/category\/pedagogia-esportiva-ca\/\" class=\"advgb-post-tax-term\">activitats f\u00edsicoesportives<\/a>","<a href=\"https:\/\/revista-apunts.com\/ca\/category\/pedagogia-esportiva-ca\/\" class=\"advgb-post-tax-term\">escala<\/a>","<a href=\"https:\/\/revista-apunts.com\/ca\/category\/pedagogia-esportiva-ca\/\" class=\"advgb-post-tax-term\">model ecol\u00f2gic<\/a>","<a href=\"https:\/\/revista-apunts.com\/ca\/category\/pedagogia-esportiva-ca\/\" class=\"advgb-post-tax-term\">natura<\/a>"],"unlinked":["<span class=\"advgb-post-tax-term\">actitud ambiental<\/span>","<span class=\"advgb-post-tax-term\">activitats f\u00edsicoesportives<\/span>","<span class=\"advgb-post-tax-term\">escala<\/span>","<span class=\"advgb-post-tax-term\">model ecol\u00f2gic<\/span>","<span class=\"advgb-post-tax-term\">natura<\/span>"]}},"comment_count":"0","relative_dates":{"created":"Posted 6 anys ago","modified":"Updated 6 anys ago"},"absolute_dates":{"created":"Posted on 27 octubre 2020","modified":"Updated on 29 octubre 2020"},"absolute_dates_time":{"created":"Posted on 27 octubre 2020 11:25","modified":"Updated on 29 octubre 2020 11:17"},"featured_img_caption":"","series_order":"","_links":{"self":[{"href":"https:\/\/revista-apunts.com\/ca\/wp-json\/wp\/v2\/posts\/12261\/"}],"collection":[{"href":"https:\/\/revista-apunts.com\/ca\/wp-json\/wp\/v2\/posts\/"}],"about":[{"href":"https:\/\/revista-apunts.com\/ca\/wp-json\/wp\/v2\/types\/post\/"}],"author":[{"embeddable":true,"href":"https:\/\/revista-apunts.com\/ca\/wp-json\/wp\/v2\/users\/1\/"}],"replies":[{"embeddable":true,"href":"https:\/\/revista-apunts.com\/ca\/wp-json\/wp\/v2\/comments\/?post=12261"}],"version-history":[{"count":1,"href":"https:\/\/revista-apunts.com\/ca\/wp-json\/wp\/v2\/posts\/12261\/revisions\/"}],"predecessor-version":[{"id":15170,"href":"https:\/\/revista-apunts.com\/ca\/wp-json\/wp\/v2\/posts\/12261\/revisions\/15170\/"}],"wp:attachment":[{"href":"https:\/\/revista-apunts.com\/ca\/wp-json\/wp\/v2\/media\/?parent=12261"}],"wp:term":[{"taxonomy":"category","embeddable":true,"href":"https:\/\/revista-apunts.com\/ca\/wp-json\/wp\/v2\/categories\/?post=12261"},{"taxonomy":"post_tag","embeddable":true,"href":"https:\/\/revista-apunts.com\/ca\/wp-json\/wp\/v2\/tags\/?post=12261"}],"curies":[{"name":"wp","href":"https:\/\/api.w.org\/{rel}","templated":true}]}}