{"id":12238,"date":"2020-10-27T11:24:47","date_gmt":"2020-10-27T11:24:47","guid":{"rendered":"https:\/\/revista-apunts.com\/?p=12238"},"modified":"2020-11-03T09:12:36","modified_gmt":"2020-11-03T09:12:36","slug":"validacio-de-proves-per-a-lanalisi-de-la-potencia-aerobica-en-atletes-tetraplegics","status":"publish","type":"post","link":"https:\/\/revista-apunts.com\/ca\/validacio-de-proves-per-a-lanalisi-de-la-potencia-aerobica-en-atletes-tetraplegics\/","title":{"rendered":"Validaci\u00f3 de proves per a l\u2019an\u00e0lisi de la pot\u00e8ncia aer\u00f2bica en atletes tetrapl\u00e8gics"},"content":{"rendered":"\n<h2 class=\"wp-block-heading\">Resum<\/h2>\n\n\n<p>El seg\u00fcent estudi presenta una revisi\u00f3 de la literatura des de l\u2019any 1980 fins a l\u2019any 2011 que t\u00e9 com a objectius, trobar metodologies originals per a l\u2019avaluaci\u00f3 de la Pot\u00e8ncia Aer\u00f2bica\u00a0en atletes amb tetraplegia, descriure els procediments metodol\u00f2gics utilitzats i presentar els possibles errors metodol\u00f2gics analitzats perqu\u00e8 altres recerques incideixin en el desenvolupament de protocols m\u00e9s fidedignes i adequats per a aquesta<br \/>poblaci\u00f3. S\u2019han consultat les bases de dades <em>ScienceDirect, Scopus, Pubmed i Medline<\/em> utilitzant les paraules clau \u201cWheelchair Users\u201d, \u201cSpinal Cord Injury\u201d, \u201cField Test\u201d, \u201cValidation\u201d i \u201cPeak Oxygen Consumption\u201d. Despr\u00e9s de l\u2019an\u00e0lisi en profunditat dels manuscrits, van ser seleccionats 10 articles, tots d\u2019autoria internacional. Es pot concloure que la utilitzaci\u00f3 d\u2019aquests recursos \u00e9s una important \u00e0rea d\u2019inter\u00e8s en el camp del rendiment paraesportiu, encara que es presenten algunes restriccions a causa dels tipus de discapacitat, la dificultat d\u2019aconseguir mostres homog\u00e8nies i la dificultat d\u2019obtenir grups de mostra en nombres considerats suficients per a la realitzaci\u00f3 de procediments estad\u00edstics. Malgrat l\u2019evoluci\u00f3 dels processos d\u2019avaluaci\u00f3 en l\u2019\u00e0mbit paraesportiu, m\u00e9s estudis haurien de ser proposats perqu\u00e8 els protocols de camp es tornin m\u00e9s fidedignes i adequats per a aquesta poblaci\u00f3.<\/p>\n\n <div class=\"tags\"> <p><strong>Paraules clau:<\/strong> <span>consum d'oxigen<\/span>, <span>discapacitat<\/span>, <span>potencia aer\u00f3bica<\/span>, <span>validaci\u00f3 de proves<\/span><\/p> <\/div> \n","protected":false},"excerpt":{"rendered":"<p>Resum El seg\u00fcent estudi presenta una revisi\u00f3 de la literatura des de l\u2019any 1980 fins a l\u2019any 2011 que t\u00e9 com a objectius, trobar metodologies originals per a l\u2019avaluaci\u00f3 de la Pot\u00e8ncia Aer\u00f2bica\u00a0en atletes amb tetraplegia, descriure els procediments metodol\u00f2gics utilitzats i presentar els possibles errors metodol\u00f2gics analitzats perqu\u00e8 altres recerques incideixin en el desenvolupament [&hellip;]<\/p>\n","protected":false},"author":1,"featured_media":0,"comment_status":"open","ping_status":"open","sticky":false,"template":"","format":"standard","meta":{"_editorskit_title_hidden":false,"_editorskit_reading_time":1,"_editorskit_is_block_options_detached":false,"_editorskit_block_options_position":"{}","inline_featured_image":false,"advgb_blocks_editor_width":"","advgb_blocks_columns_visual_guide":"","footnotes":""},"categories":[52],"tags":[4243,4744,3761,6387],"author_meta":{"display_name":"doc_inefc","author_link":"https:\/\/revista-apunts.com\/ca\/author\/doc_inefc\/"},"featured_img":null,"coauthors":[],"tax_additional":{"categories":{"linked":["<a href=\"https:\/\/revista-apunts.com\/ca\/category\/preparacio-fisica-ca\/\" class=\"advgb-post-tax-term\">Preparaci\u00f3 f\u00edsica<\/a>"],"unlinked":["<span class=\"advgb-post-tax-term\">Preparaci\u00f3 f\u00edsica<\/span>"]},"tags":{"linked":["<a href=\"https:\/\/revista-apunts.com\/ca\/category\/preparacio-fisica-ca\/\" class=\"advgb-post-tax-term\">consum d&#039;oxigen<\/a>","<a href=\"https:\/\/revista-apunts.com\/ca\/category\/preparacio-fisica-ca\/\" class=\"advgb-post-tax-term\">discapacitat<\/a>","<a href=\"https:\/\/revista-apunts.com\/ca\/category\/preparacio-fisica-ca\/\" class=\"advgb-post-tax-term\">potencia aer\u00f3bica<\/a>","<a href=\"https:\/\/revista-apunts.com\/ca\/category\/preparacio-fisica-ca\/\" class=\"advgb-post-tax-term\">validaci\u00f3 de proves<\/a>"],"unlinked":["<span class=\"advgb-post-tax-term\">consum d&#039;oxigen<\/span>","<span class=\"advgb-post-tax-term\">discapacitat<\/span>","<span class=\"advgb-post-tax-term\">potencia aer\u00f3bica<\/span>","<span class=\"advgb-post-tax-term\">validaci\u00f3 de proves<\/span>"]}},"comment_count":"0","relative_dates":{"created":"Posted 6 anys ago","modified":"Updated 5 anys ago"},"absolute_dates":{"created":"Posted on 27 octubre 2020","modified":"Updated on 3 novembre 2020"},"absolute_dates_time":{"created":"Posted on 27 octubre 2020 11:24","modified":"Updated on 3 novembre 2020 09:12"},"featured_img_caption":"","series_order":"","_links":{"self":[{"href":"https:\/\/revista-apunts.com\/ca\/wp-json\/wp\/v2\/posts\/12238\/"}],"collection":[{"href":"https:\/\/revista-apunts.com\/ca\/wp-json\/wp\/v2\/posts\/"}],"about":[{"href":"https:\/\/revista-apunts.com\/ca\/wp-json\/wp\/v2\/types\/post\/"}],"author":[{"embeddable":true,"href":"https:\/\/revista-apunts.com\/ca\/wp-json\/wp\/v2\/users\/1\/"}],"replies":[{"embeddable":true,"href":"https:\/\/revista-apunts.com\/ca\/wp-json\/wp\/v2\/comments\/?post=12238"}],"version-history":[{"count":1,"href":"https:\/\/revista-apunts.com\/ca\/wp-json\/wp\/v2\/posts\/12238\/revisions\/"}],"predecessor-version":[{"id":17970,"href":"https:\/\/revista-apunts.com\/ca\/wp-json\/wp\/v2\/posts\/12238\/revisions\/17970\/"}],"wp:attachment":[{"href":"https:\/\/revista-apunts.com\/ca\/wp-json\/wp\/v2\/media\/?parent=12238"}],"wp:term":[{"taxonomy":"category","embeddable":true,"href":"https:\/\/revista-apunts.com\/ca\/wp-json\/wp\/v2\/categories\/?post=12238"},{"taxonomy":"post_tag","embeddable":true,"href":"https:\/\/revista-apunts.com\/ca\/wp-json\/wp\/v2\/tags\/?post=12238"}],"curies":[{"name":"wp","href":"https:\/\/api.w.org\/{rel}","templated":true}]}}