{"id":12232,"date":"2020-10-27T11:24:47","date_gmt":"2020-10-27T11:24:47","guid":{"rendered":"https:\/\/revista-apunts.com\/?p=12232"},"modified":"2020-11-04T08:20:30","modified_gmt":"2020-11-04T08:20:30","slug":"el-moviment-un-llenguatge-per-creixer","status":"publish","type":"post","link":"https:\/\/revista-apunts.com\/ca\/el-moviment-un-llenguatge-per-creixer\/","title":{"rendered":"El moviment, un llenguatge per cr\u00e9ixer"},"content":{"rendered":"\n<h2 class=\"wp-block-heading\">Resum<\/h2>\n\n\n<p>Aquesta carta cient\u00edfica presenta les aportacions en forma de conclusions resum de les Jornades Moviment i Llenguatge que han tingut lloc a la Universitat de Girona aix\u00ed com les projeccions que se\u2019n deriven amb l\u2019\u00e0nim intel\u00b7lectual de generar debat cient\u00edfic. El moviment \u00e9s necessari per cr\u00e9ixer de manera integral. El moviment \u00e9s un llenguatge b\u00e0sic que pot articular una educaci\u00f3 innovadora i cr\u00edtica, impregnada per la intel\u00b7lig\u00e8ncia emocional. Permet la definici\u00f3 i aplicaci\u00f3 de metodologies actives per tal de potenciar i desenvolupar les compet\u00e8ncies, capacitats i habilitats a l\u2019escola que han de servir per promoure els ecosistemes individuals, escolars, familiars i socials. El moviment integra el desenvolupament dels aspectes propis de les relacions intrapersonals i interpersonals, els quals contribueixen a l\u2019\u00e8xit i a la felicitat de l\u2019individu. Tanmateix, es plantegen els fonaments neurocient\u00edfics que sustenten la construcci\u00f3 del moviment que permet la relaci\u00f3, l\u2019acci\u00f3 i la creativitat. A partir d\u2019aix\u00f2, les autories d\u2019aquesta carta postulen la necessitat del desenvolupament de la compet\u00e8ncia motriu a l\u2019escola i d\u2019altres centres docents com una de les compet\u00e8ncies clau, incorporant les compet\u00e8ncies associades de la dansa i de les totes les arts, la potenciaci\u00f3 de la creativitat i el treball emocional.<\/p>\n\n <div class=\"tags\"> <p><strong>Paraules clau:<\/strong> <span>compet\u00e8ncia motriu<\/span>, <span>escola<\/span>, <span>escuela<\/span>, <span>llenguatge<\/span>, <span>motricitat<\/span>, <span>moviment<\/span>, <span>neurociencia<\/span><\/p> <\/div> \n","protected":false},"excerpt":{"rendered":"<p>Resum Aquesta carta cient\u00edfica presenta les aportacions en forma de conclusions resum de les Jornades Moviment i Llenguatge que han tingut lloc a la Universitat de Girona aix\u00ed com les projeccions que se\u2019n deriven amb l\u2019\u00e0nim intel\u00b7lectual de generar debat cient\u00edfic. El moviment \u00e9s necessari per cr\u00e9ixer de manera integral. El moviment \u00e9s un llenguatge [&hellip;]<\/p>\n","protected":false},"author":1,"featured_media":0,"comment_status":"open","ping_status":"open","sticky":false,"template":"","format":"standard","meta":{"_editorskit_title_hidden":false,"_editorskit_reading_time":1,"_editorskit_is_block_options_detached":false,"_editorskit_block_options_position":"{}","inline_featured_image":false,"advgb_blocks_editor_width":"","advgb_blocks_columns_visual_guide":"","footnotes":""},"categories":[8515],"tags":[4736,4543,9264,617,4073,5177,3749],"author_meta":{"display_name":"doc_inefc","author_link":"https:\/\/revista-apunts.com\/ca\/author\/doc_inefc\/"},"featured_img":null,"coauthors":[],"tax_additional":{"categories":{"linked":["<a href=\"https:\/\/revista-apunts.com\/ca\/category\/repliques-i-cartes-cientifiques\/\" class=\"advgb-post-tax-term\">R\u00e8pliques i cartes cient\u00edfiques<\/a>"],"unlinked":["<span class=\"advgb-post-tax-term\">R\u00e8pliques i cartes cient\u00edfiques<\/span>"]},"tags":{"linked":["<a href=\"https:\/\/revista-apunts.com\/ca\/category\/repliques-i-cartes-cientifiques\/\" class=\"advgb-post-tax-term\">compet\u00e8ncia motriu<\/a>","<a href=\"https:\/\/revista-apunts.com\/ca\/category\/repliques-i-cartes-cientifiques\/\" class=\"advgb-post-tax-term\">escola<\/a>","<a href=\"https:\/\/revista-apunts.com\/ca\/category\/repliques-i-cartes-cientifiques\/\" class=\"advgb-post-tax-term\">escuela<\/a>","<a href=\"https:\/\/revista-apunts.com\/ca\/category\/repliques-i-cartes-cientifiques\/\" class=\"advgb-post-tax-term\">llenguatge<\/a>","<a href=\"https:\/\/revista-apunts.com\/ca\/category\/repliques-i-cartes-cientifiques\/\" class=\"advgb-post-tax-term\">motricitat<\/a>","<a href=\"https:\/\/revista-apunts.com\/ca\/category\/repliques-i-cartes-cientifiques\/\" class=\"advgb-post-tax-term\">moviment<\/a>","<a href=\"https:\/\/revista-apunts.com\/ca\/category\/repliques-i-cartes-cientifiques\/\" class=\"advgb-post-tax-term\">neurociencia<\/a>"],"unlinked":["<span class=\"advgb-post-tax-term\">compet\u00e8ncia motriu<\/span>","<span class=\"advgb-post-tax-term\">escola<\/span>","<span class=\"advgb-post-tax-term\">escuela<\/span>","<span class=\"advgb-post-tax-term\">llenguatge<\/span>","<span class=\"advgb-post-tax-term\">motricitat<\/span>","<span class=\"advgb-post-tax-term\">moviment<\/span>","<span class=\"advgb-post-tax-term\">neurociencia<\/span>"]}},"comment_count":"0","relative_dates":{"created":"Posted 6 anys ago","modified":"Updated 5 anys ago"},"absolute_dates":{"created":"Posted on 27 octubre 2020","modified":"Updated on 4 novembre 2020"},"absolute_dates_time":{"created":"Posted on 27 octubre 2020 11:24","modified":"Updated on 4 novembre 2020 08:20"},"featured_img_caption":"","series_order":"","_links":{"self":[{"href":"https:\/\/revista-apunts.com\/ca\/wp-json\/wp\/v2\/posts\/12232\/"}],"collection":[{"href":"https:\/\/revista-apunts.com\/ca\/wp-json\/wp\/v2\/posts\/"}],"about":[{"href":"https:\/\/revista-apunts.com\/ca\/wp-json\/wp\/v2\/types\/post\/"}],"author":[{"embeddable":true,"href":"https:\/\/revista-apunts.com\/ca\/wp-json\/wp\/v2\/users\/1\/"}],"replies":[{"embeddable":true,"href":"https:\/\/revista-apunts.com\/ca\/wp-json\/wp\/v2\/comments\/?post=12232"}],"version-history":[{"count":1,"href":"https:\/\/revista-apunts.com\/ca\/wp-json\/wp\/v2\/posts\/12232\/revisions\/"}],"predecessor-version":[{"id":18713,"href":"https:\/\/revista-apunts.com\/ca\/wp-json\/wp\/v2\/posts\/12232\/revisions\/18713\/"}],"wp:attachment":[{"href":"https:\/\/revista-apunts.com\/ca\/wp-json\/wp\/v2\/media\/?parent=12232"}],"wp:term":[{"taxonomy":"category","embeddable":true,"href":"https:\/\/revista-apunts.com\/ca\/wp-json\/wp\/v2\/categories\/?post=12232"},{"taxonomy":"post_tag","embeddable":true,"href":"https:\/\/revista-apunts.com\/ca\/wp-json\/wp\/v2\/tags\/?post=12232"}],"curies":[{"name":"wp","href":"https:\/\/api.w.org\/{rel}","templated":true}]}}