{"id":12177,"date":"2020-10-27T11:24:02","date_gmt":"2020-10-27T11:24:02","guid":{"rendered":"https:\/\/revista-apunts.com\/?p=12177"},"modified":"2020-11-09T12:30:34","modified_gmt":"2020-11-09T12:30:34","slug":"les-competencies-professionals-de-lentrenador-de-tennis-la-visio-dels-seus-formadors-a-nivell-internacional","status":"publish","type":"post","link":"https:\/\/revista-apunts.com\/ca\/les-competencies-professionals-de-lentrenador-de-tennis-la-visio-dels-seus-formadors-a-nivell-internacional\/","title":{"rendered":"Les compet\u00e8ncies professionals de l\u2019entrenador de tennis. La visi\u00f3 dels seus formadors a nivell internacional"},"content":{"rendered":"\n<h2 class=\"wp-block-heading\">Resum<\/h2>\n\n\n<p>En l\u2019esport s\u2019estan incorporant els plantejaments de la formaci\u00f3 en base a compet\u00e8ncies adre\u00e7ada als t\u00e8cnics esportius. Les compet\u00e8ncies professionals estan definint en els diferents \u00e0mbits el perfil dels entrenadors encarregats de la formaci\u00f3, entrenament i gesti\u00f3 de l\u2019esport. En aquest cas ens referim al tennis.<br>Aquesta tesi doctoral pret\u00e9n detectar i analitzar les compet\u00e8ncies professionals de l\u2019entrenador de tennis en general, en funci\u00f3 del nivell d\u2019entrenament en qu\u00e8 treballa i del rol que hi desenvolupa.<br>L\u2019objectiu general de la recerca \u00e9s \u201cidentificar i analitzar les compet\u00e8ncies professionals que defineixen un bon entrenador de tennis des de la visi\u00f3 dels responsables de formaci\u00f3 de federacions de tennis\u201d.<br>Es tracta d\u2019una recerca b\u00e0sica, transversal o sincr\u00f2nica, de camp, explorat\u00f2ria descriptiva de caire qualitatiu i quantitatiu i plantejada des del paradigma constructivista amb una perspectiva metodol\u00f2gica interpretativa, comprensiva.<br>Es van analitzar els antecedents de la recerca en relaci\u00f3 amb estudis de tem\u00e0tiques properes i\/o amb metodologies similars als que es plantegen a la tesi.<br>En el marc te\u00f2ric, s\u2019estableixen les bases d\u2019all\u00f2 que dona el suport te\u00f2ric i conceptual al treball com s\u00f3n l\u2019organitzaci\u00f3 i institu\u00adcions del tennis, les etapes i nivells en la formaci\u00f3 i entrenament, la formaci\u00f3 de l\u2019entrenador\/a de tennis, les definicions i classificacions de les compet\u00e8ncies, les compet\u00e8ncies professionals de l\u2019entrenador de tennis, la identificaci\u00f3 de les compet\u00e8ncies professionals, el rol de l\u2019entrenador\/a de tennis, i els seus \u00e0mbits de treball i mercat laboral.<br>Per portar a terme la investigaci\u00f3 es va consultar l\u2019opini\u00f3 d\u2019un total de 64 experts en formaci\u00f3 d\u2019entrenadors de federacions de tennis d\u2019arreu del m\u00f3n, de federacions territorials espanyoles i dels oficials de desenvolupament de la Federaci\u00f3 Internacional de Tennis (FIT), a trav\u00e9s d\u2019un q\u00fcestionari autoadministrat en l\u00ednia.<br>Els resultats obtinguts s\u2019analitzen des de les classificacions de les compet\u00e8ncies d\u2019Echeverr\u00eda (2002), de les compet\u00e8ncies emocionals de Bisquerra i P\u00e9rez (2007) i de la FIT.<br>En relaci\u00f3 amb les conclusions, es mostren perfils competencials espec\u00edfics, quant a compet\u00e8ncies comunes com s\u00f3n les vinculades amb la formaci\u00f3 i actualitzaci\u00f3 de coneixements, amb la metodologia d\u2019ensenyament, amb les compet\u00e8ncies socials, comunicaci\u00f3, empatia, passi\u00f3 i amb la planificaci\u00f3.<br>Segons la classificaci\u00f3 d\u2019Echeverr\u00eda, les compet\u00e8ncies m\u00e9s importants tenen relaci\u00f3 amb els components metodol\u00f2gics (saber fer) i t\u00e8cnic (saber). Referent a les emocionals de Bisquerra i P\u00e9rez, les m\u00e9s rellevants s\u00f3n les compet\u00e8ncies social i d\u2019autonomia emocional. D\u2019acord amb la classificaci\u00f3 de la FIT, es destaquen les compet\u00e8ncies vinculades amb l\u2019entrenament i la formaci\u00f3.<br>Les compet\u00e8ncies professionals proposades per la FIT s\u00f3n valorades per part dels experts com a importants i molt importants, per\u00f2, no tenen en compte els components participatiu i personal (saber \u00e9sser) ni les compet\u00e8ncies emocionals. S\u2019ubiquen en l\u2019esport de rendiment i no en l\u2019esport de participaci\u00f3.<\/p>\n\n <div class=\"tags\"> <p><strong>Paraules clau:<\/strong> <span>compet\u00e8ncia professional<\/span>, <span>entrenador de tennis<\/span>, <span>formaci\u00f3 d\u2019entrenadors<\/span>, <span>tennis<\/span><\/p> <\/div> \n","protected":false},"excerpt":{"rendered":"<p>Resum En l\u2019esport s\u2019estan incorporant els plantejaments de la formaci\u00f3 en base a compet\u00e8ncies adre\u00e7ada als t\u00e8cnics esportius. Les compet\u00e8ncies professionals estan definint en els diferents \u00e0mbits el perfil dels entrenadors encarregats de la formaci\u00f3, entrenament i gesti\u00f3 de l\u2019esport. En aquest cas ens referim al tennis.Aquesta tesi doctoral pret\u00e9n detectar i analitzar les compet\u00e8ncies [&hellip;]<\/p>\n","protected":false},"author":1,"featured_media":0,"comment_status":"open","ping_status":"open","sticky":false,"template":"","format":"standard","meta":{"_editorskit_title_hidden":false,"_editorskit_reading_time":2,"_editorskit_is_block_options_detached":false,"_editorskit_block_options_position":"{}","inline_featured_image":false,"advgb_blocks_editor_width":"","advgb_blocks_columns_visual_guide":"","footnotes":""},"categories":[56],"tags":[6286,6287,6288,4138],"author_meta":{"display_name":"doc_inefc","author_link":"https:\/\/revista-apunts.com\/ca\/author\/doc_inefc\/"},"featured_img":null,"coauthors":[],"tax_additional":{"categories":{"linked":["<a href=\"https:\/\/revista-apunts.com\/ca\/category\/tesis-doctorals-ca\/\" class=\"advgb-post-tax-term\">Tesis doctorals<\/a>"],"unlinked":["<span class=\"advgb-post-tax-term\">Tesis doctorals<\/span>"]},"tags":{"linked":["<a href=\"https:\/\/revista-apunts.com\/ca\/category\/tesis-doctorals-ca\/\" class=\"advgb-post-tax-term\">compet\u00e8ncia professional<\/a>","<a href=\"https:\/\/revista-apunts.com\/ca\/category\/tesis-doctorals-ca\/\" class=\"advgb-post-tax-term\">entrenador de tennis<\/a>","<a href=\"https:\/\/revista-apunts.com\/ca\/category\/tesis-doctorals-ca\/\" class=\"advgb-post-tax-term\">formaci\u00f3 d\u2019entrenadors<\/a>","<a href=\"https:\/\/revista-apunts.com\/ca\/category\/tesis-doctorals-ca\/\" class=\"advgb-post-tax-term\">tennis<\/a>"],"unlinked":["<span class=\"advgb-post-tax-term\">compet\u00e8ncia professional<\/span>","<span class=\"advgb-post-tax-term\">entrenador de tennis<\/span>","<span class=\"advgb-post-tax-term\">formaci\u00f3 d\u2019entrenadors<\/span>","<span class=\"advgb-post-tax-term\">tennis<\/span>"]}},"comment_count":"0","relative_dates":{"created":"Posted 6 anys ago","modified":"Updated 5 anys ago"},"absolute_dates":{"created":"Posted on 27 octubre 2020","modified":"Updated on 9 novembre 2020"},"absolute_dates_time":{"created":"Posted on 27 octubre 2020 11:24","modified":"Updated on 9 novembre 2020 12:30"},"featured_img_caption":"","series_order":"","_links":{"self":[{"href":"https:\/\/revista-apunts.com\/ca\/wp-json\/wp\/v2\/posts\/12177\/"}],"collection":[{"href":"https:\/\/revista-apunts.com\/ca\/wp-json\/wp\/v2\/posts\/"}],"about":[{"href":"https:\/\/revista-apunts.com\/ca\/wp-json\/wp\/v2\/types\/post\/"}],"author":[{"embeddable":true,"href":"https:\/\/revista-apunts.com\/ca\/wp-json\/wp\/v2\/users\/1\/"}],"replies":[{"embeddable":true,"href":"https:\/\/revista-apunts.com\/ca\/wp-json\/wp\/v2\/comments\/?post=12177"}],"version-history":[{"count":1,"href":"https:\/\/revista-apunts.com\/ca\/wp-json\/wp\/v2\/posts\/12177\/revisions\/"}],"predecessor-version":[{"id":23550,"href":"https:\/\/revista-apunts.com\/ca\/wp-json\/wp\/v2\/posts\/12177\/revisions\/23550\/"}],"wp:attachment":[{"href":"https:\/\/revista-apunts.com\/ca\/wp-json\/wp\/v2\/media\/?parent=12177"}],"wp:term":[{"taxonomy":"category","embeddable":true,"href":"https:\/\/revista-apunts.com\/ca\/wp-json\/wp\/v2\/categories\/?post=12177"},{"taxonomy":"post_tag","embeddable":true,"href":"https:\/\/revista-apunts.com\/ca\/wp-json\/wp\/v2\/tags\/?post=12177"}],"curies":[{"name":"wp","href":"https:\/\/api.w.org\/{rel}","templated":true}]}}