{"id":12176,"date":"2020-10-27T11:24:02","date_gmt":"2020-10-27T11:24:02","guid":{"rendered":"https:\/\/revista-apunts.com\/?p=12176"},"modified":"2020-11-09T12:23:20","modified_gmt":"2020-11-09T12:23:20","slug":"els-jocs-olimpics-de-barcelona-25-anys-despres-3","status":"publish","type":"post","link":"https:\/\/revista-apunts.com\/ca\/els-jocs-olimpics-de-barcelona-25-anys-despres-3\/","title":{"rendered":"Els Jocs Ol\u00edmpics de Barcelona, 25 anys despr\u00e9s (3)"},"content":{"rendered":"\n<p>Resum<\/p>\n\n\n<p>Un dels eixos b\u00e0sics de l\u2019organitzaci\u00f3 d\u2019uns jocs ol\u00edmpics s\u00f3n les seves instal\u00b7lacions esportives. Des d\u2019aquesta perspectiva s\u2019analitzen la inversi\u00f3, la gesti\u00f3 i l\u2019impacte que aquestes han tingut a la ciutat de Barcelona. Les instal\u00b7lacions ol\u00edmpiques de Barcelona 1992 no es van situar \u00fanicament a la ciutat ni totes elles van ser explotades sobre la base del mateix esport que van acollir. Un dels \u00e8xits de Barcelona va ser dimensionar la inversi\u00f3 d\u2019acord amb les necessitats reals de la ciutat. Tamb\u00e9 en mat\u00e8ria d\u2019instal\u00b7lacions esportives es va complir aquest principi. En aquest tercer article s\u2019aporten dades econ\u00f2miques, informaci\u00f3 sobre la construcci\u00f3 i posterior gesti\u00f3 de les ins\u00adtal\u00b7lacions esportives i el seu impacte en l\u2019increment de la pr\u00e0ctica esportiva de la ciutadania de Barcelona.<\/p>\n\n <div class=\"tags\"> <p><strong>Paraules clau:<\/strong> <span>Barcelona<\/span>, <span>Impacte<\/span>, <span>jocs ol\u00edmpics<\/span>, <span>llegat<\/span><\/p> <\/div> \n","protected":false},"excerpt":{"rendered":"<p>Resum Un dels eixos b\u00e0sics de l\u2019organitzaci\u00f3 d\u2019uns jocs ol\u00edmpics s\u00f3n les seves instal\u00b7lacions esportives. Des d\u2019aquesta perspectiva s\u2019analitzen la inversi\u00f3, la gesti\u00f3 i l\u2019impacte que aquestes han tingut a la ciutat de Barcelona. Les instal\u00b7lacions ol\u00edmpiques de Barcelona 1992 no es van situar \u00fanicament a la ciutat ni totes elles van ser explotades sobre [&hellip;]<\/p>\n","protected":false},"author":1,"featured_media":0,"comment_status":"open","ping_status":"open","sticky":false,"template":"","format":"standard","meta":{"_editorskit_title_hidden":false,"_editorskit_reading_time":1,"_editorskit_is_block_options_detached":false,"_editorskit_block_options_position":"{}","inline_featured_image":false,"advgb_blocks_editor_width":"","advgb_blocks_columns_visual_guide":"","footnotes":""},"categories":[8518],"tags":[978,4152,4182,6236],"author_meta":{"display_name":"doc_inefc","author_link":"https:\/\/revista-apunts.com\/ca\/author\/doc_inefc\/"},"featured_img":null,"coauthors":[],"tax_additional":{"categories":{"linked":["<a href=\"https:\/\/revista-apunts.com\/ca\/category\/opinio\/\" class=\"advgb-post-tax-term\">Opini\u00f3<\/a>"],"unlinked":["<span class=\"advgb-post-tax-term\">Opini\u00f3<\/span>"]},"tags":{"linked":["<a href=\"https:\/\/revista-apunts.com\/ca\/category\/opinio\/\" class=\"advgb-post-tax-term\">Barcelona<\/a>","<a href=\"https:\/\/revista-apunts.com\/ca\/category\/opinio\/\" class=\"advgb-post-tax-term\">Impacte<\/a>","<a href=\"https:\/\/revista-apunts.com\/ca\/category\/opinio\/\" class=\"advgb-post-tax-term\">jocs ol\u00edmpics<\/a>","<a href=\"https:\/\/revista-apunts.com\/ca\/category\/opinio\/\" class=\"advgb-post-tax-term\">llegat<\/a>"],"unlinked":["<span class=\"advgb-post-tax-term\">Barcelona<\/span>","<span class=\"advgb-post-tax-term\">Impacte<\/span>","<span class=\"advgb-post-tax-term\">jocs ol\u00edmpics<\/span>","<span class=\"advgb-post-tax-term\">llegat<\/span>"]}},"comment_count":"0","relative_dates":{"created":"Posted 6 anys ago","modified":"Updated 5 anys ago"},"absolute_dates":{"created":"Posted on 27 octubre 2020","modified":"Updated on 9 novembre 2020"},"absolute_dates_time":{"created":"Posted on 27 octubre 2020 11:24","modified":"Updated on 9 novembre 2020 12:23"},"featured_img_caption":"","series_order":"","_links":{"self":[{"href":"https:\/\/revista-apunts.com\/ca\/wp-json\/wp\/v2\/posts\/12176\/"}],"collection":[{"href":"https:\/\/revista-apunts.com\/ca\/wp-json\/wp\/v2\/posts\/"}],"about":[{"href":"https:\/\/revista-apunts.com\/ca\/wp-json\/wp\/v2\/types\/post\/"}],"author":[{"embeddable":true,"href":"https:\/\/revista-apunts.com\/ca\/wp-json\/wp\/v2\/users\/1\/"}],"replies":[{"embeddable":true,"href":"https:\/\/revista-apunts.com\/ca\/wp-json\/wp\/v2\/comments\/?post=12176"}],"version-history":[{"count":1,"href":"https:\/\/revista-apunts.com\/ca\/wp-json\/wp\/v2\/posts\/12176\/revisions\/"}],"predecessor-version":[{"id":23544,"href":"https:\/\/revista-apunts.com\/ca\/wp-json\/wp\/v2\/posts\/12176\/revisions\/23544\/"}],"wp:attachment":[{"href":"https:\/\/revista-apunts.com\/ca\/wp-json\/wp\/v2\/media\/?parent=12176"}],"wp:term":[{"taxonomy":"category","embeddable":true,"href":"https:\/\/revista-apunts.com\/ca\/wp-json\/wp\/v2\/categories\/?post=12176"},{"taxonomy":"post_tag","embeddable":true,"href":"https:\/\/revista-apunts.com\/ca\/wp-json\/wp\/v2\/tags\/?post=12176"}],"curies":[{"name":"wp","href":"https:\/\/api.w.org\/{rel}","templated":true}]}}