{"id":12150,"date":"2020-10-27T11:23:47","date_gmt":"2020-10-27T11:23:47","guid":{"rendered":"https:\/\/revista-apunts.com\/?p=12150"},"modified":"2020-11-06T09:44:11","modified_gmt":"2020-11-06T09:44:11","slug":"efectes-de-la-hipoxia-en-muntanyencs-exposats-a-altituds-extremes","status":"publish","type":"post","link":"https:\/\/revista-apunts.com\/ca\/efectes-de-la-hipoxia-en-muntanyencs-exposats-a-altituds-extremes\/","title":{"rendered":"Efectes de la hip\u00f2xia en muntanyencs exposats a altituds extremes"},"content":{"rendered":"\n<h2 class=\"wp-block-heading\">Resum<\/h2>\n\n\n<p>La pr\u00e0ctica del muntanyisme gaudeix en l\u2019actualitat d\u2019una gran popularitat entre els nostres esportistes. Els muntanyencs que es mouen en grans altituds es veuen exposats freq\u00fcentment a climatologies molt adverses i vies de gran dificultat f\u00edsica i t\u00e8cnica, per\u00f2 possiblement l\u2019enemic m\u00e9s temible al que s\u2019han d\u2019enfrontar t\u00e9 a veure amb els indesitjables efectes de la hip\u00f2xia. La present recerca se centra a constatar possibles deterioracions en les habilitats del pensament d\u2019un grup de muntanyencs exposat a altituds extremes (per sobre dels 5.500 metres), sense l\u2019ajuda d\u2019oxigen suplementari. Per a aix\u00f2 hem comptat amb la participaci\u00f3 de muntanyencs de tres expedicions als \u201cvuitmils\u201d Manaslu, Makalu i Gasherbrum II als quals es van aplicar proves d\u2019aptituds mentals abans, durant i despr\u00e9s de cada expedici\u00f3. La singularitat d\u2019aquest estudi resideix a haver-hi incorporat resultats de proves realitzades en altituds extremes, en concret a 5.800, 6.200 i 6.000 metres respectivament. Els resultats posen de manifest que de totes les \u00e0rees i funcions cognitives avaluades, sembla que les m\u00e9s afectades pels efectes de la hip\u00f2xia han estat les relacionades amb la capacitat de raonament abstracte, espacial i verbal. Les deterioracions m\u00e9s evidents es van observar en altitud, persistint aquestes al cap d\u2019una setmana de tornar. Despr\u00e9s de sis mesos aquests d\u00e8ficits es van recuperar per complet.<\/p>\n\n <div class=\"tags\"> <p><strong>Paraules clau:<\/strong> <span>altitud extrema<\/span>, <span>habilitats del pensament<\/span>, <span>hipoxia<\/span><\/p> <\/div> \n","protected":false},"excerpt":{"rendered":"<p>Resum La pr\u00e0ctica del muntanyisme gaudeix en l\u2019actualitat d\u2019una gran popularitat entre els nostres esportistes. Els muntanyencs que es mouen en grans altituds es veuen exposats freq\u00fcentment a climatologies molt adverses i vies de gran dificultat f\u00edsica i t\u00e8cnica, per\u00f2 possiblement l\u2019enemic m\u00e9s temible al que s\u2019han d\u2019enfrontar t\u00e9 a veure amb els indesitjables efectes [&hellip;]<\/p>\n","protected":false},"author":1,"featured_media":0,"comment_status":"open","ping_status":"open","sticky":false,"template":"","format":"standard","meta":{"_editorskit_title_hidden":false,"_editorskit_reading_time":1,"_editorskit_is_block_options_detached":false,"_editorskit_block_options_position":"{}","inline_featured_image":false,"advgb_blocks_editor_width":"","advgb_blocks_columns_visual_guide":"","footnotes":""},"categories":[15],"tags":[3574,6237,3575],"author_meta":{"display_name":"doc_inefc","author_link":"https:\/\/revista-apunts.com\/ca\/author\/doc_inefc\/"},"featured_img":null,"coauthors":[],"tax_additional":{"categories":{"linked":["<a href=\"https:\/\/revista-apunts.com\/ca\/category\/activitat-fisica-i-salut\/\" class=\"advgb-post-tax-term\">Activitat f\u00edsica i salut<\/a>"],"unlinked":["<span class=\"advgb-post-tax-term\">Activitat f\u00edsica i salut<\/span>"]},"tags":{"linked":["<a href=\"https:\/\/revista-apunts.com\/ca\/category\/activitat-fisica-i-salut\/\" class=\"advgb-post-tax-term\">altitud extrema<\/a>","<a href=\"https:\/\/revista-apunts.com\/ca\/category\/activitat-fisica-i-salut\/\" class=\"advgb-post-tax-term\">habilitats del pensament<\/a>","<a href=\"https:\/\/revista-apunts.com\/ca\/category\/activitat-fisica-i-salut\/\" class=\"advgb-post-tax-term\">hipoxia<\/a>"],"unlinked":["<span class=\"advgb-post-tax-term\">altitud extrema<\/span>","<span class=\"advgb-post-tax-term\">habilitats del pensament<\/span>","<span class=\"advgb-post-tax-term\">hipoxia<\/span>"]}},"comment_count":"0","relative_dates":{"created":"Posted 6 anys ago","modified":"Updated 5 anys ago"},"absolute_dates":{"created":"Posted on 27 octubre 2020","modified":"Updated on 6 novembre 2020"},"absolute_dates_time":{"created":"Posted on 27 octubre 2020 11:23","modified":"Updated on 6 novembre 2020 09:44"},"featured_img_caption":"","series_order":"","_links":{"self":[{"href":"https:\/\/revista-apunts.com\/ca\/wp-json\/wp\/v2\/posts\/12150\/"}],"collection":[{"href":"https:\/\/revista-apunts.com\/ca\/wp-json\/wp\/v2\/posts\/"}],"about":[{"href":"https:\/\/revista-apunts.com\/ca\/wp-json\/wp\/v2\/types\/post\/"}],"author":[{"embeddable":true,"href":"https:\/\/revista-apunts.com\/ca\/wp-json\/wp\/v2\/users\/1\/"}],"replies":[{"embeddable":true,"href":"https:\/\/revista-apunts.com\/ca\/wp-json\/wp\/v2\/comments\/?post=12150"}],"version-history":[{"count":1,"href":"https:\/\/revista-apunts.com\/ca\/wp-json\/wp\/v2\/posts\/12150\/revisions\/"}],"predecessor-version":[{"id":23249,"href":"https:\/\/revista-apunts.com\/ca\/wp-json\/wp\/v2\/posts\/12150\/revisions\/23249\/"}],"wp:attachment":[{"href":"https:\/\/revista-apunts.com\/ca\/wp-json\/wp\/v2\/media\/?parent=12150"}],"wp:term":[{"taxonomy":"category","embeddable":true,"href":"https:\/\/revista-apunts.com\/ca\/wp-json\/wp\/v2\/categories\/?post=12150"},{"taxonomy":"post_tag","embeddable":true,"href":"https:\/\/revista-apunts.com\/ca\/wp-json\/wp\/v2\/tags\/?post=12150"}],"curies":[{"name":"wp","href":"https:\/\/api.w.org\/{rel}","templated":true}]}}