{"id":12134,"date":"2020-10-27T11:23:32","date_gmt":"2020-10-27T11:23:32","guid":{"rendered":"https:\/\/revista-apunts.com\/?p=12134"},"modified":"2020-11-03T12:37:59","modified_gmt":"2020-11-03T12:37:59","slug":"estrategia-de-formacio-humanista-martiana-en-la-llicenciatura-en-cultura-fisica","status":"publish","type":"post","link":"https:\/\/revista-apunts.com\/ca\/estrategia-de-formacio-humanista-martiana-en-la-llicenciatura-en-cultura-fisica\/","title":{"rendered":"Estrat\u00e8gia de formaci\u00f3 humanista-martiana en la llicenciatura en Cultura F\u00edsica"},"content":{"rendered":"\n<h2 class=\"wp-block-heading\">Resum<\/h2>\n\n\n<p>Actualment, diversos documents normatius nacionals i internacionals evidencien la important relaci\u00f3 entre la cultura f\u00edsica i l\u2019humanisme. Desafortunadament, l\u2019articulaci\u00f3 entre el pensament marti\u00e0 i els components del proc\u00e9s formatiu \u00e9s inadequada. Per aix\u00f2, es va valorar hist\u00f2ricament la formaci\u00f3 humanista-martiana del futur professional de la cultura f\u00edsica (CF); i fonamentar te\u00f2ricament el proc\u00e9s de sorgiment, les manifestacions, els trets essencials, les insufici\u00e8ncies i l\u2019estat actual d\u2019aquesta formaci\u00f3. Es va recon\u00e8ixer aix\u00ed la seva din\u00e0mica i les interpretacions de qu\u00e8 ha estat objecte per diferents autories. La valoraci\u00f3 hist\u00f2rica va evidenciar les inconsist\u00e8ncies te\u00f2riques i metodol\u00f2giques en el proc\u00e9s de formaci\u00f3 humanista-martiana del llicenciat en CF, en tant que no es precisen la l\u00f2gica interna d\u2019aquest proc\u00e9s i les relacions essencials entre els seus components en els diss\u00edmils contextos formatius, la qual cosa limita la formaci\u00f3 del professional. L\u2019an\u00e0lisi epistemol\u00f2gica va permetre determinar els pressupostos te\u00f2rics per escometre les accions necess\u00e0ries per al disseny de l\u2019aportaci\u00f3 te\u00f2rica de la recerca en delimitar els fonaments del model i l\u2019estrat\u00e8gia que es proposa. Es va proposar un model que contribu\u00eds a la transformaci\u00f3 del proc\u00e9s actual de formaci\u00f3 humanista-martiana del professional de CF.<\/p>\n\n <div class=\"tags\"> <p><strong>Paraules clau:<\/strong> <span>educaci\u00f3 f\u00edsica<\/span>, <span>educaci\u00f3 human\u00edstica<\/span>, <span>llicenciatura en educaci\u00f3 f\u00edsica<\/span><\/p> <\/div> \n","protected":false},"excerpt":{"rendered":"<p>Resum Actualment, diversos documents normatius nacionals i internacionals evidencien la important relaci\u00f3 entre la cultura f\u00edsica i l\u2019humanisme. Desafortunadament, l\u2019articulaci\u00f3 entre el pensament marti\u00e0 i els components del proc\u00e9s formatiu \u00e9s inadequada. Per aix\u00f2, es va valorar hist\u00f2ricament la formaci\u00f3 humanista-martiana del futur professional de la cultura f\u00edsica (CF); i fonamentar te\u00f2ricament el proc\u00e9s de [&hellip;]<\/p>\n","protected":false},"author":1,"featured_media":0,"comment_status":"open","ping_status":"open","sticky":false,"template":"","format":"standard","meta":{"_editorskit_title_hidden":false,"_editorskit_reading_time":1,"_editorskit_is_block_options_detached":false,"_editorskit_block_options_position":"{}","inline_featured_image":false,"advgb_blocks_editor_width":"","advgb_blocks_columns_visual_guide":"","footnotes":""},"categories":[56],"tags":[119,6213,6214],"author_meta":{"display_name":"doc_inefc","author_link":"https:\/\/revista-apunts.com\/ca\/author\/doc_inefc\/"},"featured_img":null,"coauthors":[],"tax_additional":{"categories":{"linked":["<a href=\"https:\/\/revista-apunts.com\/ca\/category\/tesis-doctorals-ca\/\" class=\"advgb-post-tax-term\">Tesis doctorals<\/a>"],"unlinked":["<span class=\"advgb-post-tax-term\">Tesis doctorals<\/span>"]},"tags":{"linked":["<a href=\"https:\/\/revista-apunts.com\/ca\/category\/tesis-doctorals-ca\/\" class=\"advgb-post-tax-term\">educaci\u00f3 f\u00edsica<\/a>","<a href=\"https:\/\/revista-apunts.com\/ca\/category\/tesis-doctorals-ca\/\" class=\"advgb-post-tax-term\">educaci\u00f3 human\u00edstica<\/a>","<a href=\"https:\/\/revista-apunts.com\/ca\/category\/tesis-doctorals-ca\/\" class=\"advgb-post-tax-term\">llicenciatura en educaci\u00f3 f\u00edsica<\/a>"],"unlinked":["<span class=\"advgb-post-tax-term\">educaci\u00f3 f\u00edsica<\/span>","<span class=\"advgb-post-tax-term\">educaci\u00f3 human\u00edstica<\/span>","<span class=\"advgb-post-tax-term\">llicenciatura en educaci\u00f3 f\u00edsica<\/span>"]}},"comment_count":"0","relative_dates":{"created":"Posted 6 anys ago","modified":"Updated 5 anys ago"},"absolute_dates":{"created":"Posted on 27 octubre 2020","modified":"Updated on 3 novembre 2020"},"absolute_dates_time":{"created":"Posted on 27 octubre 2020 11:23","modified":"Updated on 3 novembre 2020 12:37"},"featured_img_caption":"","series_order":"","_links":{"self":[{"href":"https:\/\/revista-apunts.com\/ca\/wp-json\/wp\/v2\/posts\/12134\/"}],"collection":[{"href":"https:\/\/revista-apunts.com\/ca\/wp-json\/wp\/v2\/posts\/"}],"about":[{"href":"https:\/\/revista-apunts.com\/ca\/wp-json\/wp\/v2\/types\/post\/"}],"author":[{"embeddable":true,"href":"https:\/\/revista-apunts.com\/ca\/wp-json\/wp\/v2\/users\/1\/"}],"replies":[{"embeddable":true,"href":"https:\/\/revista-apunts.com\/ca\/wp-json\/wp\/v2\/comments\/?post=12134"}],"version-history":[{"count":1,"href":"https:\/\/revista-apunts.com\/ca\/wp-json\/wp\/v2\/posts\/12134\/revisions\/"}],"predecessor-version":[{"id":18683,"href":"https:\/\/revista-apunts.com\/ca\/wp-json\/wp\/v2\/posts\/12134\/revisions\/18683\/"}],"wp:attachment":[{"href":"https:\/\/revista-apunts.com\/ca\/wp-json\/wp\/v2\/media\/?parent=12134"}],"wp:term":[{"taxonomy":"category","embeddable":true,"href":"https:\/\/revista-apunts.com\/ca\/wp-json\/wp\/v2\/categories\/?post=12134"},{"taxonomy":"post_tag","embeddable":true,"href":"https:\/\/revista-apunts.com\/ca\/wp-json\/wp\/v2\/tags\/?post=12134"}],"curies":[{"name":"wp","href":"https:\/\/api.w.org\/{rel}","templated":true}]}}