{"id":12127,"date":"2020-10-27T11:23:32","date_gmt":"2020-10-27T11:23:32","guid":{"rendered":"https:\/\/revista-apunts.com\/?p=12127"},"modified":"2020-11-03T10:29:29","modified_gmt":"2020-11-03T10:29:29","slug":"valoracio-objectiva-de-lactivitat-fisica-en-sessions-dexercici-fisic-dun-programa-multidisciplinari-per-al-tractament-de-lobesitat-infantil","status":"publish","type":"post","link":"https:\/\/revista-apunts.com\/ca\/valoracio-objectiva-de-lactivitat-fisica-en-sessions-dexercici-fisic-dun-programa-multidisciplinari-per-al-tractament-de-lobesitat-infantil\/","title":{"rendered":"Valoraci\u00f3 objectiva de l\u2019activitat f\u00edsica en sessions d\u2019exercici f\u00edsic d\u2019un programa multidisciplinari per al tractament de l\u2019obesitat infantil"},"content":{"rendered":"\n<h2 class=\"wp-block-heading\">Resum<\/h2>\n\n\n<p><em>Antecedents<\/em>. La inclusi\u00f3 d\u2019exercici f\u00edsic supervisat en les intervencions per al tractament de l\u2019obesitat infantil \u00e9s un dels factors que pot determinar la seva efic\u00e0cia. No obstant, malgrat que les sessions hagin estat planificades segons les recomanacions, la resposta real dels nens\/nenes no sempre ha estat quantificada. La finalitat del treball va ser analitzar el grau de moviment i estimar la despesa energ\u00e8tica durant les sessions d\u2019exercici f\u00edsic d\u2019una intervenci\u00f3 per al tractament de l\u2019obesitat infantil. <em>M\u00e8tode<\/em>. Hi van participar 41 nens\/nenes de 8 a 12 anys, obesos i poc actius, en els quals es va mesurar, mitjan\u00e7ant acceler\u00f2metres, el grau de moviment global i el temps dedicat a diferents nivells d\u2019intensitat d\u2019esfor\u00e7 (sedent\u00e0ria, lleugera, moderada-vigorosa) i el patr\u00f3 de les conductes sedent\u00e0ries i d\u2019activitat f\u00edsica durant les sessions d\u2019exercici f\u00edsic de la intervenci\u00f3. Resultats. Les sessions de 60 minuts de durada es caracteritzen per per\u00edodes curts de moderada-vigorosa intensitat interromputs per per\u00edodes curts de menor intensitat de moviment. Els participants van dedicar un 58,3% del temps a activitats de moderada-vigorosa intensitat, un 30% a activitats de lleugera intensitat i tan sols un 11.8% del temps a conductes sedent\u00e0ries. Per al conjunt de les sessions, i en particular a les de futbol, la despesa energ\u00e8tica dels nens va ser superior a la de les nenes. <em>Conclusions<\/em>. El programa d\u2019intervenci\u00f3 d\u00f3na l\u2019oportunitat d\u2019augmentar els minuts setmanals dedicats a activitat f\u00edsica de moderada i vigorosa intensitat i d\u2019incrementar la despesa energ\u00e8tica.<\/p>\n\n <div class=\"tags\"> <p><strong>Paraules clau:<\/strong> <span>accelerometria<\/span>, <span>activitat fi\u0301sica<\/span>, <span>despesa energ\u00e8tica<\/span>, <span>obesitat infantil<\/span>, <span>sessions entrenament<\/span><\/p> <\/div> \n","protected":false},"excerpt":{"rendered":"<p>Resum Antecedents. La inclusi\u00f3 d\u2019exercici f\u00edsic supervisat en les intervencions per al tractament de l\u2019obesitat infantil \u00e9s un dels factors que pot determinar la seva efic\u00e0cia. No obstant, malgrat que les sessions hagin estat planificades segons les recomanacions, la resposta real dels nens\/nenes no sempre ha estat quantificada. La finalitat del treball va ser analitzar [&hellip;]<\/p>\n","protected":false},"author":1,"featured_media":0,"comment_status":"open","ping_status":"open","sticky":false,"template":"","format":"standard","meta":{"_editorskit_title_hidden":false,"_editorskit_reading_time":1,"_editorskit_is_block_options_detached":false,"_editorskit_block_options_position":"{}","inline_featured_image":false,"advgb_blocks_editor_width":"","advgb_blocks_columns_visual_guide":"","footnotes":""},"categories":[15],"tags":[6204,154,3984,6203,6205],"author_meta":{"display_name":"doc_inefc","author_link":"https:\/\/revista-apunts.com\/ca\/author\/doc_inefc\/"},"featured_img":null,"coauthors":[],"tax_additional":{"categories":{"linked":["<a href=\"https:\/\/revista-apunts.com\/ca\/category\/activitat-fisica-i-salut\/\" class=\"advgb-post-tax-term\">Activitat f\u00edsica i salut<\/a>"],"unlinked":["<span class=\"advgb-post-tax-term\">Activitat f\u00edsica i salut<\/span>"]},"tags":{"linked":["<a href=\"https:\/\/revista-apunts.com\/ca\/category\/activitat-fisica-i-salut\/\" class=\"advgb-post-tax-term\">accelerometria<\/a>","<a href=\"https:\/\/revista-apunts.com\/ca\/category\/activitat-fisica-i-salut\/\" class=\"advgb-post-tax-term\">activitat fi\u0301sica<\/a>","<a href=\"https:\/\/revista-apunts.com\/ca\/category\/activitat-fisica-i-salut\/\" class=\"advgb-post-tax-term\">despesa energ\u00e8tica<\/a>","<a href=\"https:\/\/revista-apunts.com\/ca\/category\/activitat-fisica-i-salut\/\" class=\"advgb-post-tax-term\">obesitat infantil<\/a>","<a href=\"https:\/\/revista-apunts.com\/ca\/category\/activitat-fisica-i-salut\/\" class=\"advgb-post-tax-term\">sessions entrenament<\/a>"],"unlinked":["<span class=\"advgb-post-tax-term\">accelerometria<\/span>","<span class=\"advgb-post-tax-term\">activitat fi\u0301sica<\/span>","<span class=\"advgb-post-tax-term\">despesa energ\u00e8tica<\/span>","<span class=\"advgb-post-tax-term\">obesitat infantil<\/span>","<span class=\"advgb-post-tax-term\">sessions entrenament<\/span>"]}},"comment_count":"0","relative_dates":{"created":"Posted 5 anys ago","modified":"Updated 5 anys ago"},"absolute_dates":{"created":"Posted on 27 octubre 2020","modified":"Updated on 3 novembre 2020"},"absolute_dates_time":{"created":"Posted on 27 octubre 2020 11:23","modified":"Updated on 3 novembre 2020 10:29"},"featured_img_caption":"","series_order":"","_links":{"self":[{"href":"https:\/\/revista-apunts.com\/ca\/wp-json\/wp\/v2\/posts\/12127\/"}],"collection":[{"href":"https:\/\/revista-apunts.com\/ca\/wp-json\/wp\/v2\/posts\/"}],"about":[{"href":"https:\/\/revista-apunts.com\/ca\/wp-json\/wp\/v2\/types\/post\/"}],"author":[{"embeddable":true,"href":"https:\/\/revista-apunts.com\/ca\/wp-json\/wp\/v2\/users\/1\/"}],"replies":[{"embeddable":true,"href":"https:\/\/revista-apunts.com\/ca\/wp-json\/wp\/v2\/comments\/?post=12127"}],"version-history":[{"count":2,"href":"https:\/\/revista-apunts.com\/ca\/wp-json\/wp\/v2\/posts\/12127\/revisions\/"}],"predecessor-version":[{"id":18010,"href":"https:\/\/revista-apunts.com\/ca\/wp-json\/wp\/v2\/posts\/12127\/revisions\/18010\/"}],"wp:attachment":[{"href":"https:\/\/revista-apunts.com\/ca\/wp-json\/wp\/v2\/media\/?parent=12127"}],"wp:term":[{"taxonomy":"category","embeddable":true,"href":"https:\/\/revista-apunts.com\/ca\/wp-json\/wp\/v2\/categories\/?post=12127"},{"taxonomy":"post_tag","embeddable":true,"href":"https:\/\/revista-apunts.com\/ca\/wp-json\/wp\/v2\/tags\/?post=12127"}],"curies":[{"name":"wp","href":"https:\/\/api.w.org\/{rel}","templated":true}]}}