{"id":12114,"date":"2020-10-27T11:23:17","date_gmt":"2020-10-27T11:23:17","guid":{"rendered":"https:\/\/revista-apunts.com\/?p=12114"},"modified":"2020-11-05T08:55:02","modified_gmt":"2020-11-05T08:55:02","slug":"comparacio-de-la-capacitat-ritmica-en-persones-amb-discapacitat-intellectual-sindrome-de-down-i-persones-sense-discapacitat","status":"publish","type":"post","link":"https:\/\/revista-apunts.com\/ca\/comparacio-de-la-capacitat-ritmica-en-persones-amb-discapacitat-intellectual-sindrome-de-down-i-persones-sense-discapacitat\/","title":{"rendered":"Comparaci\u00f3 de la capacitat r\u00edtmica en persones amb discapacitat intel\u00b7lectual, s\u00edndrome de Down i persones sense discapacitat"},"content":{"rendered":"\n<h2 class=\"wp-block-heading\">Resum<\/h2>\n\n\n<p>La capacitat r\u00edtmica \u00e9s una capacitat coordinativa complexa que es manifesta en diverses activitats quotidianes. Es caracteritza per la sincronitzaci\u00f3 sensoriomotora, o l\u2019adequaci\u00f3 de moviments a un est\u00edmul extern constant, i per la de produir pulsacions regulars i constants, denominat <em>tempo espontani<\/em>. En l\u2019estudi s\u2019avalua el tempo espontani, en concret la velocitat per realitzar 21 cops, i la capacitat de sincronitzaci\u00f3 en una prova de patr\u00f3 simple i una altra de patr\u00f3 quaternari, a una velocitat de 60 ppm. S\u2019aplica per a aix\u00f2 el Test de Ritme\u00a9 de Montilla (1998), a un grup de persones amb s\u00edndrome de Down (SD) de 10 participants (M\u2009=\u200939,7 anys; DT=6,18), un grup de 14 persones amb discapacitat intel\u00b7lectual (DI), (M\u2009=\u200937,8 anys; DT\u2009=\u20095,25), tots dos grups amb una capacitat intel\u00b7lectual que correspon a 6-7 anys, i un \u00faltim grup de 15 participants sense discapacitat (ND), (M\u2009=\u20096,33 anys; DT\u2009=\u20090,48). En la prova de tempo espontani, els resultats mostren difer\u00e8ncies significatives entre els participants amb ND i els altres dos grups (SD i DI). No s\u2019aprecien difer\u00e8ncies estad\u00edstiques entre grups en la de sincronitzaci\u00f3 (en patr\u00f3 simple i quaternari) de 60 ppm. Destacar que la prova de patr\u00f3 quaternari, donada la seva complexitat, no ha estat realitzada per cap dels participants amb SD. Les proves realitzades s\u00f3n adequades per a la quantificaci\u00f3 de les capacitats r\u00edtmiques encara que \u00e9s necessari en un futur ampliar el nombre de participants, aix\u00ed com millorar el protocol per facilitar la comprensi\u00f3 i execuci\u00f3 en persones amb discapacitat.<\/p>\n\n <div class=\"tags\"> <p><strong>Paraules clau:<\/strong> <span>discapacitat intel\u00b7lectual<\/span>, <span>quantificaci\u00f3 ritme<\/span>, <span>sincronitzaci\u00f3 sensoriomotora<\/span>, <span>s\u00edndrome de Down<\/span>, <span>tempo espontani<\/span>, <span>test ritme<\/span><\/p> <\/div> \n","protected":false},"excerpt":{"rendered":"<p>Resum La capacitat r\u00edtmica \u00e9s una capacitat coordinativa complexa que es manifesta en diverses activitats quotidianes. Es caracteritza per la sincronitzaci\u00f3 sensoriomotora, o l\u2019adequaci\u00f3 de moviments a un est\u00edmul extern constant, i per la de produir pulsacions regulars i constants, denominat tempo espontani. En l\u2019estudi s\u2019avalua el tempo espontani, en concret la velocitat per realitzar [&hellip;]<\/p>\n","protected":false},"author":1,"featured_media":0,"comment_status":"open","ping_status":"open","sticky":false,"template":"","format":"standard","meta":{"_editorskit_title_hidden":false,"_editorskit_reading_time":1,"_editorskit_is_block_options_detached":false,"_editorskit_block_options_position":"{}","inline_featured_image":false,"advgb_blocks_editor_width":"","advgb_blocks_columns_visual_guide":"","footnotes":""},"categories":[15],"tags":[5416,6181,6182,2315,6183,6180],"author_meta":{"display_name":"doc_inefc","author_link":"https:\/\/revista-apunts.com\/ca\/author\/doc_inefc\/"},"featured_img":null,"coauthors":[],"tax_additional":{"categories":{"linked":["<a href=\"https:\/\/revista-apunts.com\/ca\/category\/activitat-fisica-i-salut\/\" class=\"advgb-post-tax-term\">Activitat f\u00edsica i salut<\/a>"],"unlinked":["<span class=\"advgb-post-tax-term\">Activitat f\u00edsica i salut<\/span>"]},"tags":{"linked":["<a href=\"https:\/\/revista-apunts.com\/ca\/category\/activitat-fisica-i-salut\/\" class=\"advgb-post-tax-term\">discapacitat intel\u00b7lectual<\/a>","<a href=\"https:\/\/revista-apunts.com\/ca\/category\/activitat-fisica-i-salut\/\" class=\"advgb-post-tax-term\">quantificaci\u00f3 ritme<\/a>","<a href=\"https:\/\/revista-apunts.com\/ca\/category\/activitat-fisica-i-salut\/\" class=\"advgb-post-tax-term\">sincronitzaci\u00f3 sensoriomotora<\/a>","<a href=\"https:\/\/revista-apunts.com\/ca\/category\/activitat-fisica-i-salut\/\" class=\"advgb-post-tax-term\">s\u00edndrome de Down<\/a>","<a href=\"https:\/\/revista-apunts.com\/ca\/category\/activitat-fisica-i-salut\/\" class=\"advgb-post-tax-term\">tempo espontani<\/a>","<a href=\"https:\/\/revista-apunts.com\/ca\/category\/activitat-fisica-i-salut\/\" class=\"advgb-post-tax-term\">test ritme<\/a>"],"unlinked":["<span class=\"advgb-post-tax-term\">discapacitat intel\u00b7lectual<\/span>","<span class=\"advgb-post-tax-term\">quantificaci\u00f3 ritme<\/span>","<span class=\"advgb-post-tax-term\">sincronitzaci\u00f3 sensoriomotora<\/span>","<span class=\"advgb-post-tax-term\">s\u00edndrome de Down<\/span>","<span class=\"advgb-post-tax-term\">tempo espontani<\/span>","<span class=\"advgb-post-tax-term\">test ritme<\/span>"]}},"comment_count":"0","relative_dates":{"created":"Posted 6 anys ago","modified":"Updated 5 anys ago"},"absolute_dates":{"created":"Posted on 27 octubre 2020","modified":"Updated on 5 novembre 2020"},"absolute_dates_time":{"created":"Posted on 27 octubre 2020 11:23","modified":"Updated on 5 novembre 2020 08:55"},"featured_img_caption":"","series_order":"","_links":{"self":[{"href":"https:\/\/revista-apunts.com\/ca\/wp-json\/wp\/v2\/posts\/12114\/"}],"collection":[{"href":"https:\/\/revista-apunts.com\/ca\/wp-json\/wp\/v2\/posts\/"}],"about":[{"href":"https:\/\/revista-apunts.com\/ca\/wp-json\/wp\/v2\/types\/post\/"}],"author":[{"embeddable":true,"href":"https:\/\/revista-apunts.com\/ca\/wp-json\/wp\/v2\/users\/1\/"}],"replies":[{"embeddable":true,"href":"https:\/\/revista-apunts.com\/ca\/wp-json\/wp\/v2\/comments\/?post=12114"}],"version-history":[{"count":1,"href":"https:\/\/revista-apunts.com\/ca\/wp-json\/wp\/v2\/posts\/12114\/revisions\/"}],"predecessor-version":[{"id":18735,"href":"https:\/\/revista-apunts.com\/ca\/wp-json\/wp\/v2\/posts\/12114\/revisions\/18735\/"}],"wp:attachment":[{"href":"https:\/\/revista-apunts.com\/ca\/wp-json\/wp\/v2\/media\/?parent=12114"}],"wp:term":[{"taxonomy":"category","embeddable":true,"href":"https:\/\/revista-apunts.com\/ca\/wp-json\/wp\/v2\/categories\/?post=12114"},{"taxonomy":"post_tag","embeddable":true,"href":"https:\/\/revista-apunts.com\/ca\/wp-json\/wp\/v2\/tags\/?post=12114"}],"curies":[{"name":"wp","href":"https:\/\/api.w.org\/{rel}","templated":true}]}}