{"id":12067,"date":"2020-10-27T11:22:48","date_gmt":"2020-10-27T11:22:48","guid":{"rendered":"https:\/\/revista-apunts.com\/?p=12067"},"modified":"2020-11-12T09:30:02","modified_gmt":"2020-11-12T09:30:02","slug":"flexibilitat-en-gimnastica-ritmica-asimetria-funcional-en-gimnastes-junior-portugueses","status":"publish","type":"post","link":"https:\/\/revista-apunts.com\/ca\/flexibilitat-en-gimnastica-ritmica-asimetria-funcional-en-gimnastes-junior-portugueses\/","title":{"rendered":"Flexibilitat en gimn\u00e0stica r\u00edtmica: asimetria funcional en gimnastes j\u00fanior portugueses"},"content":{"rendered":"\n<h2 class=\"wp-block-heading\">Resum<\/h2>\n\n\n<p>Una de les principals capacitats f\u00edsiques exigida per a la pr\u00e0ctica de la gimn\u00e0stica r\u00edtmica \u00e9s la flexibilitat. En aquest sentit aquest estudi t\u00e9 com a objectiu comprovar els nivells de flexibilitat de les extremitats inferiors i els possibles \u00edndexs d\u2019asimetria de les gimnastes j\u00fanior de la Primera Divisi\u00f3 de Portugal. La mostra est\u00e0 constitu\u00efda per 30 gimnastes amb una edat mitjana de 13,73\u2009\u00b1\u20090,17 anys. Per a l\u2019avaluaci\u00f3 s\u2019utilitza una bateria de tests en qu\u00e8 es recullen les imatges de les gimnastes executant cada element de l\u2019estudi per a una posterior an\u00e0lisi i classificaci\u00f3 en una escala de cinc nivells (0-4). Per a l\u2019an\u00e0lisi estad\u00edstica de les dades es recorre a proves no param\u00e8triques (Test de Mann-Whitney i Test de Wilcoxon). D\u2019acord amb els principals resultats obtinguts es constata que un 86,7\u2009% de les gimnastes presenten \u00edndexs d\u2019asimetria de flexibilitat entre l\u2019extremitat dominant i la no dominant de diferents magnituds.<\/p>\n\n <div class=\"tags\"> <p><strong>Paraules clau:<\/strong> <span>asimetr\u00eda<\/span>, <span>extremitats inferiors<\/span>, <span>Flexibilitat<\/span>, <span>gimn\u00e0stica r\u00edtmica<\/span><\/p> <\/div> \n","protected":false},"excerpt":{"rendered":"<p>Resum Una de les principals capacitats f\u00edsiques exigida per a la pr\u00e0ctica de la gimn\u00e0stica r\u00edtmica \u00e9s la flexibilitat. En aquest sentit aquest estudi t\u00e9 com a objectiu comprovar els nivells de flexibilitat de les extremitats inferiors i els possibles \u00edndexs d\u2019asimetria de les gimnastes j\u00fanior de la Primera Divisi\u00f3 de Portugal. La mostra est\u00e0 [&hellip;]<\/p>\n","protected":false},"author":1,"featured_media":0,"comment_status":"open","ping_status":"open","sticky":false,"template":"","format":"standard","meta":{"_editorskit_title_hidden":false,"_editorskit_reading_time":1,"_editorskit_is_block_options_detached":false,"_editorskit_block_options_position":"{}","inline_featured_image":false,"advgb_blocks_editor_width":"","advgb_blocks_columns_visual_guide":"","footnotes":""},"categories":[15],"tags":[3406,6100,3868,4236],"author_meta":{"display_name":"doc_inefc","author_link":"https:\/\/revista-apunts.com\/ca\/author\/doc_inefc\/"},"featured_img":null,"coauthors":[],"tax_additional":{"categories":{"linked":["<a href=\"https:\/\/revista-apunts.com\/ca\/category\/activitat-fisica-i-salut\/\" class=\"advgb-post-tax-term\">Activitat f\u00edsica i salut<\/a>"],"unlinked":["<span class=\"advgb-post-tax-term\">Activitat f\u00edsica i salut<\/span>"]},"tags":{"linked":["<a href=\"https:\/\/revista-apunts.com\/ca\/category\/activitat-fisica-i-salut\/\" class=\"advgb-post-tax-term\">asimetr\u00eda<\/a>","<a href=\"https:\/\/revista-apunts.com\/ca\/category\/activitat-fisica-i-salut\/\" class=\"advgb-post-tax-term\">extremitats inferiors<\/a>","<a href=\"https:\/\/revista-apunts.com\/ca\/category\/activitat-fisica-i-salut\/\" class=\"advgb-post-tax-term\">Flexibilitat<\/a>","<a href=\"https:\/\/revista-apunts.com\/ca\/category\/activitat-fisica-i-salut\/\" class=\"advgb-post-tax-term\">gimn\u00e0stica r\u00edtmica<\/a>"],"unlinked":["<span class=\"advgb-post-tax-term\">asimetr\u00eda<\/span>","<span class=\"advgb-post-tax-term\">extremitats inferiors<\/span>","<span class=\"advgb-post-tax-term\">Flexibilitat<\/span>","<span class=\"advgb-post-tax-term\">gimn\u00e0stica r\u00edtmica<\/span>"]}},"comment_count":"0","relative_dates":{"created":"Posted 6 anys ago","modified":"Updated 5 anys ago"},"absolute_dates":{"created":"Posted on 27 octubre 2020","modified":"Updated on 12 novembre 2020"},"absolute_dates_time":{"created":"Posted on 27 octubre 2020 11:22","modified":"Updated on 12 novembre 2020 09:30"},"featured_img_caption":"","series_order":"","_links":{"self":[{"href":"https:\/\/revista-apunts.com\/ca\/wp-json\/wp\/v2\/posts\/12067\/"}],"collection":[{"href":"https:\/\/revista-apunts.com\/ca\/wp-json\/wp\/v2\/posts\/"}],"about":[{"href":"https:\/\/revista-apunts.com\/ca\/wp-json\/wp\/v2\/types\/post\/"}],"author":[{"embeddable":true,"href":"https:\/\/revista-apunts.com\/ca\/wp-json\/wp\/v2\/users\/1\/"}],"replies":[{"embeddable":true,"href":"https:\/\/revista-apunts.com\/ca\/wp-json\/wp\/v2\/comments\/?post=12067"}],"version-history":[{"count":1,"href":"https:\/\/revista-apunts.com\/ca\/wp-json\/wp\/v2\/posts\/12067\/revisions\/"}],"predecessor-version":[{"id":30816,"href":"https:\/\/revista-apunts.com\/ca\/wp-json\/wp\/v2\/posts\/12067\/revisions\/30816\/"}],"wp:attachment":[{"href":"https:\/\/revista-apunts.com\/ca\/wp-json\/wp\/v2\/media\/?parent=12067"}],"wp:term":[{"taxonomy":"category","embeddable":true,"href":"https:\/\/revista-apunts.com\/ca\/wp-json\/wp\/v2\/categories\/?post=12067"},{"taxonomy":"post_tag","embeddable":true,"href":"https:\/\/revista-apunts.com\/ca\/wp-json\/wp\/v2\/tags\/?post=12067"}],"curies":[{"name":"wp","href":"https:\/\/api.w.org\/{rel}","templated":true}]}}