{"id":11942,"date":"2020-10-27T11:21:07","date_gmt":"2020-10-27T11:21:07","guid":{"rendered":"https:\/\/revista-apunts.com\/?p=11942"},"modified":"2020-11-17T08:07:15","modified_gmt":"2020-11-17T08:07:15","slug":"analisi-dels-continguts-i-activitats-exercides-a-les-classes-dactivitats-aquatiques-una-proposta-per-a-lensenyament-secundari","status":"publish","type":"post","link":"https:\/\/revista-apunts.com\/ca\/analisi-dels-continguts-i-activitats-exercides-a-les-classes-dactivitats-aquatiques-una-proposta-per-a-lensenyament-secundari\/","title":{"rendered":"An\u00e0lisi dels continguts i activitats exercides a les classes d\u2019activitats aqu\u00e0tiques: una proposta per a l\u2019ensenyament secundari"},"content":{"rendered":"\n<h2 class=\"wp-block-heading\">Resum<\/h2>\n\n\n<p>L\u2019objectiu de l\u2019estudi ha estat analitzar els continguts i activitats de les classes d\u2019activitats aqu\u00e0tiques dins la mat\u00e8ria d\u2019Educaci\u00f3 F\u00edsica i presentar una proposta d\u2019intervenci\u00f3. Els participants van ser 29 docents d\u2019ensenyament secundari de la Regi\u00f3n de Murcia, als quals es va passar una entrevista semiestructurada relativa a q\u00fcestions que presentaven l\u2019an\u00e0lisi dels continguts i activitats que es tractaven a les classes aqu\u00e0tiques. Despr\u00e9s de l\u2019an\u00e0lisi de contingut de les entrevistes, va destacar que s\u2019impartia m\u00e9s nataci\u00f3 i jocs en detriment d\u2019altres continguts de la mat\u00e8ria com qualitats f\u00edsiques, expressi\u00f3 corporal, habilitats motrius, etc. Els resultats s\u00f3n discutits i reflexionats en la mesura de contextualitzar els continguts i activitats exercides, i aix\u00f2 \u00e9s la base per presentar una proposta d\u2019intervenci\u00f3.<\/p>\n\n <div class=\"tags\"> <p><strong>Paraules clau:<\/strong> <span>activitats aqu\u00e0tiques<\/span>, <span>blocs de continguts<\/span>, <span>docencia<\/span>, <span>nataci\u00f3<\/span><\/p> <\/div> \n","protected":false},"excerpt":{"rendered":"<p>Resum L\u2019objectiu de l\u2019estudi ha estat analitzar els continguts i activitats de les classes d\u2019activitats aqu\u00e0tiques dins la mat\u00e8ria d\u2019Educaci\u00f3 F\u00edsica i presentar una proposta d\u2019intervenci\u00f3. Els participants van ser 29 docents d\u2019ensenyament secundari de la Regi\u00f3n de Murcia, als quals es va passar una entrevista semiestructurada relativa a q\u00fcestions que presentaven l\u2019an\u00e0lisi dels continguts [&hellip;]<\/p>\n","protected":false},"author":1,"featured_media":0,"comment_status":"open","ping_status":"open","sticky":false,"template":"","format":"standard","meta":{"_editorskit_title_hidden":false,"_editorskit_reading_time":1,"_editorskit_is_block_options_detached":false,"_editorskit_block_options_position":"{}","inline_featured_image":false,"advgb_blocks_editor_width":"","advgb_blocks_columns_visual_guide":"","footnotes":""},"categories":[4],"tags":[4425,5868,3135,3892],"author_meta":{"display_name":"doc_inefc","author_link":"https:\/\/revista-apunts.com\/ca\/author\/doc_inefc\/"},"featured_img":null,"coauthors":[],"tax_additional":{"categories":{"linked":["<a href=\"https:\/\/revista-apunts.com\/ca\/category\/sense-categoria\/\" class=\"advgb-post-tax-term\">Sense categoria<\/a>"],"unlinked":["<span class=\"advgb-post-tax-term\">Sense categoria<\/span>"]},"tags":{"linked":["<a href=\"https:\/\/revista-apunts.com\/ca\/category\/sense-categoria\/\" class=\"advgb-post-tax-term\">activitats aqu\u00e0tiques<\/a>","<a href=\"https:\/\/revista-apunts.com\/ca\/category\/sense-categoria\/\" class=\"advgb-post-tax-term\">blocs de continguts<\/a>","<a href=\"https:\/\/revista-apunts.com\/ca\/category\/sense-categoria\/\" class=\"advgb-post-tax-term\">docencia<\/a>","<a href=\"https:\/\/revista-apunts.com\/ca\/category\/sense-categoria\/\" class=\"advgb-post-tax-term\">nataci\u00f3<\/a>"],"unlinked":["<span class=\"advgb-post-tax-term\">activitats aqu\u00e0tiques<\/span>","<span class=\"advgb-post-tax-term\">blocs de continguts<\/span>","<span class=\"advgb-post-tax-term\">docencia<\/span>","<span class=\"advgb-post-tax-term\">nataci\u00f3<\/span>"]}},"comment_count":"0","relative_dates":{"created":"Posted 6 anys ago","modified":"Updated 5 anys ago"},"absolute_dates":{"created":"Posted on 27 octubre 2020","modified":"Updated on 17 novembre 2020"},"absolute_dates_time":{"created":"Posted on 27 octubre 2020 11:21","modified":"Updated on 17 novembre 2020 08:07"},"featured_img_caption":"","series_order":"","_links":{"self":[{"href":"https:\/\/revista-apunts.com\/ca\/wp-json\/wp\/v2\/posts\/11942\/"}],"collection":[{"href":"https:\/\/revista-apunts.com\/ca\/wp-json\/wp\/v2\/posts\/"}],"about":[{"href":"https:\/\/revista-apunts.com\/ca\/wp-json\/wp\/v2\/types\/post\/"}],"author":[{"embeddable":true,"href":"https:\/\/revista-apunts.com\/ca\/wp-json\/wp\/v2\/users\/1\/"}],"replies":[{"embeddable":true,"href":"https:\/\/revista-apunts.com\/ca\/wp-json\/wp\/v2\/comments\/?post=11942"}],"version-history":[{"count":1,"href":"https:\/\/revista-apunts.com\/ca\/wp-json\/wp\/v2\/posts\/11942\/revisions\/"}],"predecessor-version":[{"id":31317,"href":"https:\/\/revista-apunts.com\/ca\/wp-json\/wp\/v2\/posts\/11942\/revisions\/31317\/"}],"wp:attachment":[{"href":"https:\/\/revista-apunts.com\/ca\/wp-json\/wp\/v2\/media\/?parent=11942"}],"wp:term":[{"taxonomy":"category","embeddable":true,"href":"https:\/\/revista-apunts.com\/ca\/wp-json\/wp\/v2\/categories\/?post=11942"},{"taxonomy":"post_tag","embeddable":true,"href":"https:\/\/revista-apunts.com\/ca\/wp-json\/wp\/v2\/tags\/?post=11942"}],"curies":[{"name":"wp","href":"https:\/\/api.w.org\/{rel}","templated":true}]}}