{"id":11931,"date":"2020-10-27T11:21:07","date_gmt":"2020-10-27T11:21:07","guid":{"rendered":"https:\/\/revista-apunts.com\/?p=11931"},"modified":"2021-01-25T12:18:45","modified_gmt":"2021-01-25T12:18:45","slug":"valoracio-del-raquis-toracic-lumbar-i-inclinacio-pelviana-en-ciclistes-de-categories-elit-i-master-30","status":"publish","type":"post","link":"https:\/\/revista-apunts.com\/ca\/valoracio-del-raquis-toracic-lumbar-i-inclinacio-pelviana-en-ciclistes-de-categories-elit-i-master-30\/","title":{"rendered":"Valoraci\u00f3 del raquis tor\u00e0cic, lumbar i inclinaci\u00f3 pelviana en ciclistes de categories elit i m\u00e0ster 30"},"content":{"rendered":"\n<h2 class=\"wp-block-heading\">Resum<\/h2>\n\n\n<p>L\u2019objectiu principal de l\u2019estudi va ser avaluar la disposici\u00f3 sagital del raquis tor\u00e0cic, lumbar i inclinaci\u00f3 pelviana en bipedestaci\u00f3 i sobre la bicicleta, en ciclistes de les categories elit i m\u00e0ster 30. Un total de 45 ciclistes elit (mitjana d\u2019edat: 22,71\u2009\u00b1\u20093,23 anys) i 45 ciclistes m\u00e0ster 30 (mitjana d\u2019edat: 34,40\u2009\u00b1\u20092,87 anys) van ser avaluats amb el sistema Spinal Mouse<sup>\u00ae<\/sup> en bipedestaci\u00f3 i sobre la bicicleta en les diferents agafades del manillar: transversal, de manetes i baix. En bipedestaci\u00f3, els valors angulars mitjans per al raquis tor\u00e0cic, lumbar i inclinaci\u00f3 pelviana van ser de 47,96\u2009\u00b1\u20097,23\u00b0; \u201327,62\u2009\u00b1 \u20096,97\u00b0 i 14,29\u2009\u00b1\u20095,49\u00b0; i de 47,82\u2009\u00b1\u20099,32\u00b0, \u201326,58\u00b0 \u00b1 \u20095,97\u00b0 i 12,07\u2009\u00b1\u20094,77\u00b0, per als ciclistes elit i m\u00e0ster 30, respectivament. En ambdues categories, es va observar una elevada freq\u00fc\u00e8ncia de casos amb hipercifosi tor\u00e0cica en bipedestaci\u00f3 (57,80 % en elit i 53,40 % en m\u00e0ster 30). Sobre la bicicleta, els ciclistes elit i m\u00e0ster 30 van mostrar una reducci\u00f3 significativa de la cifosi tor\u00e0cica respecte a la bipedestaci\u00f3. Quant al raquis lumbar, es va disposar en una postura d\u2019inversi\u00f3. En conclusi\u00f3, la freq\u00fcent hipercifosi tor\u00e0cica en bipedestaci\u00f3, en ambdues categories de ciclistes, podria estar m\u00e9s relacionada amb altres factors que amb la postura adoptada sobre la bicicleta.<\/p>\n\n <div class=\"tags\"> <p><strong>Paraules clau:<\/strong> <span>ciclisme<\/span>, <span>cifosi<\/span>, <span>columna vertebral<\/span>, <span>lordosi<\/span>, <span>postura<\/span><\/p> <\/div> \n","protected":false},"excerpt":{"rendered":"<p>Resum L\u2019objectiu principal de l\u2019estudi va ser avaluar la disposici\u00f3 sagital del raquis tor\u00e0cic, lumbar i inclinaci\u00f3 pelviana en bipedestaci\u00f3 i sobre la bicicleta, en ciclistes de les categories elit i m\u00e0ster 30. Un total de 45 ciclistes elit (mitjana d\u2019edat: 22,71\u2009\u00b1\u20093,23 anys) i 45 ciclistes m\u00e0ster 30 (mitjana d\u2019edat: 34,40\u2009\u00b1\u20092,87 anys) van ser avaluats [&hellip;]<\/p>\n","protected":false},"author":1,"featured_media":0,"comment_status":"open","ping_status":"open","sticky":false,"template":"","format":"standard","meta":{"_editorskit_title_hidden":false,"_editorskit_reading_time":1,"_editorskit_is_block_options_detached":false,"_editorskit_block_options_position":"{}","inline_featured_image":false,"advgb_blocks_editor_width":"","advgb_blocks_columns_visual_guide":"","footnotes":""},"categories":[15],"tags":[362,9577,9578,9576,9575],"author_meta":{"display_name":"doc_inefc","author_link":"https:\/\/revista-apunts.com\/ca\/author\/doc_inefc\/"},"featured_img":null,"coauthors":[],"tax_additional":{"categories":{"linked":["<a href=\"https:\/\/revista-apunts.com\/ca\/category\/activitat-fisica-i-salut\/\" class=\"advgb-post-tax-term\">Activitat f\u00edsica i salut<\/a>"],"unlinked":["<span class=\"advgb-post-tax-term\">Activitat f\u00edsica i salut<\/span>"]},"tags":{"linked":["<a href=\"https:\/\/revista-apunts.com\/ca\/category\/activitat-fisica-i-salut\/\" class=\"advgb-post-tax-term\">ciclisme<\/a>","<a href=\"https:\/\/revista-apunts.com\/ca\/category\/activitat-fisica-i-salut\/\" class=\"advgb-post-tax-term\">cifosi<\/a>","<a href=\"https:\/\/revista-apunts.com\/ca\/category\/activitat-fisica-i-salut\/\" class=\"advgb-post-tax-term\">columna vertebral<\/a>","<a href=\"https:\/\/revista-apunts.com\/ca\/category\/activitat-fisica-i-salut\/\" class=\"advgb-post-tax-term\">lordosi<\/a>","<a href=\"https:\/\/revista-apunts.com\/ca\/category\/activitat-fisica-i-salut\/\" class=\"advgb-post-tax-term\">postura<\/a>"],"unlinked":["<span class=\"advgb-post-tax-term\">ciclisme<\/span>","<span class=\"advgb-post-tax-term\">cifosi<\/span>","<span class=\"advgb-post-tax-term\">columna vertebral<\/span>","<span class=\"advgb-post-tax-term\">lordosi<\/span>","<span class=\"advgb-post-tax-term\">postura<\/span>"]}},"comment_count":"0","relative_dates":{"created":"Posted 6 anys ago","modified":"Updated 5 anys ago"},"absolute_dates":{"created":"Posted on 27 octubre 2020","modified":"Updated on 25 gener 2021"},"absolute_dates_time":{"created":"Posted on 27 octubre 2020 11:21","modified":"Updated on 25 gener 2021 12:18"},"featured_img_caption":"","series_order":"","_links":{"self":[{"href":"https:\/\/revista-apunts.com\/ca\/wp-json\/wp\/v2\/posts\/11931\/"}],"collection":[{"href":"https:\/\/revista-apunts.com\/ca\/wp-json\/wp\/v2\/posts\/"}],"about":[{"href":"https:\/\/revista-apunts.com\/ca\/wp-json\/wp\/v2\/types\/post\/"}],"author":[{"embeddable":true,"href":"https:\/\/revista-apunts.com\/ca\/wp-json\/wp\/v2\/users\/1\/"}],"replies":[{"embeddable":true,"href":"https:\/\/revista-apunts.com\/ca\/wp-json\/wp\/v2\/comments\/?post=11931"}],"version-history":[{"count":1,"href":"https:\/\/revista-apunts.com\/ca\/wp-json\/wp\/v2\/posts\/11931\/revisions\/"}],"predecessor-version":[{"id":31471,"href":"https:\/\/revista-apunts.com\/ca\/wp-json\/wp\/v2\/posts\/11931\/revisions\/31471\/"}],"wp:attachment":[{"href":"https:\/\/revista-apunts.com\/ca\/wp-json\/wp\/v2\/media\/?parent=11931"}],"wp:term":[{"taxonomy":"category","embeddable":true,"href":"https:\/\/revista-apunts.com\/ca\/wp-json\/wp\/v2\/categories\/?post=11931"},{"taxonomy":"post_tag","embeddable":true,"href":"https:\/\/revista-apunts.com\/ca\/wp-json\/wp\/v2\/tags\/?post=11931"}],"curies":[{"name":"wp","href":"https:\/\/api.w.org\/{rel}","templated":true}]}}