{"id":11887,"date":"2020-10-27T11:20:39","date_gmt":"2020-10-27T11:20:39","guid":{"rendered":"https:\/\/revista-apunts.com\/?p=11887"},"modified":"2021-01-28T12:01:48","modified_gmt":"2021-01-28T12:01:48","slug":"tendencies-en-ledicio-i-la-millora-de-la-qualitat-de-les-revistes-cientifiques-espanyoles-de-ciencies-socials","status":"publish","type":"post","link":"https:\/\/revista-apunts.com\/ca\/tendencies-en-ledicio-i-la-millora-de-la-qualitat-de-les-revistes-cientifiques-espanyoles-de-ciencies-socials\/","title":{"rendered":"Tend\u00e8ncies en l\u2019edici\u00f3 i la millora de la qualitat de les revistes cient\u00edfiques espanyoles de ci\u00e8ncies socials"},"content":{"rendered":"\n<h2 class=\"wp-block-heading\">Resum<\/h2>\n\n\n<p>Les revistes cient\u00edfiques s\u00f3n una pe\u00e7a clau en el proc\u00e9s de comunicaci\u00f3 i divulgaci\u00f3 de la producci\u00f3 cient\u00edfica de cada \u00e0mbit acad\u00e8mic, cient\u00edfic i professional. Les revistes cient\u00edfiques validen i certifiquen el coneixement i comuniquen a tota la societat cient\u00edfica un nou aven\u00e7 i\/o aportaci\u00f3 en el seu camp espec\u00edfic per con\u00e8ixer-lo, refutar-lo o acceptar-lo. Contribueixen decisivament a la legitimaci\u00f3 social, acad\u00e8mica i professional d\u2019un camp curricular, en el nostre cas el de les ci\u00e8ncies socials. A causa del paper estrat\u00e8gic que tenen les revistes cient\u00edfiques en el proc\u00e9s de certificaci\u00f3 i comunicaci\u00f3 del nou coneixement, aquestes estan sotmeses a un proc\u00e9s exigent d\u2019avaluaci\u00f3. Les revistes cient\u00edfiques espanyoles de ci\u00e8ncies socials es troben encara anquilosades en un entorn editorial tradicional i insuficient per a les noves necessitats i reptes d\u2019avui, encara que en un proc\u00e9s de creixent conscienciaci\u00f3 per adoptar canvis en la millora de la qualitat. Des del punt de vista de l\u2019edici\u00f3, resulten encara excessivament tradicionals, s\u00f3n molt gen\u00e8riques per la seva tem\u00e0tica i manquen d\u2019especialitzaci\u00f3 en l\u2019orientaci\u00f3 cient\u00edfica, estan poc presents en les bases de dades internacionals m\u00e9s rellevants i el seu factor d\u2019impacte \u00e9s baix. En el seu conjunt, constitueixen una oferta poc atractiva per als articles d\u2019impacte del seu \u00e0mbit. Les tend\u00e8ncies que es dibuixen entre les revistes cient\u00edfiques de ci\u00e8ncies socials en l\u2019entorn m\u00e9s immediat amb perspectives de fixaci\u00f3 futura corresponen a la creaci\u00f3 o transformaci\u00f3 d\u2019aquest tipus de revistes en paper en revistes digitals, amb acc\u00e9s obert (Open Access), que s\u2019especialitzavan en una \u00e0rea de coneixement cient\u00edfic singular i amb una orientaci\u00f3 cient\u00edfica predominant de la naturalesa dels articles, amb creixent vocaci\u00f3 d\u2019internacionalitzaci\u00f3 tant en l\u2019estructura del seu comit\u00e8 cient\u00edfic com en l\u2019autoria, i oberta a la interactivitat cient\u00edfica per mitj\u00e0 de la participaci\u00f3 activa en les xarxes socials d\u2019Internet: Facebook, Twitter, blog\u2026 amb lectors, autors, revisors i editors.<\/p>\n\n <div class=\"tags\"> <p><strong>Paraules clau:<\/strong> <span>ci\u00e8ncies socials<\/span>, <span>edici\u00f3<\/span>, <span>Espanya<\/span>, <span>qualitat<\/span>, <span>revistes cient\u00edfiques<\/span>, <span>tend\u00e8ncies<\/span><\/p> <\/div> \n","protected":false},"excerpt":{"rendered":"<p>Resum Les revistes cient\u00edfiques s\u00f3n una pe\u00e7a clau en el proc\u00e9s de comunicaci\u00f3 i divulgaci\u00f3 de la producci\u00f3 cient\u00edfica de cada \u00e0mbit acad\u00e8mic, cient\u00edfic i professional. Les revistes cient\u00edfiques validen i certifiquen el coneixement i comuniquen a tota la societat cient\u00edfica un nou aven\u00e7 i\/o aportaci\u00f3 en el seu camp espec\u00edfic per con\u00e8ixer-lo, refutar-lo o [&hellip;]<\/p>\n","protected":false},"author":1,"featured_media":0,"comment_status":"open","ping_status":"open","sticky":false,"template":"","format":"standard","meta":{"_editorskit_title_hidden":false,"_editorskit_reading_time":1,"_editorskit_is_block_options_detached":false,"_editorskit_block_options_position":"{}","inline_featured_image":false,"advgb_blocks_editor_width":"","advgb_blocks_columns_visual_guide":"","footnotes":""},"categories":[8509],"tags":[5782,5783,4290,4701,5329,5784],"author_meta":{"display_name":"doc_inefc","author_link":"https:\/\/revista-apunts.com\/ca\/author\/doc_inefc\/"},"featured_img":null,"coauthors":[],"tax_additional":{"categories":{"linked":["<a href=\"https:\/\/revista-apunts.com\/ca\/category\/apunts-per-al-segle-xxi\/\" class=\"advgb-post-tax-term\">Apunts per al segle XXI<\/a>"],"unlinked":["<span class=\"advgb-post-tax-term\">Apunts per al segle XXI<\/span>"]},"tags":{"linked":["<a href=\"https:\/\/revista-apunts.com\/ca\/category\/apunts-per-al-segle-xxi\/\" class=\"advgb-post-tax-term\">ci\u00e8ncies socials<\/a>","<a href=\"https:\/\/revista-apunts.com\/ca\/category\/apunts-per-al-segle-xxi\/\" class=\"advgb-post-tax-term\">edici\u00f3<\/a>","<a href=\"https:\/\/revista-apunts.com\/ca\/category\/apunts-per-al-segle-xxi\/\" class=\"advgb-post-tax-term\">Espanya<\/a>","<a href=\"https:\/\/revista-apunts.com\/ca\/category\/apunts-per-al-segle-xxi\/\" class=\"advgb-post-tax-term\">qualitat<\/a>","<a href=\"https:\/\/revista-apunts.com\/ca\/category\/apunts-per-al-segle-xxi\/\" class=\"advgb-post-tax-term\">revistes cient\u00edfiques<\/a>","<a href=\"https:\/\/revista-apunts.com\/ca\/category\/apunts-per-al-segle-xxi\/\" class=\"advgb-post-tax-term\">tend\u00e8ncies<\/a>"],"unlinked":["<span class=\"advgb-post-tax-term\">ci\u00e8ncies socials<\/span>","<span class=\"advgb-post-tax-term\">edici\u00f3<\/span>","<span class=\"advgb-post-tax-term\">Espanya<\/span>","<span class=\"advgb-post-tax-term\">qualitat<\/span>","<span class=\"advgb-post-tax-term\">revistes cient\u00edfiques<\/span>","<span class=\"advgb-post-tax-term\">tend\u00e8ncies<\/span>"]}},"comment_count":"0","relative_dates":{"created":"Posted 6 anys ago","modified":"Updated 5 anys ago"},"absolute_dates":{"created":"Posted on 27 octubre 2020","modified":"Updated on 28 gener 2021"},"absolute_dates_time":{"created":"Posted on 27 octubre 2020 11:20","modified":"Updated on 28 gener 2021 12:01"},"featured_img_caption":"","series_order":"","_links":{"self":[{"href":"https:\/\/revista-apunts.com\/ca\/wp-json\/wp\/v2\/posts\/11887\/"}],"collection":[{"href":"https:\/\/revista-apunts.com\/ca\/wp-json\/wp\/v2\/posts\/"}],"about":[{"href":"https:\/\/revista-apunts.com\/ca\/wp-json\/wp\/v2\/types\/post\/"}],"author":[{"embeddable":true,"href":"https:\/\/revista-apunts.com\/ca\/wp-json\/wp\/v2\/users\/1\/"}],"replies":[{"embeddable":true,"href":"https:\/\/revista-apunts.com\/ca\/wp-json\/wp\/v2\/comments\/?post=11887"}],"version-history":[{"count":2,"href":"https:\/\/revista-apunts.com\/ca\/wp-json\/wp\/v2\/posts\/11887\/revisions\/"}],"predecessor-version":[{"id":44520,"href":"https:\/\/revista-apunts.com\/ca\/wp-json\/wp\/v2\/posts\/11887\/revisions\/44520\/"}],"wp:attachment":[{"href":"https:\/\/revista-apunts.com\/ca\/wp-json\/wp\/v2\/media\/?parent=11887"}],"wp:term":[{"taxonomy":"category","embeddable":true,"href":"https:\/\/revista-apunts.com\/ca\/wp-json\/wp\/v2\/categories\/?post=11887"},{"taxonomy":"post_tag","embeddable":true,"href":"https:\/\/revista-apunts.com\/ca\/wp-json\/wp\/v2\/tags\/?post=11887"}],"curies":[{"name":"wp","href":"https:\/\/api.w.org\/{rel}","templated":true}]}}