{"id":11851,"date":"2020-10-27T11:20:13","date_gmt":"2020-10-27T11:20:13","guid":{"rendered":"https:\/\/revista-apunts.com\/?p=11851"},"modified":"2020-11-18T09:05:35","modified_gmt":"2020-11-18T09:05:35","slug":"les-actituds-del-professorat-deducacio-fisica-cap-a-la-inclusio-educativa-revisio","status":"publish","type":"post","link":"https:\/\/revista-apunts.com\/ca\/les-actituds-del-professorat-deducacio-fisica-cap-a-la-inclusio-educativa-revisio\/","title":{"rendered":"Les actituds del professorat d\u2019educaci\u00f3 f\u00edsica cap a la inclusi\u00f3 educativa: revisi\u00f3"},"content":{"rendered":"\n<h2 class=\"wp-block-heading\">Resum<\/h2>\n\n\n<p>Aquest article \u00e9s una revisi\u00f3 bibliogr\u00e0fica sobre l\u2019alumnat amb necessitats educatives especials amb relaci\u00f3 a les actituds del professorat d\u2019educaci\u00f3 f\u00edsica. Els estudis que es descriuen s\u00f3n variables que es relacionen amb l\u2019alumnat i les seves necessitats educatives especials, quant a grau, tipus i compet\u00e8ncia de l\u2019alumnat. I, d\u2019altra banda, els estudis revisats estudien el professor d\u2019educaci\u00f3 f\u00edsica (edat, g\u00e8nere, experi\u00e8ncia, preparaci\u00f3 acad\u00e8mica i percepci\u00f3 de compet\u00e8ncia). L\u2019article finalitza amb una an\u00e0lisi cr\u00edtica i possibles l\u00ednies d\u2019investigaci\u00f3.<\/p>\n\n <div class=\"tags\"> <p><strong>Paraules clau:<\/strong> <span>actituds<\/span>, <span>discapacitat<\/span>, <span>educaci\u00f3 f\u00edsica adaptada<\/span>, <span>formaci\u00f3 acad\u00e8mica i professorat<\/span>, <span>necessitats educatives especials<\/span><\/p> <\/div> \n","protected":false},"excerpt":{"rendered":"<p>Resum Aquest article \u00e9s una revisi\u00f3 bibliogr\u00e0fica sobre l\u2019alumnat amb necessitats educatives especials amb relaci\u00f3 a les actituds del professorat d\u2019educaci\u00f3 f\u00edsica. Els estudis que es descriuen s\u00f3n variables que es relacionen amb l\u2019alumnat i les seves necessitats educatives especials, quant a grau, tipus i compet\u00e8ncia de l\u2019alumnat. I, d\u2019altra banda, els estudis revisats estudien [&hellip;]<\/p>\n","protected":false},"author":1,"featured_media":0,"comment_status":"open","ping_status":"open","sticky":false,"template":"","format":"standard","meta":{"_editorskit_title_hidden":false,"_editorskit_reading_time":1,"_editorskit_is_block_options_detached":false,"_editorskit_block_options_position":"{}","inline_featured_image":false,"advgb_blocks_editor_width":"","advgb_blocks_columns_visual_guide":"","footnotes":""},"categories":[4],"tags":[179,4744,5102,5740,4508],"author_meta":{"display_name":"doc_inefc","author_link":"https:\/\/revista-apunts.com\/ca\/author\/doc_inefc\/"},"featured_img":null,"coauthors":[],"tax_additional":{"categories":{"linked":["<a href=\"https:\/\/revista-apunts.com\/ca\/category\/sense-categoria\/\" class=\"advgb-post-tax-term\">Sense categoria<\/a>"],"unlinked":["<span class=\"advgb-post-tax-term\">Sense categoria<\/span>"]},"tags":{"linked":["<a href=\"https:\/\/revista-apunts.com\/ca\/category\/sense-categoria\/\" class=\"advgb-post-tax-term\">actituds<\/a>","<a href=\"https:\/\/revista-apunts.com\/ca\/category\/sense-categoria\/\" class=\"advgb-post-tax-term\">discapacitat<\/a>","<a href=\"https:\/\/revista-apunts.com\/ca\/category\/sense-categoria\/\" class=\"advgb-post-tax-term\">educaci\u00f3 f\u00edsica adaptada<\/a>","<a href=\"https:\/\/revista-apunts.com\/ca\/category\/sense-categoria\/\" class=\"advgb-post-tax-term\">formaci\u00f3 acad\u00e8mica i professorat<\/a>","<a href=\"https:\/\/revista-apunts.com\/ca\/category\/sense-categoria\/\" class=\"advgb-post-tax-term\">necessitats educatives especials<\/a>"],"unlinked":["<span class=\"advgb-post-tax-term\">actituds<\/span>","<span class=\"advgb-post-tax-term\">discapacitat<\/span>","<span class=\"advgb-post-tax-term\">educaci\u00f3 f\u00edsica adaptada<\/span>","<span class=\"advgb-post-tax-term\">formaci\u00f3 acad\u00e8mica i professorat<\/span>","<span class=\"advgb-post-tax-term\">necessitats educatives especials<\/span>"]}},"comment_count":"0","relative_dates":{"created":"Posted 6 anys ago","modified":"Updated 5 anys ago"},"absolute_dates":{"created":"Posted on 27 octubre 2020","modified":"Updated on 18 novembre 2020"},"absolute_dates_time":{"created":"Posted on 27 octubre 2020 11:20","modified":"Updated on 18 novembre 2020 09:05"},"featured_img_caption":"","series_order":"","_links":{"self":[{"href":"https:\/\/revista-apunts.com\/ca\/wp-json\/wp\/v2\/posts\/11851\/"}],"collection":[{"href":"https:\/\/revista-apunts.com\/ca\/wp-json\/wp\/v2\/posts\/"}],"about":[{"href":"https:\/\/revista-apunts.com\/ca\/wp-json\/wp\/v2\/types\/post\/"}],"author":[{"embeddable":true,"href":"https:\/\/revista-apunts.com\/ca\/wp-json\/wp\/v2\/users\/1\/"}],"replies":[{"embeddable":true,"href":"https:\/\/revista-apunts.com\/ca\/wp-json\/wp\/v2\/comments\/?post=11851"}],"version-history":[{"count":1,"href":"https:\/\/revista-apunts.com\/ca\/wp-json\/wp\/v2\/posts\/11851\/revisions\/"}],"predecessor-version":[{"id":31613,"href":"https:\/\/revista-apunts.com\/ca\/wp-json\/wp\/v2\/posts\/11851\/revisions\/31613\/"}],"wp:attachment":[{"href":"https:\/\/revista-apunts.com\/ca\/wp-json\/wp\/v2\/media\/?parent=11851"}],"wp:term":[{"taxonomy":"category","embeddable":true,"href":"https:\/\/revista-apunts.com\/ca\/wp-json\/wp\/v2\/categories\/?post=11851"},{"taxonomy":"post_tag","embeddable":true,"href":"https:\/\/revista-apunts.com\/ca\/wp-json\/wp\/v2\/tags\/?post=11851"}],"curies":[{"name":"wp","href":"https:\/\/api.w.org\/{rel}","templated":true}]}}