{"id":11837,"date":"2020-10-27T11:19:56","date_gmt":"2020-10-27T11:19:56","guid":{"rendered":"https:\/\/revista-apunts.com\/?p=11837"},"modified":"2020-11-24T12:39:21","modified_gmt":"2020-11-24T12:39:21","slug":"influencia-de-laplicacio-dun-programa-formatiu-de-professors-deducacio-fisica-sobre-la-motivacion-a-laula-i-el-nivell-de-reflexio-docent","status":"publish","type":"post","link":"https:\/\/revista-apunts.com\/ca\/influencia-de-laplicacio-dun-programa-formatiu-de-professors-deducacio-fisica-sobre-la-motivacion-a-laula-i-el-nivell-de-reflexio-docent\/","title":{"rendered":"Influ\u00e8ncia de l\u2019aplicaci\u00f3 d\u2019un programa formatiu de professors d\u2019Educaci\u00f3 F\u00edsica, sobre la motivaci\u00f3n a l\u2019aula i el nivell de reflexi\u00f3 docent"},"content":{"rendered":"\n<h2 class=\"wp-block-heading\">Resum<\/h2>\n\n\n<p>Aquest estudi sorgeix davant de la necessitat de millorar els programes de formaci\u00f3 de professorat, tant inicials com permanents, com a un aspecte determinant per a la millora de la qualitat de l\u2019ensenyament.<br> Es va utilitzar una metodologia mixta, mesurant variables quantitatives (q\u00fcestionaris per a mesurar l\u2019orientaci\u00f3 disposicional, creences sobre les causes d\u2019\u00e8xit, percepci\u00f3 d\u2019estrat\u00e8gies motivacionals, percepci\u00f3 de satisfacci\u00f3 amb la pr\u00e0ctica esportiva, percepci\u00f3 de les estrat\u00e8gies motivacionals situacionals, estat d\u2019implicaci\u00f3 motivacional, valoraci\u00f3 de l\u2019Educaci\u00f3 F\u00edsica, prefer\u00e8ncia de tasques i percepci\u00f3 d\u2019habilitat), i variables qualitatives (an\u00e0lisi del pensament docent a trav\u00e9s de cada dia i del record estimulat).<br> La investigaci\u00f3 es va dividir en 3 fases distribu\u00efdes en 20&nbsp;sessions totals que van conformar l\u2019experi\u00e8ncia: quatre per a la l\u00ednia base, dotze per a la fase d\u2019intervenci\u00f3 i quatre per a l\u2019extinci\u00f3 del programa.<br> El programa d\u2019intervenci\u00f3 ha tingut dues orientacions. Una, encaminada des dels models actuals de formaci\u00f3 de docents, sota un enfocament basat en la pr\u00e0ctica i orientat a la reflexi\u00f3, on el professorat desenvolupa el seu coneixement pr\u00e0ctic, i dues, valorar com condiciona la intervenci\u00f3 did\u00e0ctica del professor, els aspectes que influexen en l\u2019aprenentatge de l\u2019alumnat (195 subjectes), tenint com a refer\u00e8ncia la Teoria Motivacional de Metes d\u2019\u00c8xit. El procediment per a intervenir va ser la supervisi\u00f3 reflexiva despr\u00e9s del visionat de les sessions que feien els docents. <br> L\u2019aplicaci\u00f3 del programa en la seva fase d\u2019intervenci\u00f3 ha provocat un efecte de millora en la direcci\u00f3 desitjada en pr\u00e0cticament totes les variables motivacionals estudiades, especialment despr\u00e9s de la primera fase del programa, amb la qual cosa podem concloure que durant la formaci\u00f3 permanent del professorat \u00e9s possible optimitzar la seva actuaci\u00f3 docent, amb relaci\u00f3 a la manipulaci\u00f3 del clima motivacional de l\u2019aula, amb l\u2019objectiu d\u2019augmentar l\u2019estat d\u2019implicaci\u00f3 dels alumnes, durant la realitzaci\u00f3 de les classes d\u2019educaci\u00f3 f\u00edsica. Les millores evidents obtingudes en les habilitats reflexives, despr\u00e9s de l\u2019aplicaci\u00f3 del programa d\u2019intervenci\u00f3, no han pogut mantenir-se despr\u00e9s d\u2019eliminar l\u2019estimulaci\u00f3 del mateix, produint-se un lleuger descens mantenint-se per damunt dels valors inicials, per la qual cosa podem concloure que \u00e9s necessari estendre la durada dels programes d\u2019intervenci\u00f3, a fi de consolidar l\u2019aprenentatge de la capacitat reflexiva.<\/p>\n\n <div class=\"tags\"> <p><strong>Paraules clau:<\/strong> <span>formaci\u00f3 i feina de professors<\/span>, <span>motivaci\u00f3 laboral i actituts<\/span>, <span>m\u00e8todes pedag\u00f2gics<\/span>, <span>preparaci\u00f3 de professors<\/span><\/p> <\/div> \n","protected":false},"excerpt":{"rendered":"<p>Resum Aquest estudi sorgeix davant de la necessitat de millorar els programes de formaci\u00f3 de professorat, tant inicials com permanents, com a un aspecte determinant per a la millora de la qualitat de l\u2019ensenyament. Es va utilitzar una metodologia mixta, mesurant variables quantitatives (q\u00fcestionaris per a mesurar l\u2019orientaci\u00f3 disposicional, creences sobre les causes d\u2019\u00e8xit, percepci\u00f3 [&hellip;]<\/p>\n","protected":false},"author":1,"featured_media":0,"comment_status":"open","ping_status":"open","sticky":false,"template":"","format":"standard","meta":{"_editorskit_title_hidden":false,"_editorskit_reading_time":1,"_editorskit_is_block_options_detached":false,"_editorskit_block_options_position":"{}","inline_featured_image":false,"advgb_blocks_editor_width":"","advgb_blocks_columns_visual_guide":"","footnotes":""},"categories":[56],"tags":[5707,5706,5705,5704],"author_meta":{"display_name":"doc_inefc","author_link":"https:\/\/revista-apunts.com\/ca\/author\/doc_inefc\/"},"featured_img":null,"coauthors":[],"tax_additional":{"categories":{"linked":["<a href=\"https:\/\/revista-apunts.com\/ca\/category\/tesis-doctorals-ca\/\" class=\"advgb-post-tax-term\">Tesis doctorals<\/a>"],"unlinked":["<span class=\"advgb-post-tax-term\">Tesis doctorals<\/span>"]},"tags":{"linked":["<a href=\"https:\/\/revista-apunts.com\/ca\/category\/tesis-doctorals-ca\/\" class=\"advgb-post-tax-term\">formaci\u00f3 i feina de professors<\/a>","<a href=\"https:\/\/revista-apunts.com\/ca\/category\/tesis-doctorals-ca\/\" class=\"advgb-post-tax-term\">m\u00e8todes pedag\u00f2gics<\/a>","<a href=\"https:\/\/revista-apunts.com\/ca\/category\/tesis-doctorals-ca\/\" class=\"advgb-post-tax-term\">motivaci\u00f3 laboral i actituts<\/a>","<a href=\"https:\/\/revista-apunts.com\/ca\/category\/tesis-doctorals-ca\/\" class=\"advgb-post-tax-term\">preparaci\u00f3 de professors<\/a>"],"unlinked":["<span class=\"advgb-post-tax-term\">formaci\u00f3 i feina de professors<\/span>","<span class=\"advgb-post-tax-term\">m\u00e8todes pedag\u00f2gics<\/span>","<span class=\"advgb-post-tax-term\">motivaci\u00f3 laboral i actituts<\/span>","<span class=\"advgb-post-tax-term\">preparaci\u00f3 de professors<\/span>"]}},"comment_count":"0","relative_dates":{"created":"Posted 6 anys ago","modified":"Updated 5 anys ago"},"absolute_dates":{"created":"Posted on 27 octubre 2020","modified":"Updated on 24 novembre 2020"},"absolute_dates_time":{"created":"Posted on 27 octubre 2020 11:19","modified":"Updated on 24 novembre 2020 12:39"},"featured_img_caption":"","series_order":"","_links":{"self":[{"href":"https:\/\/revista-apunts.com\/ca\/wp-json\/wp\/v2\/posts\/11837\/"}],"collection":[{"href":"https:\/\/revista-apunts.com\/ca\/wp-json\/wp\/v2\/posts\/"}],"about":[{"href":"https:\/\/revista-apunts.com\/ca\/wp-json\/wp\/v2\/types\/post\/"}],"author":[{"embeddable":true,"href":"https:\/\/revista-apunts.com\/ca\/wp-json\/wp\/v2\/users\/1\/"}],"replies":[{"embeddable":true,"href":"https:\/\/revista-apunts.com\/ca\/wp-json\/wp\/v2\/comments\/?post=11837"}],"version-history":[{"count":1,"href":"https:\/\/revista-apunts.com\/ca\/wp-json\/wp\/v2\/posts\/11837\/revisions\/"}],"predecessor-version":[{"id":32144,"href":"https:\/\/revista-apunts.com\/ca\/wp-json\/wp\/v2\/posts\/11837\/revisions\/32144\/"}],"wp:attachment":[{"href":"https:\/\/revista-apunts.com\/ca\/wp-json\/wp\/v2\/media\/?parent=11837"}],"wp:term":[{"taxonomy":"category","embeddable":true,"href":"https:\/\/revista-apunts.com\/ca\/wp-json\/wp\/v2\/categories\/?post=11837"},{"taxonomy":"post_tag","embeddable":true,"href":"https:\/\/revista-apunts.com\/ca\/wp-json\/wp\/v2\/tags\/?post=11837"}],"curies":[{"name":"wp","href":"https:\/\/api.w.org\/{rel}","templated":true}]}}