{"id":11817,"date":"2020-10-27T11:19:41","date_gmt":"2020-10-27T11:19:41","guid":{"rendered":"https:\/\/revista-apunts.com\/?p=11817"},"modified":"2020-11-25T09:44:01","modified_gmt":"2020-11-25T09:44:01","slug":"objectius-i-manifestacio-de-valors-socials-i-personals-en-lesport-juvenil-segons-esportistes-pares-entrenadors-i-gestors","status":"publish","type":"post","link":"https:\/\/revista-apunts.com\/ca\/objectius-i-manifestacio-de-valors-socials-i-personals-en-lesport-juvenil-segons-esportistes-pares-entrenadors-i-gestors\/","title":{"rendered":"Objectius i manifestaci\u00f3 de valors socials i personals en l\u2019esport juvenil segons esportistes, pares, entrenadors i gestors*"},"content":{"rendered":"\n<h2 class=\"wp-block-heading\">Resum<\/h2>\n\n\n<p>El prop\u00f2sit d\u2019aquest treball ha consistit a analitzar els objectius que els diferents agents implicats en el fet esportiu, esportistes, pares, entrenadors i gestors, atribueixen a l\u2019esport juvenil, igual com a la manifestaci\u00f3 de valors socials i personals associats a la pr\u00e0ctica esportiva de nens i joves. Per fer-ho, 46 gestors, 63 entrenadors, 333 pares i 333 esportistes van omplir el q\u00fcestionari d\u2019Objectius i Manifestacions de l\u2019Esport, creat per a aquesta investigaci\u00f3. Mitjan\u00e7ant l\u2019an\u00e0lisi de components principals amb rotaci\u00f3 varim\u00e0x, trobem que els objectius de l\u2019esport s\u2019agrupen en cinc factors: autorealitzaci\u00f3 i progr\u00e9s, cooperaci\u00f3 i joc net, poder i desig de triomf, companyonia, i diversi\u00f3 en el joc. Les manifestacions de l\u2019esport van aportar les seg\u00fcents dimensions: autorealitzaci\u00f3 i progr\u00e9s, companyonia, poder i desig de triomf, autocontrol i joc net, i \u00e8xit personal. Dels resultats es conclou que els gestors s\u00f3n m\u00e9s cr\u00edtics amb els objectius que ha de complir l\u2019esport i amb les manifestacions de valors que aquest ofereix, mentre que els pares, entrenadors i els mateixos esportistes&nbsp;s\u00f3n m\u00e9s ben\u00e8vols amb la pr\u00e0ctica de l\u2019esport juvenil, tant en l\u2019establiment d\u2019objectius com en la manifestaci\u00f3 de valors.<\/p>\n\n <div class=\"tags\"> <p><strong>Paraules clau:<\/strong> <span>adolescencia<\/span>, <span>esport escolar<\/span>, <span>socialitzaci\u00f3<\/span><\/p> <\/div> \n","protected":false},"excerpt":{"rendered":"<p>Resum El prop\u00f2sit d\u2019aquest treball ha consistit a analitzar els objectius que els diferents agents implicats en el fet esportiu, esportistes, pares, entrenadors i gestors, atribueixen a l\u2019esport juvenil, igual com a la manifestaci\u00f3 de valors socials i personals associats a la pr\u00e0ctica esportiva de nens i joves. Per fer-ho, 46 gestors, 63 entrenadors, 333 [&hellip;]<\/p>\n","protected":false},"author":1,"featured_media":0,"comment_status":"open","ping_status":"open","sticky":false,"template":"","format":"standard","meta":{"_editorskit_title_hidden":false,"_editorskit_reading_time":1,"_editorskit_is_block_options_detached":false,"_editorskit_block_options_position":"{}","inline_featured_image":false,"advgb_blocks_editor_width":"","advgb_blocks_columns_visual_guide":"","footnotes":""},"categories":[50],"tags":[882,3928,210],"author_meta":{"display_name":"doc_inefc","author_link":"https:\/\/revista-apunts.com\/ca\/author\/doc_inefc\/"},"featured_img":null,"coauthors":[],"tax_additional":{"categories":{"linked":["<a href=\"https:\/\/revista-apunts.com\/ca\/category\/pedagogia-esportiva-ca\/\" class=\"advgb-post-tax-term\">Pedagogia esportiva<\/a>"],"unlinked":["<span class=\"advgb-post-tax-term\">Pedagogia esportiva<\/span>"]},"tags":{"linked":["<a href=\"https:\/\/revista-apunts.com\/ca\/category\/pedagogia-esportiva-ca\/\" class=\"advgb-post-tax-term\">adolescencia<\/a>","<a href=\"https:\/\/revista-apunts.com\/ca\/category\/pedagogia-esportiva-ca\/\" class=\"advgb-post-tax-term\">esport escolar<\/a>","<a href=\"https:\/\/revista-apunts.com\/ca\/category\/pedagogia-esportiva-ca\/\" class=\"advgb-post-tax-term\">socialitzaci\u00f3<\/a>"],"unlinked":["<span class=\"advgb-post-tax-term\">adolescencia<\/span>","<span class=\"advgb-post-tax-term\">esport escolar<\/span>","<span class=\"advgb-post-tax-term\">socialitzaci\u00f3<\/span>"]}},"comment_count":"0","relative_dates":{"created":"Posted 6 anys ago","modified":"Updated 5 anys ago"},"absolute_dates":{"created":"Posted on 27 octubre 2020","modified":"Updated on 25 novembre 2020"},"absolute_dates_time":{"created":"Posted on 27 octubre 2020 11:19","modified":"Updated on 25 novembre 2020 09:44"},"featured_img_caption":"","series_order":"","_links":{"self":[{"href":"https:\/\/revista-apunts.com\/ca\/wp-json\/wp\/v2\/posts\/11817\/"}],"collection":[{"href":"https:\/\/revista-apunts.com\/ca\/wp-json\/wp\/v2\/posts\/"}],"about":[{"href":"https:\/\/revista-apunts.com\/ca\/wp-json\/wp\/v2\/types\/post\/"}],"author":[{"embeddable":true,"href":"https:\/\/revista-apunts.com\/ca\/wp-json\/wp\/v2\/users\/1\/"}],"replies":[{"embeddable":true,"href":"https:\/\/revista-apunts.com\/ca\/wp-json\/wp\/v2\/comments\/?post=11817"}],"version-history":[{"count":1,"href":"https:\/\/revista-apunts.com\/ca\/wp-json\/wp\/v2\/posts\/11817\/revisions\/"}],"predecessor-version":[{"id":32215,"href":"https:\/\/revista-apunts.com\/ca\/wp-json\/wp\/v2\/posts\/11817\/revisions\/32215\/"}],"wp:attachment":[{"href":"https:\/\/revista-apunts.com\/ca\/wp-json\/wp\/v2\/media\/?parent=11817"}],"wp:term":[{"taxonomy":"category","embeddable":true,"href":"https:\/\/revista-apunts.com\/ca\/wp-json\/wp\/v2\/categories\/?post=11817"},{"taxonomy":"post_tag","embeddable":true,"href":"https:\/\/revista-apunts.com\/ca\/wp-json\/wp\/v2\/tags\/?post=11817"}],"curies":[{"name":"wp","href":"https:\/\/api.w.org\/{rel}","templated":true}]}}