{"id":11814,"date":"2020-10-27T11:19:41","date_gmt":"2020-10-27T11:19:41","guid":{"rendered":"https:\/\/revista-apunts.com\/?p=11814"},"modified":"2020-11-25T08:58:44","modified_gmt":"2020-11-25T08:58:44","slug":"treball-en-el-medi-aquatic-en-el-proces-densenyament-del-nen-autista","status":"publish","type":"post","link":"https:\/\/revista-apunts.com\/ca\/treball-en-el-medi-aquatic-en-el-proces-densenyament-del-nen-autista\/","title":{"rendered":"Treball en el medi aqu\u00e0tic en el proc\u00e9s d\u2019ensenyament del nen autista"},"content":{"rendered":"\n<h2 class=\"wp-block-heading\">Resum<\/h2>\n\n\n<p>La intenci\u00f3 d\u2019aquest document \u00e9s fer una reflexi\u00f3 sobre les necessitats educatives del nen autista i les possibilitats de treball en el medi aqu\u00e0tic. La interacci\u00f3 social limitada es presenta com un dels trets fonamentals de l\u2019autisme, de manera que es relacionen anormalment amb les persones i situacions. \u00c9s aconsellable per a aquesta poblaci\u00f3, incrementar l\u2019activitat f\u00edsica extracurricular, d\u2019aquesta forma, les activitats aqu\u00e0tiques s\u00f3n beneficioses, perqu\u00e8 incrementen la coordinaci\u00f3 motriu, l\u2019equilibri, l\u2019atenci\u00f3, la disciplina i estimulen els subjectes perqu\u00e8 acatin instruccions i compleixin normes establertes. Exerciten, a nivell general, el sistema neuromuscular i a m\u00e9s a m\u00e9s s\u00f3n divertides. La utilitzaci\u00f3 adequada de les caracter\u00edstiques intr\u00ednseques en el medi aqu\u00e0tic i el treball, correctament orientat, de continguts fonamentals en el desenvolupament de l\u2019activitat aqu\u00e0tica, adaptada a persones amb discapacitat motriu: respiraci\u00f3, elasticitat muscular, mobilitat articular, to muscular, equilibri, flotaci\u00f3, despla\u00e7ament i relaxaci\u00f3, afavoriran en gran mesura la consecuci\u00f3 de progressos en tots els \u00e0mbits del practicant autista, f\u00edsics, ps\u00edquics, socials i de relaci\u00f3.<\/p>\n\n <div class=\"tags\"> <p><strong>Paraules clau:<\/strong> <span>autisme<\/span>, <span>educaci\u00f3<\/span>, <span>medi aqu\u00e0tic<\/span><\/p> <\/div> \n","protected":false},"excerpt":{"rendered":"<p>Resum La intenci\u00f3 d\u2019aquest document \u00e9s fer una reflexi\u00f3 sobre les necessitats educatives del nen autista i les possibilitats de treball en el medi aqu\u00e0tic. La interacci\u00f3 social limitada es presenta com un dels trets fonamentals de l\u2019autisme, de manera que es relacionen anormalment amb les persones i situacions. \u00c9s aconsellable per a aquesta poblaci\u00f3, [&hellip;]<\/p>\n","protected":false},"author":1,"featured_media":0,"comment_status":"open","ping_status":"open","sticky":false,"template":"","format":"standard","meta":{"_editorskit_title_hidden":false,"_editorskit_reading_time":1,"_editorskit_is_block_options_detached":false,"_editorskit_block_options_position":"{}","inline_featured_image":false,"advgb_blocks_editor_width":"","advgb_blocks_columns_visual_guide":"","footnotes":""},"categories":[15],"tags":[5672,3891,4127],"author_meta":{"display_name":"doc_inefc","author_link":"https:\/\/revista-apunts.com\/ca\/author\/doc_inefc\/"},"featured_img":null,"coauthors":[],"tax_additional":{"categories":{"linked":["<a href=\"https:\/\/revista-apunts.com\/ca\/category\/activitat-fisica-i-salut\/\" class=\"advgb-post-tax-term\">Activitat f\u00edsica i salut<\/a>"],"unlinked":["<span class=\"advgb-post-tax-term\">Activitat f\u00edsica i salut<\/span>"]},"tags":{"linked":["<a href=\"https:\/\/revista-apunts.com\/ca\/category\/activitat-fisica-i-salut\/\" class=\"advgb-post-tax-term\">autisme<\/a>","<a href=\"https:\/\/revista-apunts.com\/ca\/category\/activitat-fisica-i-salut\/\" class=\"advgb-post-tax-term\">educaci\u00f3<\/a>","<a href=\"https:\/\/revista-apunts.com\/ca\/category\/activitat-fisica-i-salut\/\" class=\"advgb-post-tax-term\">medi aqu\u00e0tic<\/a>"],"unlinked":["<span class=\"advgb-post-tax-term\">autisme<\/span>","<span class=\"advgb-post-tax-term\">educaci\u00f3<\/span>","<span class=\"advgb-post-tax-term\">medi aqu\u00e0tic<\/span>"]}},"comment_count":"0","relative_dates":{"created":"Posted 6 anys ago","modified":"Updated 5 anys ago"},"absolute_dates":{"created":"Posted on 27 octubre 2020","modified":"Updated on 25 novembre 2020"},"absolute_dates_time":{"created":"Posted on 27 octubre 2020 11:19","modified":"Updated on 25 novembre 2020 08:58"},"featured_img_caption":"","series_order":"","_links":{"self":[{"href":"https:\/\/revista-apunts.com\/ca\/wp-json\/wp\/v2\/posts\/11814\/"}],"collection":[{"href":"https:\/\/revista-apunts.com\/ca\/wp-json\/wp\/v2\/posts\/"}],"about":[{"href":"https:\/\/revista-apunts.com\/ca\/wp-json\/wp\/v2\/types\/post\/"}],"author":[{"embeddable":true,"href":"https:\/\/revista-apunts.com\/ca\/wp-json\/wp\/v2\/users\/1\/"}],"replies":[{"embeddable":true,"href":"https:\/\/revista-apunts.com\/ca\/wp-json\/wp\/v2\/comments\/?post=11814"}],"version-history":[{"count":1,"href":"https:\/\/revista-apunts.com\/ca\/wp-json\/wp\/v2\/posts\/11814\/revisions\/"}],"predecessor-version":[{"id":32177,"href":"https:\/\/revista-apunts.com\/ca\/wp-json\/wp\/v2\/posts\/11814\/revisions\/32177\/"}],"wp:attachment":[{"href":"https:\/\/revista-apunts.com\/ca\/wp-json\/wp\/v2\/media\/?parent=11814"}],"wp:term":[{"taxonomy":"category","embeddable":true,"href":"https:\/\/revista-apunts.com\/ca\/wp-json\/wp\/v2\/categories\/?post=11814"},{"taxonomy":"post_tag","embeddable":true,"href":"https:\/\/revista-apunts.com\/ca\/wp-json\/wp\/v2\/tags\/?post=11814"}],"curies":[{"name":"wp","href":"https:\/\/api.w.org\/{rel}","templated":true}]}}