{"id":11812,"date":"2020-10-27T11:19:41","date_gmt":"2020-10-27T11:19:41","guid":{"rendered":"https:\/\/revista-apunts.com\/?p=11812"},"modified":"2020-11-25T08:23:05","modified_gmt":"2020-11-25T08:23:05","slug":"la-mediacio-del-cavall-i-la-seva-relacio-amb-ladquisicio-de-competencies","status":"publish","type":"post","link":"https:\/\/revista-apunts.com\/ca\/la-mediacio-del-cavall-i-la-seva-relacio-amb-ladquisicio-de-competencies\/","title":{"rendered":"La mediaci\u00f3 del cavall i la seva relaci\u00f3 amb l\u2019adquisici\u00f3 de compet\u00e8ncies"},"content":{"rendered":"\n<h2 class=\"wp-block-heading\">Resum<\/h2>\n\n\n<p>La mediaci\u00f3 educativa raonada mitjan\u00e7ant la interacci\u00f3 amb el cavall facilita una nova forma d\u2019aprenentatge, basada en el desenvolupament integral de la persona; partint de les seves capacitats i transformant-les en compet\u00e8ncies. Presentem el Treball Recondu\u00eft Amb Cavalls (TRAC) com un espai natural per potenciar i desenvolupar diferents habilitats personals, socials, cognitives i fisicomotrius, per tal d\u2019aconseguir compet\u00e8ncies que puguin aportar un ajust social complet des de la realitat personal de cada educand. Els canals comunicatius, l\u2019actitud per afrontar la realitat de l\u2019entorn de forma positiva, activa i creativa, els comportaments passius o de depend\u00e8ncia que es manifesten en aquesta situaci\u00f3, les qualitats coordinatives necess\u00e0ries per reorganitzar el coneixement de l\u2019esquema corporal i les experi\u00e8ncies perceptives, unides als moviments del cavall, aglutinen expectatives interessants que podem proposar-nos gr\u00e0cies al TRAC.<\/p>\n\n <div class=\"tags\"> <p><strong>Paraules clau:<\/strong> <span>aprenentatge<\/span>, <span>capacitats<\/span>, <span>compet\u00e8ncies d\u2019ajust social<\/span>, <span>habilitats<\/span>, <span>mediaci\u00f3 educativa<\/span>, <span>treball recondu\u00eft amb cavalls (TRAC)<\/span><\/p> <\/div> \n","protected":false},"excerpt":{"rendered":"<p>Resum La mediaci\u00f3 educativa raonada mitjan\u00e7ant la interacci\u00f3 amb el cavall facilita una nova forma d\u2019aprenentatge, basada en el desenvolupament integral de la persona; partint de les seves capacitats i transformant-les en compet\u00e8ncies. Presentem el Treball Recondu\u00eft Amb Cavalls (TRAC) com un espai natural per potenciar i desenvolupar diferents habilitats personals, socials, cognitives i fisicomotrius, [&hellip;]<\/p>\n","protected":false},"author":1,"featured_media":0,"comment_status":"open","ping_status":"open","sticky":false,"template":"","format":"standard","meta":{"_editorskit_title_hidden":false,"_editorskit_reading_time":1,"_editorskit_is_block_options_detached":false,"_editorskit_block_options_position":"{}","inline_featured_image":false,"advgb_blocks_editor_width":"","advgb_blocks_columns_visual_guide":"","footnotes":""},"categories":[44],"tags":[4140,5669,5670,4469,5668,5671],"author_meta":{"display_name":"doc_inefc","author_link":"https:\/\/revista-apunts.com\/ca\/author\/doc_inefc\/"},"featured_img":null,"coauthors":[],"tax_additional":{"categories":{"linked":["<a href=\"https:\/\/revista-apunts.com\/ca\/category\/ciencies-humanes-i-socials-ca\/\" class=\"advgb-post-tax-term\">Ci\u00e8ncies humanes i socials<\/a>"],"unlinked":["<span class=\"advgb-post-tax-term\">Ci\u00e8ncies humanes i socials<\/span>"]},"tags":{"linked":["<a href=\"https:\/\/revista-apunts.com\/ca\/category\/ciencies-humanes-i-socials-ca\/\" class=\"advgb-post-tax-term\">aprenentatge<\/a>","<a href=\"https:\/\/revista-apunts.com\/ca\/category\/ciencies-humanes-i-socials-ca\/\" class=\"advgb-post-tax-term\">capacitats<\/a>","<a href=\"https:\/\/revista-apunts.com\/ca\/category\/ciencies-humanes-i-socials-ca\/\" class=\"advgb-post-tax-term\">compet\u00e8ncies d\u2019ajust social<\/a>","<a href=\"https:\/\/revista-apunts.com\/ca\/category\/ciencies-humanes-i-socials-ca\/\" class=\"advgb-post-tax-term\">habilitats<\/a>","<a href=\"https:\/\/revista-apunts.com\/ca\/category\/ciencies-humanes-i-socials-ca\/\" class=\"advgb-post-tax-term\">mediaci\u00f3 educativa<\/a>","<a href=\"https:\/\/revista-apunts.com\/ca\/category\/ciencies-humanes-i-socials-ca\/\" class=\"advgb-post-tax-term\">treball recondu\u00eft amb cavalls (TRAC)<\/a>"],"unlinked":["<span class=\"advgb-post-tax-term\">aprenentatge<\/span>","<span class=\"advgb-post-tax-term\">capacitats<\/span>","<span class=\"advgb-post-tax-term\">compet\u00e8ncies d\u2019ajust social<\/span>","<span class=\"advgb-post-tax-term\">habilitats<\/span>","<span class=\"advgb-post-tax-term\">mediaci\u00f3 educativa<\/span>","<span class=\"advgb-post-tax-term\">treball recondu\u00eft amb cavalls (TRAC)<\/span>"]}},"comment_count":"0","relative_dates":{"created":"Posted 6 anys ago","modified":"Updated 5 anys ago"},"absolute_dates":{"created":"Posted on 27 octubre 2020","modified":"Updated on 25 novembre 2020"},"absolute_dates_time":{"created":"Posted on 27 octubre 2020 11:19","modified":"Updated on 25 novembre 2020 08:23"},"featured_img_caption":"","series_order":"","_links":{"self":[{"href":"https:\/\/revista-apunts.com\/ca\/wp-json\/wp\/v2\/posts\/11812\/"}],"collection":[{"href":"https:\/\/revista-apunts.com\/ca\/wp-json\/wp\/v2\/posts\/"}],"about":[{"href":"https:\/\/revista-apunts.com\/ca\/wp-json\/wp\/v2\/types\/post\/"}],"author":[{"embeddable":true,"href":"https:\/\/revista-apunts.com\/ca\/wp-json\/wp\/v2\/users\/1\/"}],"replies":[{"embeddable":true,"href":"https:\/\/revista-apunts.com\/ca\/wp-json\/wp\/v2\/comments\/?post=11812"}],"version-history":[{"count":1,"href":"https:\/\/revista-apunts.com\/ca\/wp-json\/wp\/v2\/posts\/11812\/revisions\/"}],"predecessor-version":[{"id":32160,"href":"https:\/\/revista-apunts.com\/ca\/wp-json\/wp\/v2\/posts\/11812\/revisions\/32160\/"}],"wp:attachment":[{"href":"https:\/\/revista-apunts.com\/ca\/wp-json\/wp\/v2\/media\/?parent=11812"}],"wp:term":[{"taxonomy":"category","embeddable":true,"href":"https:\/\/revista-apunts.com\/ca\/wp-json\/wp\/v2\/categories\/?post=11812"},{"taxonomy":"post_tag","embeddable":true,"href":"https:\/\/revista-apunts.com\/ca\/wp-json\/wp\/v2\/tags\/?post=11812"}],"curies":[{"name":"wp","href":"https:\/\/api.w.org\/{rel}","templated":true}]}}