{"id":11798,"date":"2020-10-27T11:19:30","date_gmt":"2020-10-27T11:19:30","guid":{"rendered":"https:\/\/revista-apunts.com\/?p=11798"},"modified":"2021-01-25T13:01:47","modified_gmt":"2021-01-25T13:01:47","slug":"conflicte-didentitats-la-identitat-esportiva-versus-la-identitat-nacional-a-barcelona","status":"publish","type":"post","link":"https:\/\/revista-apunts.com\/ca\/conflicte-didentitats-la-identitat-esportiva-versus-la-identitat-nacional-a-barcelona\/","title":{"rendered":"Conflicte d\u2019identitats: la identitat esportiva versus la identitat nacional a Barcelona"},"content":{"rendered":"\n<h2 class=\"wp-block-heading\">Resum<\/h2>\n\n\n<p>La relaci\u00f3 entre la identitat esportiva nacional per als esportistes d\u2019elit que s\u2019identifiquen com a catalans <em>(nre.<\/em> =21), espanyols (<em>nre<\/em>. = 28), i \u201caltres nacionalitats\u201d (<em>nre.<\/em> = 12), va ser mesurada amb l\u2019escala AIMS (Athletic Identity Measurement Scale), el q\u00fcestionari PEAQ (Personally Expressive Activities Questionnaire), i les puntuacions en Identificaci\u00f3 amb Espanya en 61 participants. Trenta-una dones i trenta homes del CAR (Centre d\u2019Alt Rendiment), tamb\u00e9 van completar un q\u00fcestionari demogr\u00e0fic sobre el seu coneixement del catal\u00e0, entre altres variables. Es van donar difer\u00e8ncies grupals significatives en les puntuacions en Identificaci\u00f3 amb Espanya, cosa que indica que aquells que s\u2019identificaven com a catalans tenien puntuacions m\u00e9s baixes que els seus companys. A m\u00e9s a m\u00e9s, la flu\u00efdesa en el catal\u00e0 es correlacionava amb puntuacions m\u00e9s baixes en Identificaci\u00f3 amb Espanya. Els resultats s\u00f3n discutits en termes de conflicte d\u2019identitat nacional entre esportistes d\u2019elit que competeixen per Espanya per\u00f2 no s\u2019identifiquen com a espanyols.<\/p>\n<p>\u00a0<\/p>\n\n <div class=\"tags\"> <p><strong>Paraules clau:<\/strong> <span>Barcelona<\/span>, <span>Catalunya<\/span>, <span>catal\u00e0<\/span>, <span>Espanya<\/span>, <span>esport d\u2019elit<\/span>, <span>esportistes<\/span>, <span>identitat nacional<\/span><\/p> <\/div> \n","protected":false},"excerpt":{"rendered":"<p>Resum La relaci\u00f3 entre la identitat esportiva nacional per als esportistes d\u2019elit que s\u2019identifiquen com a catalans (nre. =21), espanyols (nre. = 28), i \u201caltres nacionalitats\u201d (nre. = 12), va ser mesurada amb l\u2019escala AIMS (Athletic Identity Measurement Scale), el q\u00fcestionari PEAQ (Personally Expressive Activities Questionnaire), i les puntuacions en Identificaci\u00f3 amb Espanya en 61 [&hellip;]<\/p>\n","protected":false},"author":1,"featured_media":0,"comment_status":"open","ping_status":"open","sticky":false,"template":"","format":"standard","meta":{"_editorskit_title_hidden":false,"_editorskit_reading_time":1,"_editorskit_is_block_options_detached":false,"_editorskit_block_options_position":"{}","inline_featured_image":false,"advgb_blocks_editor_width":"","advgb_blocks_columns_visual_guide":"","footnotes":""},"categories":[44],"tags":[9084,9618,9616,9615,9617,9614,9619],"author_meta":{"display_name":"doc_inefc","author_link":"https:\/\/revista-apunts.com\/ca\/author\/doc_inefc\/"},"featured_img":null,"coauthors":[],"tax_additional":{"categories":{"linked":["<a href=\"https:\/\/revista-apunts.com\/ca\/category\/ciencies-humanes-i-socials-ca\/\" class=\"advgb-post-tax-term\">Ci\u00e8ncies humanes i socials<\/a>"],"unlinked":["<span class=\"advgb-post-tax-term\">Ci\u00e8ncies humanes i socials<\/span>"]},"tags":{"linked":["<a href=\"https:\/\/revista-apunts.com\/ca\/category\/ciencies-humanes-i-socials-ca\/\" class=\"advgb-post-tax-term\">Barcelona<\/a>","<a href=\"https:\/\/revista-apunts.com\/ca\/category\/ciencies-humanes-i-socials-ca\/\" class=\"advgb-post-tax-term\">catal\u00e0<\/a>","<a href=\"https:\/\/revista-apunts.com\/ca\/category\/ciencies-humanes-i-socials-ca\/\" class=\"advgb-post-tax-term\">Catalunya<\/a>","<a href=\"https:\/\/revista-apunts.com\/ca\/category\/ciencies-humanes-i-socials-ca\/\" class=\"advgb-post-tax-term\">Espanya<\/a>","<a href=\"https:\/\/revista-apunts.com\/ca\/category\/ciencies-humanes-i-socials-ca\/\" class=\"advgb-post-tax-term\">esport d\u2019elit<\/a>","<a href=\"https:\/\/revista-apunts.com\/ca\/category\/ciencies-humanes-i-socials-ca\/\" class=\"advgb-post-tax-term\">esportistes<\/a>","<a href=\"https:\/\/revista-apunts.com\/ca\/category\/ciencies-humanes-i-socials-ca\/\" class=\"advgb-post-tax-term\">identitat nacional<\/a>"],"unlinked":["<span class=\"advgb-post-tax-term\">Barcelona<\/span>","<span class=\"advgb-post-tax-term\">catal\u00e0<\/span>","<span class=\"advgb-post-tax-term\">Catalunya<\/span>","<span class=\"advgb-post-tax-term\">Espanya<\/span>","<span class=\"advgb-post-tax-term\">esport d\u2019elit<\/span>","<span class=\"advgb-post-tax-term\">esportistes<\/span>","<span class=\"advgb-post-tax-term\">identitat nacional<\/span>"]}},"comment_count":"0","relative_dates":{"created":"Posted 6 anys ago","modified":"Updated 5 anys ago"},"absolute_dates":{"created":"Posted on 27 octubre 2020","modified":"Updated on 25 gener 2021"},"absolute_dates_time":{"created":"Posted on 27 octubre 2020 11:19","modified":"Updated on 25 gener 2021 13:01"},"featured_img_caption":"","series_order":"","_links":{"self":[{"href":"https:\/\/revista-apunts.com\/ca\/wp-json\/wp\/v2\/posts\/11798\/"}],"collection":[{"href":"https:\/\/revista-apunts.com\/ca\/wp-json\/wp\/v2\/posts\/"}],"about":[{"href":"https:\/\/revista-apunts.com\/ca\/wp-json\/wp\/v2\/types\/post\/"}],"author":[{"embeddable":true,"href":"https:\/\/revista-apunts.com\/ca\/wp-json\/wp\/v2\/users\/1\/"}],"replies":[{"embeddable":true,"href":"https:\/\/revista-apunts.com\/ca\/wp-json\/wp\/v2\/comments\/?post=11798"}],"version-history":[{"count":3,"href":"https:\/\/revista-apunts.com\/ca\/wp-json\/wp\/v2\/posts\/11798\/revisions\/"}],"predecessor-version":[{"id":44425,"href":"https:\/\/revista-apunts.com\/ca\/wp-json\/wp\/v2\/posts\/11798\/revisions\/44425\/"}],"wp:attachment":[{"href":"https:\/\/revista-apunts.com\/ca\/wp-json\/wp\/v2\/media\/?parent=11798"}],"wp:term":[{"taxonomy":"category","embeddable":true,"href":"https:\/\/revista-apunts.com\/ca\/wp-json\/wp\/v2\/categories\/?post=11798"},{"taxonomy":"post_tag","embeddable":true,"href":"https:\/\/revista-apunts.com\/ca\/wp-json\/wp\/v2\/tags\/?post=11798"}],"curies":[{"name":"wp","href":"https:\/\/api.w.org\/{rel}","templated":true}]}}