{"id":11764,"date":"2020-10-27T11:19:19","date_gmt":"2020-10-27T11:19:19","guid":{"rendered":"https:\/\/revista-apunts.com\/?p=11764"},"modified":"2020-11-12T12:55:08","modified_gmt":"2020-11-12T12:55:08","slug":"entrevista-a-pere-miro-director-de-solidaritat-olimpica-i-director-de-relacions-amb-els-comites-olimpics-nacionals-del-comite-olimpic-internacional","status":"publish","type":"post","link":"https:\/\/revista-apunts.com\/ca\/entrevista-a-pere-miro-director-de-solidaritat-olimpica-i-director-de-relacions-amb-els-comites-olimpics-nacionals-del-comite-olimpic-internacional\/","title":{"rendered":"Entrevista a Pere Mir\u00f3, Director de Solidaritat Ol\u00edmpica i Director de relacions amb els Comit\u00e8s Ol\u00edmpics Nacionals del Comit\u00e8 Ol\u00edmpic Internacional"},"content":{"rendered":"\n<h2 class=\"wp-block-heading\">Resum<\/h2>\n\n\n<p class=\"journal-abstract\">A l\u2019inici de l\u2019entrevista es prega a Pere Mir\u00f3 que es presenti a fi que sigui conegut per les persones que la llegeixin. En conjunt, es tracta d\u2019analitzar el seu treball professional en una organitzaci\u00f3 esportiva d\u2019abast mundial (el Comit\u00e8 Ol\u00edmpic Internacional) que interactua amb 205 Comit\u00e8s Ol\u00edmpics Nacionals que tenen caracter\u00edstiques molt diferents i, en ocasions, fins i tot oposades. La tasca professional de Pere Mir\u00f3 representa una interacci\u00f3 constant entre el local i el global. L\u2019entrevista t\u00e9 tres parts: Diversitat cultural i moviment ol\u00edmpic; Diversitat d\u2019estructures organitzadores; i els valors de Solidaritat Ol\u00edmpica.<\/p>\n\n <div class=\"tags\"> <p><strong>Paraules clau:<\/strong> <span>comit\u00e8 ol\u00edmpic internacional<\/span>, <span>comit\u00e8s ol\u00edmpics nacionals<\/span>, <span>diversitat cultural<\/span>, <span>organitzacions esportives<\/span>, <span>valors<\/span><\/p> <\/div> \n","protected":false},"excerpt":{"rendered":"<p>Resum A l\u2019inici de l\u2019entrevista es prega a Pere Mir\u00f3 que es presenti a fi que sigui conegut per les persones que la llegeixin. En conjunt, es tracta d\u2019analitzar el seu treball professional en una organitzaci\u00f3 esportiva d\u2019abast mundial (el Comit\u00e8 Ol\u00edmpic Internacional) que interactua amb 205 Comit\u00e8s Ol\u00edmpics Nacionals que tenen caracter\u00edstiques molt diferents [&hellip;]<\/p>\n","protected":false},"author":1,"featured_media":0,"comment_status":"open","ping_status":"open","sticky":false,"template":"","format":"standard","meta":{"_editorskit_title_hidden":false,"_editorskit_reading_time":1,"_editorskit_is_block_options_detached":false,"_editorskit_block_options_position":"{}","inline_featured_image":false,"advgb_blocks_editor_width":"","advgb_blocks_columns_visual_guide":"","footnotes":""},"categories":[8518],"tags":[5619,5620,4194,4161,3858],"author_meta":{"display_name":"doc_inefc","author_link":"https:\/\/revista-apunts.com\/ca\/author\/doc_inefc\/"},"featured_img":null,"coauthors":[],"tax_additional":{"categories":{"linked":["<a href=\"https:\/\/revista-apunts.com\/ca\/category\/opinio\/\" class=\"advgb-post-tax-term\">Opini\u00f3<\/a>"],"unlinked":["<span class=\"advgb-post-tax-term\">Opini\u00f3<\/span>"]},"tags":{"linked":["<a href=\"https:\/\/revista-apunts.com\/ca\/category\/opinio\/\" class=\"advgb-post-tax-term\">comit\u00e8 ol\u00edmpic internacional<\/a>","<a href=\"https:\/\/revista-apunts.com\/ca\/category\/opinio\/\" class=\"advgb-post-tax-term\">comit\u00e8s ol\u00edmpics nacionals<\/a>","<a href=\"https:\/\/revista-apunts.com\/ca\/category\/opinio\/\" class=\"advgb-post-tax-term\">diversitat cultural<\/a>","<a href=\"https:\/\/revista-apunts.com\/ca\/category\/opinio\/\" class=\"advgb-post-tax-term\">organitzacions esportives<\/a>","<a href=\"https:\/\/revista-apunts.com\/ca\/category\/opinio\/\" class=\"advgb-post-tax-term\">valors<\/a>"],"unlinked":["<span class=\"advgb-post-tax-term\">comit\u00e8 ol\u00edmpic internacional<\/span>","<span class=\"advgb-post-tax-term\">comit\u00e8s ol\u00edmpics nacionals<\/span>","<span class=\"advgb-post-tax-term\">diversitat cultural<\/span>","<span class=\"advgb-post-tax-term\">organitzacions esportives<\/span>","<span class=\"advgb-post-tax-term\">valors<\/span>"]}},"comment_count":"0","relative_dates":{"created":"Posted 6 anys ago","modified":"Updated 5 anys ago"},"absolute_dates":{"created":"Posted on 27 octubre 2020","modified":"Updated on 12 novembre 2020"},"absolute_dates_time":{"created":"Posted on 27 octubre 2020 11:19","modified":"Updated on 12 novembre 2020 12:55"},"featured_img_caption":"","series_order":"","_links":{"self":[{"href":"https:\/\/revista-apunts.com\/ca\/wp-json\/wp\/v2\/posts\/11764\/"}],"collection":[{"href":"https:\/\/revista-apunts.com\/ca\/wp-json\/wp\/v2\/posts\/"}],"about":[{"href":"https:\/\/revista-apunts.com\/ca\/wp-json\/wp\/v2\/types\/post\/"}],"author":[{"embeddable":true,"href":"https:\/\/revista-apunts.com\/ca\/wp-json\/wp\/v2\/users\/1\/"}],"replies":[{"embeddable":true,"href":"https:\/\/revista-apunts.com\/ca\/wp-json\/wp\/v2\/comments\/?post=11764"}],"version-history":[{"count":1,"href":"https:\/\/revista-apunts.com\/ca\/wp-json\/wp\/v2\/posts\/11764\/revisions\/"}],"predecessor-version":[{"id":30977,"href":"https:\/\/revista-apunts.com\/ca\/wp-json\/wp\/v2\/posts\/11764\/revisions\/30977\/"}],"wp:attachment":[{"href":"https:\/\/revista-apunts.com\/ca\/wp-json\/wp\/v2\/media\/?parent=11764"}],"wp:term":[{"taxonomy":"category","embeddable":true,"href":"https:\/\/revista-apunts.com\/ca\/wp-json\/wp\/v2\/categories\/?post=11764"},{"taxonomy":"post_tag","embeddable":true,"href":"https:\/\/revista-apunts.com\/ca\/wp-json\/wp\/v2\/tags\/?post=11764"}],"curies":[{"name":"wp","href":"https:\/\/api.w.org\/{rel}","templated":true}]}}