{"id":11714,"date":"2005-10-01T11:18:51","date_gmt":"2005-10-01T11:18:51","guid":{"rendered":"https:\/\/revista-apunts.com\/?p=11714"},"modified":"2021-01-15T18:06:23","modified_gmt":"2021-01-15T18:06:23","slug":"determinants-de-la-conducta-dactivitat-fisica-en-poblacio-infantil","status":"publish","type":"post","link":"https:\/\/revista-apunts.com\/ca\/determinants-de-la-conducta-dactivitat-fisica-en-poblacio-infantil\/","title":{"rendered":"Determinants de la conducta d\u2019activitat f\u00edsica en poblaci\u00f3 infantil"},"content":{"rendered":"\n<h2 class=\"wp-block-heading\">Resum<\/h2>\n\n\n<div align=\"justify\">\n<p class=\"journal-abstract\">Durant els \u00faltims anys s\u2019estan oferint dades que fan pensar que s\u2019est\u00e0 creant un important problema de sedentarisme en la inf\u00e0ncia. A l\u2019hora de dissenyar programes d\u2019intervenci\u00f3 per fomentar la pr\u00e0ctica d\u2019activitat f\u00edsica cal obtenir informaci\u00f3 precisa sobre els nivells de pr\u00e0ctica de la poblaci\u00f3 infantil, igual com dels possibles determinants de la pr\u00e0ctica. Per aix\u00f2 s\u2019ha dissenyat un estudi on es pret\u00e9n d\u2019avaluar els nivells de pr\u00e0ctica i els determinants proposats pels models m\u00e9s importants desenvolupats per explicar la conducta de l\u2019exercici. Entre els determinants assenyalats per aquests models es troben: acte-efic\u00e0cia, actitud global cap a l\u2019exercici, intencions, possibles barreres per a la pr\u00e0ctica, i influ\u00e8ncies dels \u201caltres significatius\u201d. Per tal de donar resposta a aquests objectius es va dissenyar un estudi en qu\u00e8 van participar 345\u202fnens i nenes d\u2019entre 10 i 13 anys (11,29 \u00b1 0,57) de col\u00b7legis p\u00fablics i privats de l\u2019oest metropolit\u00e0 de la Comunitat Aut\u00f2noma de Madrid. Es van avaluar, d\u2019una banda, els nivells de pr\u00e0ctica mitjan\u00e7ant un diari on es van recollir els temps invertits en cada activitat en els diferents moments del dia durant els 7 dies de la setmana, i d\u2019altra banda, els possibles determinants de la pr\u00e0ctica per mitj\u00e0 d\u2019un q\u00fcestionari. Les conclusions que es desprenen de l\u2019estudi realitzat s\u00f3n: \u2022\u2002Els subjectes dediquen m\u00e9s d\u2019hora i mitja di\u00e0ria a la realitzaci\u00f3 d\u2019activitats f\u00edsiques. \u2022\u2002L\u2019acte-ubicaci\u00f3 dels subjectes en una categoria de nivell d\u2019adher\u00e8ncia mostra escassa validesa convergent amb l\u2019acte-registre de les activitats realitzades durant una setmana. \u2022\u2002No trobem una relaci\u00f3 clara entre la conducta d\u2019activitat f\u00edsica dels \u201caltres significatius\u201d i la conducta d\u2019activitat f\u00edsica dels subjectes. \u2022\u2002La relaci\u00f3 entre el suport social percebut dels \u201caltres significatius\u201d i el nivell d\u2019activitat f\u00edsica dels subjectes dep\u00e8n del criteri utilitzat per a classificar-los com actius i inactius i de la figura considerada. \u2022\u2002La por a lesionar-se (barrera relacionada amb la seguretat), \u00e9s l\u2019\u00fanica que apareix com a un factor limitador de la pr\u00e0ctica, encara que nom\u00e9s en el cas de les nenes. \u2022\u2002Els nens dediquen a veure la televisi\u00f3 m\u00e9s temps que no pas les nenes, per\u00f2 no es troba una relaci\u00f3 clara entre el temps invertit en aquesta activitat i el nivell d\u2019activitat f\u00edsica dels subjectes. \u2022\u2002Tant el model d\u2019Acci\u00f3 Raonada com el model de Conducta Planificada mostren un esc\u00e0s poder per al pron\u00f2stic de la conducta de l\u2019activitat f\u00edsica infantil. \u2022\u2002El model Sociocognitiu mostra un poder predictiu considerablement superior al dels models d\u2019Acci\u00f3 Raonada i Conducta Planificada, tant per a les intencions futures de pr\u00e0ctica com per a la conducta actual.<\/p>\n<div class=\"journal-keywords\">\u00a0<\/div>\n<\/div>\n\n <div class=\"tags\"> <p><strong>Paraules clau:<\/strong> <span>activitat fi\u0301sica<\/span>, <span>determinants<\/span>, <span>nens<\/span>, <span>sedentarisme<\/span><\/p> <\/div> \n","protected":false},"excerpt":{"rendered":"<p>Resum Durant els \u00faltims anys s\u2019estan oferint dades que fan pensar que s\u2019est\u00e0 creant un important problema de sedentarisme en la inf\u00e0ncia. A l\u2019hora de dissenyar programes d\u2019intervenci\u00f3 per fomentar la pr\u00e0ctica d\u2019activitat f\u00edsica cal obtenir informaci\u00f3 precisa sobre els nivells de pr\u00e0ctica de la poblaci\u00f3 infantil, igual com dels possibles determinants de la pr\u00e0ctica. [&hellip;]<\/p>\n","protected":false},"author":1,"featured_media":0,"comment_status":"open","ping_status":"open","sticky":false,"template":"","format":"standard","meta":{"_editorskit_title_hidden":false,"_editorskit_reading_time":2,"_editorskit_is_block_options_detached":false,"_editorskit_block_options_position":"{}","inline_featured_image":false,"advgb_blocks_editor_width":"","advgb_blocks_columns_visual_guide":"","footnotes":""},"categories":[56],"tags":[154,5050,209,3978],"author_meta":{"display_name":"doc_inefc","author_link":"https:\/\/revista-apunts.com\/ca\/author\/doc_inefc\/"},"featured_img":null,"coauthors":[],"tax_additional":{"categories":{"linked":["<a href=\"https:\/\/revista-apunts.com\/ca\/category\/tesis-doctorals-ca\/\" class=\"advgb-post-tax-term\">Tesis doctorals<\/a>"],"unlinked":["<span class=\"advgb-post-tax-term\">Tesis doctorals<\/span>"]},"tags":{"linked":["<a href=\"https:\/\/revista-apunts.com\/ca\/category\/tesis-doctorals-ca\/\" class=\"advgb-post-tax-term\">activitat fi\u0301sica<\/a>","<a href=\"https:\/\/revista-apunts.com\/ca\/category\/tesis-doctorals-ca\/\" class=\"advgb-post-tax-term\">determinants<\/a>","<a href=\"https:\/\/revista-apunts.com\/ca\/category\/tesis-doctorals-ca\/\" class=\"advgb-post-tax-term\">nens<\/a>","<a href=\"https:\/\/revista-apunts.com\/ca\/category\/tesis-doctorals-ca\/\" class=\"advgb-post-tax-term\">sedentarisme<\/a>"],"unlinked":["<span class=\"advgb-post-tax-term\">activitat fi\u0301sica<\/span>","<span class=\"advgb-post-tax-term\">determinants<\/span>","<span class=\"advgb-post-tax-term\">nens<\/span>","<span class=\"advgb-post-tax-term\">sedentarisme<\/span>"]}},"comment_count":"0","relative_dates":{"created":"Posted 21 anys ago","modified":"Updated 5 anys ago"},"absolute_dates":{"created":"Posted on 1 octubre 2005","modified":"Updated on 15 gener 2021"},"absolute_dates_time":{"created":"Posted on 1 octubre 2005 11:18","modified":"Updated on 15 gener 2021 18:06"},"featured_img_caption":"","series_order":"","_links":{"self":[{"href":"https:\/\/revista-apunts.com\/ca\/wp-json\/wp\/v2\/posts\/11714\/"}],"collection":[{"href":"https:\/\/revista-apunts.com\/ca\/wp-json\/wp\/v2\/posts\/"}],"about":[{"href":"https:\/\/revista-apunts.com\/ca\/wp-json\/wp\/v2\/types\/post\/"}],"author":[{"embeddable":true,"href":"https:\/\/revista-apunts.com\/ca\/wp-json\/wp\/v2\/users\/1\/"}],"replies":[{"embeddable":true,"href":"https:\/\/revista-apunts.com\/ca\/wp-json\/wp\/v2\/comments\/?post=11714"}],"version-history":[{"count":1,"href":"https:\/\/revista-apunts.com\/ca\/wp-json\/wp\/v2\/posts\/11714\/revisions\/"}],"predecessor-version":[{"id":33211,"href":"https:\/\/revista-apunts.com\/ca\/wp-json\/wp\/v2\/posts\/11714\/revisions\/33211\/"}],"wp:attachment":[{"href":"https:\/\/revista-apunts.com\/ca\/wp-json\/wp\/v2\/media\/?parent=11714"}],"wp:term":[{"taxonomy":"category","embeddable":true,"href":"https:\/\/revista-apunts.com\/ca\/wp-json\/wp\/v2\/categories\/?post=11714"},{"taxonomy":"post_tag","embeddable":true,"href":"https:\/\/revista-apunts.com\/ca\/wp-json\/wp\/v2\/tags\/?post=11714"}],"curies":[{"name":"wp","href":"https:\/\/api.w.org\/{rel}","templated":true}]}}