{"id":11561,"date":"2020-10-27T11:17:39","date_gmt":"2020-10-27T11:17:39","guid":{"rendered":"https:\/\/revista-apunts.com\/?p=11561"},"modified":"2020-11-17T12:10:55","modified_gmt":"2020-11-17T12:10:55","slug":"factors-que-influeixen-la-practica-de-lactivitat-fisica-en-la-poblacio-adolescent-de-la-provincia-dosca","status":"publish","type":"post","link":"https:\/\/revista-apunts.com\/ca\/factors-que-influeixen-la-practica-de-lactivitat-fisica-en-la-poblacio-adolescent-de-la-provincia-dosca\/","title":{"rendered":"Factors que influeixen la pr\u00e0ctica de l\u2019activitat f\u00edsica en la poblaci\u00f3 adolescent de la prov\u00edncia d\u2019Osca"},"content":{"rendered":"\n<h2 class=\"wp-block-heading\">Resumen<\/h2>\n\n\n<p align=\"justify\">L\u2019objecte d\u2019aquest estudi va ser con\u00e8ixer i analitzar els nivells d\u2019activitat f\u00edsica habitual d\u2019una mostra representativa d\u2019alumnes de secund\u00e0ria obligat\u00f2ria d\u2019instituts de la prov\u00edncia d\u2019Osca, i tamb\u00e9 identificar els factors que poden influir en la realitzaci\u00f3 d\u2019activitat f\u00edsica, les principals barreres percebudes i determinar l\u2019estat de canvi en qu\u00e8 es troben els subjectes. La mostra la van formar 831 subjectes de tots els instituts de la prov\u00edncia d\u2019Osca, on el 45,7 % eren homes i el 54,3 % dones (\u03c7 = 13,8 anys; DS 1,4). Per a la presa de dades es van utilitzar dos tipus de q\u00fcestionaris: una adaptaci\u00f3 del \u201cFour by one-day Physical Activity Questionaire\u201d (Cale, 1993) i el \u201cQ\u00fcestionari d\u2019influ\u00e8ncies sobre l\u2019Activitat F\u00edsica i la Salut\u201d, adaptat del q\u00fcestionari basat en Bangdiwala et al. (1993) i Taylor, Baranowski &amp; Sallis (1994). Despr\u00e9s de l\u2019an\u00e0lisi de dades concloem que el 58,48\u00a0% de la poblaci\u00f3 estudiada no compleix les recomanacions internacionals de realitzaci\u00f3 d\u2019activitat f\u00edsica, sobretot en la poblaci\u00f3 femenina, encara que es recomana mesurar les activitats lleugeres en el c\u00f2mput de la despesa total, perqu\u00e8 \u00e9s elevada en aquest sector poblacional. La despesa energ\u00e8tica mitjana de la poblaci\u00f3 va ser de 38,64 METs. Els alumnes de centres p\u00fablics van presentar m\u00e9s nivell d\u2019activitat f\u00edsica que no pas els alumnes de centres concertats. D\u2019altra banda, la percepci\u00f3 d\u2019autoefic\u00e0cia s\u2019ha revelat com un factor d\u2019influ\u00e8ncia important dels nivells globals d\u2019activitat f\u00edsica habitual per a adolescents de tots dos g\u00e8neres. Tamb\u00e9 la climatologia i el tipus de jornada van influir en la realitzaci\u00f3 d\u2019activitat f\u00edsica. Respecte als factors d\u2019influ\u00e8ncia, els referents de g\u00e8nere s\u00f3n de gran import\u00e0ncia. A m\u00e9s a m\u00e9s, els adults exerceixen m\u00e9s suport social en els subjectes m\u00e9s joves, per\u00f2 a mesura que augmenta l\u2019edat, s\u00f3n els amics els \u201caltres significatius\u201d que m\u00e9s influeixen en la pr\u00e0ctica d\u2019activitat f\u00edsica. Malgrat que els progenitors realitzen molt poca activitat f\u00edsica, el model de les mares i els amics s\u00f3n percebuts com els \u201caltres significatius\u201d m\u00e9s influents. El professor d\u2019educaci\u00f3 f\u00edsica \u00e9s la persona que m\u00e9s influeix socialment per als subjectes de menor nivell d\u2019activitat f\u00edsica i percepci\u00f3 d\u2019autoefic\u00e0cia. En l\u2019estat de manteniment se situen els adolescents del g\u00e8nere mascul\u00ed, del primer cicle i residents a les ciutats; aquests s\u00f3n, a m\u00e9s a m\u00e9s, els que major nivell de percepci\u00f3 d\u2019autoefic\u00e0cia tenen. Les noies, els del segon cicle, de les ciutats, els menys actius i els de menor percepci\u00f3 d\u2019autoefic\u00e0cia van ser els adolescents que m\u00e9s barreres van percebre per a la pr\u00e0ctica de l\u2019activitat f\u00edsica; la falta de temps va ser la m\u00e9s anomenada. Per tot aix\u00f2, considerem que cal desenvolupar i validar instruments de mesura comuns i establir criteris de classificaci\u00f3 homogenis.<\/p>\n\n <div class=\"tags\"> <p><strong>Paraules clau:<\/strong> <span>adolescent<\/span>, <span>barreres<\/span>, <span>estats de canvi<\/span>, <span>influ\u00e8ncies<\/span>, <span>nivell activitat f\u00edsica<\/span><\/p> <\/div> \n","protected":false},"excerpt":{"rendered":"<p>Resumen L\u2019objecte d\u2019aquest estudi va ser con\u00e8ixer i analitzar els nivells d\u2019activitat f\u00edsica habitual d\u2019una mostra representativa d\u2019alumnes de secund\u00e0ria obligat\u00f2ria d\u2019instituts de la prov\u00edncia d\u2019Osca, i tamb\u00e9 identificar els factors que poden influir en la realitzaci\u00f3 d\u2019activitat f\u00edsica, les principals barreres percebudes i determinar l\u2019estat de canvi en qu\u00e8 es troben els subjectes. La [&hellip;]<\/p>\n","protected":false},"author":1,"featured_media":0,"comment_status":"open","ping_status":"open","sticky":false,"template":"","format":"standard","meta":{"_editorskit_title_hidden":false,"_editorskit_reading_time":2,"_editorskit_is_block_options_detached":false,"_editorskit_block_options_position":"{}","inline_featured_image":false,"advgb_blocks_editor_width":"","advgb_blocks_columns_visual_guide":"","footnotes":""},"categories":[56],"tags":[4738,5409,4461,8984,5264],"author_meta":{"display_name":"doc_inefc","author_link":"https:\/\/revista-apunts.com\/ca\/author\/doc_inefc\/"},"featured_img":null,"coauthors":[],"tax_additional":{"categories":{"linked":["<a href=\"https:\/\/revista-apunts.com\/ca\/category\/tesis-doctorals-ca\/\" class=\"advgb-post-tax-term\">Tesis doctorals<\/a>"],"unlinked":["<span class=\"advgb-post-tax-term\">Tesis doctorals<\/span>"]},"tags":{"linked":["<a href=\"https:\/\/revista-apunts.com\/ca\/category\/tesis-doctorals-ca\/\" class=\"advgb-post-tax-term\">adolescent<\/a>","<a href=\"https:\/\/revista-apunts.com\/ca\/category\/tesis-doctorals-ca\/\" class=\"advgb-post-tax-term\">barreres<\/a>","<a href=\"https:\/\/revista-apunts.com\/ca\/category\/tesis-doctorals-ca\/\" class=\"advgb-post-tax-term\">estats de canvi<\/a>","<a href=\"https:\/\/revista-apunts.com\/ca\/category\/tesis-doctorals-ca\/\" class=\"advgb-post-tax-term\">influ\u00e8ncies<\/a>","<a href=\"https:\/\/revista-apunts.com\/ca\/category\/tesis-doctorals-ca\/\" class=\"advgb-post-tax-term\">nivell activitat f\u00edsica<\/a>"],"unlinked":["<span class=\"advgb-post-tax-term\">adolescent<\/span>","<span class=\"advgb-post-tax-term\">barreres<\/span>","<span class=\"advgb-post-tax-term\">estats de canvi<\/span>","<span class=\"advgb-post-tax-term\">influ\u00e8ncies<\/span>","<span class=\"advgb-post-tax-term\">nivell activitat f\u00edsica<\/span>"]}},"comment_count":"0","relative_dates":{"created":"Posted 6 anys ago","modified":"Updated 5 anys ago"},"absolute_dates":{"created":"Posted on 27 octubre 2020","modified":"Updated on 17 novembre 2020"},"absolute_dates_time":{"created":"Posted on 27 octubre 2020 11:17","modified":"Updated on 17 novembre 2020 12:10"},"featured_img_caption":"","series_order":"","_links":{"self":[{"href":"https:\/\/revista-apunts.com\/ca\/wp-json\/wp\/v2\/posts\/11561\/"}],"collection":[{"href":"https:\/\/revista-apunts.com\/ca\/wp-json\/wp\/v2\/posts\/"}],"about":[{"href":"https:\/\/revista-apunts.com\/ca\/wp-json\/wp\/v2\/types\/post\/"}],"author":[{"embeddable":true,"href":"https:\/\/revista-apunts.com\/ca\/wp-json\/wp\/v2\/users\/1\/"}],"replies":[{"embeddable":true,"href":"https:\/\/revista-apunts.com\/ca\/wp-json\/wp\/v2\/comments\/?post=11561"}],"version-history":[{"count":1,"href":"https:\/\/revista-apunts.com\/ca\/wp-json\/wp\/v2\/posts\/11561\/revisions\/"}],"predecessor-version":[{"id":31520,"href":"https:\/\/revista-apunts.com\/ca\/wp-json\/wp\/v2\/posts\/11561\/revisions\/31520\/"}],"wp:attachment":[{"href":"https:\/\/revista-apunts.com\/ca\/wp-json\/wp\/v2\/media\/?parent=11561"}],"wp:term":[{"taxonomy":"category","embeddable":true,"href":"https:\/\/revista-apunts.com\/ca\/wp-json\/wp\/v2\/categories\/?post=11561"},{"taxonomy":"post_tag","embeddable":true,"href":"https:\/\/revista-apunts.com\/ca\/wp-json\/wp\/v2\/tags\/?post=11561"}],"curies":[{"name":"wp","href":"https:\/\/api.w.org\/{rel}","templated":true}]}}