{"id":11518,"date":"2020-10-27T11:17:20","date_gmt":"2020-10-27T11:17:20","guid":{"rendered":"https:\/\/revista-apunts.com\/?p=11518"},"modified":"2025-10-03T15:58:36","modified_gmt":"2025-10-03T15:58:36","slug":"la-practica-dactivitat-fisica-entre-els-adolescents-de-les-escoles-publiques-de-lestat-a-fortaleza-brasil","status":"publish","type":"post","link":"https:\/\/revista-apunts.com\/ca\/la-practica-dactivitat-fisica-entre-els-adolescents-de-les-escoles-publiques-de-lestat-a-fortaleza-brasil\/","title":{"rendered":"La pr\u00e0ctica d\u2019activitat f\u00edsica entre els adolescents de les escoles p\u00fabliques de l\u2019estat a Fortaleza (Brasil)"},"content":{"rendered":"\n<h2 class=\"wp-block-heading\">Resum<\/h2>\n\n\n<p>L\u2019objectiu de l\u2019estudi va ser con\u00e8ixer els h\u00e0bits quotidians, relacionats amb la pr\u00e0ctica d\u2019activitat f\u00edsica, mostrats per adolescents d\u2019escoles p\u00fabliques de Fortaleza &#8211; Brasil. Estudi transversal en el qual van participar 720 estudiants pertanyents a dotze escoles p\u00fabliques estatals, l\u2019edat dels quals variava entre 14 i 19 anys i d\u2019ambd\u00f3s sexes. Les dades es van recollir durant els mesos de febrer i mar\u00e7 de 2006, a trav\u00e9s d\u2019entrevista estructurada. A m\u00e9s a m\u00e9s, es va verificar pes i altura i es va mesurar la gluc\u00e8mia capil\u00b7lar. Els resultats van mostrar que el 65,8 % tenia entre 14 i 17 anys; el 81,1 % cursava ensenyament secundari; el 59,3 % era del sexe femen\u00ed i el 75,3 % va adquirir h\u00e0bits sedentaris. D\u2019aquests, el 10 % tenia exc\u00e9s de pes; el 2,8 % era ob\u00e8s i el 8,5 % tenia els valors de gluc\u00e8mia capil\u00b7lar superiors als normals. La pr\u00e0ctica d\u2019activitat f\u00edsica va estar relacionada amb el sexe (<em>p<\/em>= 0,000) i amb l\u2019edat (<em>p<\/em>=0,049). Es va concloure que hi ha un alt percentatge d\u2019adolescents sedentaris i que l\u2019educaci\u00f3 per a la salut \u00e9s el cam\u00ed indicat per combatre el sedentarisme esmentat i tamb\u00e9 ajuda a prevenir malalties cardiovasculars i diabetis mellitus tipus 2.<\/p>\n<p>\u00a0<\/p>","protected":false},"excerpt":{"rendered":"<p>Resum L\u2019objectiu de l\u2019estudi va ser con\u00e8ixer els h\u00e0bits quotidians, relacionats amb la pr\u00e0ctica d\u2019activitat f\u00edsica, mostrats per adolescents d\u2019escoles p\u00fabliques de Fortaleza &#8211; Brasil. Estudi transversal en el qual van participar 720 estudiants pertanyents a dotze escoles p\u00fabliques estatals, l\u2019edat dels quals variava entre 14 i 19 anys i d\u2019ambd\u00f3s sexes. Les dades es [&hellip;]<\/p>\n","protected":false},"author":1,"featured_media":0,"comment_status":"open","ping_status":"open","sticky":false,"template":"","format":"standard","meta":{"_editorskit_title_hidden":false,"_editorskit_reading_time":1,"_editorskit_is_block_options_detached":false,"_editorskit_block_options_position":"{}","inline_featured_image":false,"advgb_blocks_editor_width":"","advgb_blocks_columns_visual_guide":"","footnotes":""},"categories":[15],"tags":[154,8829,3978],"author_meta":{"display_name":"doc_inefc","author_link":"https:\/\/revista-apunts.com\/ca\/author\/doc_inefc\/"},"featured_img":null,"coauthors":[],"tax_additional":{"categories":{"linked":["<a href=\"https:\/\/revista-apunts.com\/ca\/category\/activitat-fisica-i-salut\/\" class=\"advgb-post-tax-term\">Activitat f\u00edsica i salut<\/a>"],"unlinked":["<span class=\"advgb-post-tax-term\">Activitat f\u00edsica i salut<\/span>"]},"tags":{"linked":["<a href=\"https:\/\/revista-apunts.com\/ca\/category\/activitat-fisica-i-salut\/\" class=\"advgb-post-tax-term\">activitat fi\u0301sica<\/a>","<a href=\"https:\/\/revista-apunts.com\/ca\/category\/activitat-fisica-i-salut\/\" class=\"advgb-post-tax-term\">exc\u00e9s de pes<\/a>","<a href=\"https:\/\/revista-apunts.com\/ca\/category\/activitat-fisica-i-salut\/\" class=\"advgb-post-tax-term\">sedentarisme<\/a>"],"unlinked":["<span class=\"advgb-post-tax-term\">activitat fi\u0301sica<\/span>","<span class=\"advgb-post-tax-term\">exc\u00e9s de pes<\/span>","<span class=\"advgb-post-tax-term\">sedentarisme<\/span>"]}},"comment_count":"0","relative_dates":{"created":"Posted 6 anys ago","modified":"Updated 7 mesos ago"},"absolute_dates":{"created":"Posted on 27 octubre 2020","modified":"Updated on 3 octubre 2025"},"absolute_dates_time":{"created":"Posted on 27 octubre 2020 11:17","modified":"Updated on 3 octubre 2025 15:58"},"featured_img_caption":"","series_order":"","_links":{"self":[{"href":"https:\/\/revista-apunts.com\/ca\/wp-json\/wp\/v2\/posts\/11518\/"}],"collection":[{"href":"https:\/\/revista-apunts.com\/ca\/wp-json\/wp\/v2\/posts\/"}],"about":[{"href":"https:\/\/revista-apunts.com\/ca\/wp-json\/wp\/v2\/types\/post\/"}],"author":[{"embeddable":true,"href":"https:\/\/revista-apunts.com\/ca\/wp-json\/wp\/v2\/users\/1\/"}],"replies":[{"embeddable":true,"href":"https:\/\/revista-apunts.com\/ca\/wp-json\/wp\/v2\/comments\/?post=11518"}],"version-history":[{"count":1,"href":"https:\/\/revista-apunts.com\/ca\/wp-json\/wp\/v2\/posts\/11518\/revisions\/"}],"predecessor-version":[{"id":31163,"href":"https:\/\/revista-apunts.com\/ca\/wp-json\/wp\/v2\/posts\/11518\/revisions\/31163\/"}],"wp:attachment":[{"href":"https:\/\/revista-apunts.com\/ca\/wp-json\/wp\/v2\/media\/?parent=11518"}],"wp:term":[{"taxonomy":"category","embeddable":true,"href":"https:\/\/revista-apunts.com\/ca\/wp-json\/wp\/v2\/categories\/?post=11518"},{"taxonomy":"post_tag","embeddable":true,"href":"https:\/\/revista-apunts.com\/ca\/wp-json\/wp\/v2\/tags\/?post=11518"}],"curies":[{"name":"wp","href":"https:\/\/api.w.org\/{rel}","templated":true}]}}