{"id":11462,"date":"1985-10-01T11:16:00","date_gmt":"1985-10-01T11:16:00","guid":{"rendered":"https:\/\/revista-apunts.com\/?p=11462"},"modified":"2021-01-16T10:39:06","modified_gmt":"2021-01-16T10:39:06","slug":"escoles-diniciacio-esportiva-lexperiencia-de-barcelona","status":"publish","type":"post","link":"https:\/\/revista-apunts.com\/ca\/escoles-diniciacio-esportiva-lexperiencia-de-barcelona\/","title":{"rendered":"Escoles d&#8217;iniciaci\u00f3 esportiva. L&#8217;experi\u00e8ncia de Barcelona"},"content":{"rendered":"\n<h2 class=\"wp-block-heading\">Resum<\/h2>\n\n\n\n<p>Caldria parlar d&#8217;activitats aqu\u00e0tiques amb nens de mesos fins a 6 anys, per\u00f2 malauradament \u00e9s molt dif\u00edcil trobar un espai que reuneixi les condicions \u00f3ptimes quant a l&#8217;entorn i termperatura aigua-ambient per poder treballar aquest tipus d&#8217;activitat. Per tant, el treball quedar\u00e0 emmarcat en les edats 2,5-6 anys. Ens ha preocupat molt poder elaborar un programa de treball on no es desvincul\u00e9s l&#8217;activitat piscina de l&#8217;entorn escola i per altra banda poder acollir dins la programaci\u00f3 totes les possibilitats que ofereix el treball amb aigua i adequar-lo a les necessitats ps\u00edquiques i motrius de cada grup d&#8217;edats determinat. En les activitats aqu\u00e0tiques el nen pot experimentar moviments corporals m\u00e9s amplis que en el medi terrestre, cal doncs aprofitar aquest factor i orientar l&#8217;activitat piscina cap a un refor\u00e7 de les activitats motrius del nen. La situaci\u00f3 en el nou espai, els moviments motrius, el domini del cos, l&#8217;autonomia, la relaxaci\u00f3, el Ilenguatge, les sensacions t\u00e0ctils i visuals entre d&#8217;altres, poden tenir un tractament m\u00e9s ampli si les incloem dins de l&#8217;activitat piscina.<\/p>\n\n\n\n\n\n","protected":false},"excerpt":{"rendered":"<p>Resum Caldria parlar d&#8217;activitats aqu\u00e0tiques amb nens de mesos fins a 6 anys, per\u00f2 malauradament \u00e9s molt dif\u00edcil trobar un espai que reuneixi les condicions \u00f3ptimes quant a l&#8217;entorn i termperatura aigua-ambient per poder treballar aquest tipus d&#8217;activitat. Per tant, el treball quedar\u00e0 emmarcat en les edats 2,5-6 anys. Ens ha preocupat molt poder elaborar [&hellip;]<\/p>\n","protected":false},"author":1,"featured_media":0,"comment_status":"open","ping_status":"open","sticky":false,"template":"","format":"standard","meta":{"_editorskit_title_hidden":false,"_editorskit_reading_time":1,"_editorskit_is_block_options_detached":false,"_editorskit_block_options_position":"{}","inline_featured_image":false,"advgb_blocks_editor_width":"","advgb_blocks_columns_visual_guide":"","footnotes":""},"categories":[8509],"tags":[],"author_meta":{"display_name":"doc_inefc","author_link":"https:\/\/revista-apunts.com\/ca\/author\/doc_inefc\/"},"featured_img":null,"coauthors":[],"tax_additional":{"categories":{"linked":["<a href=\"https:\/\/revista-apunts.com\/ca\/category\/apunts-per-al-segle-xxi\/\" class=\"advgb-post-tax-term\">Apunts per al segle XXI<\/a>"],"unlinked":["<span class=\"advgb-post-tax-term\">Apunts per al segle XXI<\/span>"]}},"comment_count":"0","relative_dates":{"created":"Posted 41 anys ago","modified":"Updated 5 anys ago"},"absolute_dates":{"created":"Posted on 1 octubre 1985","modified":"Updated on 16 gener 2021"},"absolute_dates_time":{"created":"Posted on 1 octubre 1985 11:16","modified":"Updated on 16 gener 2021 10:39"},"featured_img_caption":"","series_order":"","_links":{"self":[{"href":"https:\/\/revista-apunts.com\/ca\/wp-json\/wp\/v2\/posts\/11462\/"}],"collection":[{"href":"https:\/\/revista-apunts.com\/ca\/wp-json\/wp\/v2\/posts\/"}],"about":[{"href":"https:\/\/revista-apunts.com\/ca\/wp-json\/wp\/v2\/types\/post\/"}],"author":[{"embeddable":true,"href":"https:\/\/revista-apunts.com\/ca\/wp-json\/wp\/v2\/users\/1\/"}],"replies":[{"embeddable":true,"href":"https:\/\/revista-apunts.com\/ca\/wp-json\/wp\/v2\/comments\/?post=11462"}],"version-history":[{"count":1,"href":"https:\/\/revista-apunts.com\/ca\/wp-json\/wp\/v2\/posts\/11462\/revisions\/"}],"predecessor-version":[{"id":41307,"href":"https:\/\/revista-apunts.com\/ca\/wp-json\/wp\/v2\/posts\/11462\/revisions\/41307\/"}],"wp:attachment":[{"href":"https:\/\/revista-apunts.com\/ca\/wp-json\/wp\/v2\/media\/?parent=11462"}],"wp:term":[{"taxonomy":"category","embeddable":true,"href":"https:\/\/revista-apunts.com\/ca\/wp-json\/wp\/v2\/categories\/?post=11462"},{"taxonomy":"post_tag","embeddable":true,"href":"https:\/\/revista-apunts.com\/ca\/wp-json\/wp\/v2\/tags\/?post=11462"}],"curies":[{"name":"wp","href":"https:\/\/api.w.org\/{rel}","templated":true}]}}