{"id":11377,"date":"2020-10-27T11:16:03","date_gmt":"2020-10-27T11:16:03","guid":{"rendered":"https:\/\/revista-apunts.com\/?p=11377"},"modified":"2020-12-27T15:06:25","modified_gmt":"2020-12-27T15:06:25","slug":"les-installacions-esportives-i-el-lleure-equipaments-esportius","status":"publish","type":"post","link":"https:\/\/revista-apunts.com\/ca\/les-installacions-esportives-i-el-lleure-equipaments-esportius\/","title":{"rendered":"Les instal\u00b7lacions esportives i el lleure. Equipaments esportius."},"content":{"rendered":"\n<h2 class=\"wp-block-heading\">Resum<\/h2>\n\n\n<p align=\"&quot;justify&quot;\">Per poder desglossar aquest interessant tema, haur\u00edem de partir d&#8217;una clara concepci\u00f3 de temps Iliure i lleure i a la vegada definir d&#8217;una manera oberta qu\u00e8 entenem per equipament esportiu. Sens dubte com intentarem demostrar m\u00e9s endavant, podem avan\u00e7ar que les diverses concepcions ideol\u00f2giques i filos\u00f2fiques que tingui cadasc\u00fa sobre els aspectes anteriormente esmentats, marcaran el present i el futur dels equipaments esportius.<br \/>Conceptualitzar el temps Iliure i el Ileure, comporta intr\u00ednsecament una tasca que podria caure en el simplisme i aix\u00f2 seria per part meva una Ileugeresa que no em puc permetre.<br \/>Existeix un debat ideol\u00f2gic molt interessant sobre les diverses concepcions del temps lliure i el Ileure. Cadascuna influenciada per models ideol\u00f2gics contraposats. El professor Frederic Munn\u00e9 ha realitzat un estudi molt seri\u00f3s i interessant sobre els diferents soci\u00f2legs i estudiosos d&#8217;aquesta tem\u00e0tica, entre els que podem destacar a FROMM, MARCUSE, RIESMAN i DE GRAZIA als Estats Units, FRIEDMAN, LEFEVRE, DUMAZEDIER a Fran\u00e7a i ETRUSHIN a la URSS.<\/p>\n\n\n","protected":false},"excerpt":{"rendered":"<p>Resum Per poder desglossar aquest interessant tema, haur\u00edem de partir d&#8217;una clara concepci\u00f3 de temps Iliure i lleure i a la vegada definir d&#8217;una manera oberta qu\u00e8 entenem per equipament esportiu. Sens dubte com intentarem demostrar m\u00e9s endavant, podem avan\u00e7ar que les diverses concepcions ideol\u00f2giques i filos\u00f2fiques que tingui cadasc\u00fa sobre els aspectes anteriormente esmentats, [&hellip;]<\/p>\n","protected":false},"author":1,"featured_media":0,"comment_status":"open","ping_status":"open","sticky":false,"template":"","format":"standard","meta":{"_editorskit_title_hidden":false,"_editorskit_reading_time":1,"_editorskit_is_block_options_detached":false,"_editorskit_block_options_position":"{}","inline_featured_image":false,"advgb_blocks_editor_width":"","advgb_blocks_columns_visual_guide":"","footnotes":""},"categories":[8509],"tags":[],"author_meta":{"display_name":"doc_inefc","author_link":"https:\/\/revista-apunts.com\/ca\/author\/doc_inefc\/"},"featured_img":null,"coauthors":[],"tax_additional":{"categories":{"linked":["<a href=\"https:\/\/revista-apunts.com\/ca\/category\/apunts-per-al-segle-xxi\/\" class=\"advgb-post-tax-term\">Apunts per al segle XXI<\/a>"],"unlinked":["<span class=\"advgb-post-tax-term\">Apunts per al segle XXI<\/span>"]}},"comment_count":"0","relative_dates":{"created":"Posted 6 anys ago","modified":"Updated 5 anys ago"},"absolute_dates":{"created":"Posted on 27 octubre 2020","modified":"Updated on 27 desembre 2020"},"absolute_dates_time":{"created":"Posted on 27 octubre 2020 11:16","modified":"Updated on 27 desembre 2020 15:06"},"featured_img_caption":"","series_order":"","_links":{"self":[{"href":"https:\/\/revista-apunts.com\/ca\/wp-json\/wp\/v2\/posts\/11377\/"}],"collection":[{"href":"https:\/\/revista-apunts.com\/ca\/wp-json\/wp\/v2\/posts\/"}],"about":[{"href":"https:\/\/revista-apunts.com\/ca\/wp-json\/wp\/v2\/types\/post\/"}],"author":[{"embeddable":true,"href":"https:\/\/revista-apunts.com\/ca\/wp-json\/wp\/v2\/users\/1\/"}],"replies":[{"embeddable":true,"href":"https:\/\/revista-apunts.com\/ca\/wp-json\/wp\/v2\/comments\/?post=11377"}],"version-history":[{"count":1,"href":"https:\/\/revista-apunts.com\/ca\/wp-json\/wp\/v2\/posts\/11377\/revisions\/"}],"predecessor-version":[{"id":35792,"href":"https:\/\/revista-apunts.com\/ca\/wp-json\/wp\/v2\/posts\/11377\/revisions\/35792\/"}],"wp:attachment":[{"href":"https:\/\/revista-apunts.com\/ca\/wp-json\/wp\/v2\/media\/?parent=11377"}],"wp:term":[{"taxonomy":"category","embeddable":true,"href":"https:\/\/revista-apunts.com\/ca\/wp-json\/wp\/v2\/categories\/?post=11377"},{"taxonomy":"post_tag","embeddable":true,"href":"https:\/\/revista-apunts.com\/ca\/wp-json\/wp\/v2\/tags\/?post=11377"}],"curies":[{"name":"wp","href":"https:\/\/api.w.org\/{rel}","templated":true}]}}