{"id":11317,"date":"2020-10-27T11:15:26","date_gmt":"2020-10-27T11:15:26","guid":{"rendered":"https:\/\/revista-apunts.com\/?p=11317"},"modified":"2020-12-26T16:09:27","modified_gmt":"2020-12-26T16:09:27","slug":"la-motivacio-a-les-classes-deducacio-fisica","status":"publish","type":"post","link":"https:\/\/revista-apunts.com\/ca\/la-motivacio-a-les-classes-deducacio-fisica\/","title":{"rendered":"La motivaci\u00f3 a les classes d&#8217;educaci\u00f3 f\u00edsica"},"content":{"rendered":"\n<h2 class=\"wp-block-heading\">Resum<\/h2>\n\n\n<div align=\"\">\n<p class=\"journal-abstract\">Quan parlem d&#8217;aprenentatge de la motricitat humana sembla que obviem tota intervenci\u00f3 did\u00e0ctica, s&#8217;ent\u00e9n aix\u00ed perqu\u00e8 la motricitat fa refer\u00e8ncia no nom\u00e9s a una potencialitat humana sin\u00f3 a una de les seves caracter\u00edstiques definit\u00f2ries. Alguns prefereixen parlar de maduresa i desenvolupament motor i entendre per aprenentatge quan es refereixen a moviments sofisticats, poc naturals; en aquest sentit tindrien cabuda les habilitats esportives, que no s&#8217;ajusten, almenys plenament, als moviments genuins durant el llarg aprenentatge filogen\u00e8tic de l&#8217;esp\u00e8cie humana. En qualsevol cas, tant per a les activitats motrius caracter\u00edstiques del biotipus hum\u00e0 com per a les m\u00e9s allunyades de la seva evoluci\u00f3 natural, existeix un principi axiol\u00f2gix intel.ligent i com\u00fa: el principi de l&#8217;estimulaci\u00f3, fenomen que pot avivar, reconduir o incitar a l&#8217;aprenentatge. EI principi universal d&#8217;adaptaci\u00f3 ha movilitzat, durant mil.lenaris, a les diferents esp\u00e8cies a una constant mutaci\u00f3, hom diria que la naturalesa ha estat i \u00e9s una font constant d&#8217;estimulaci\u00f3. L&#8217;home, en la mesura que s&#8217;allunya progressivament de les lleis naturals que el sotmeten a l&#8217;evoluci\u00f3 natural, necessita una font d&#8217;est\u00edmuls addicional. En aquest context sorgeix el concepte de motivaci\u00f3, com aquella parcel.la de la intervenci\u00f3 pedag\u00f2gica que tracta de forma conscient i preconcebuda d&#8217;activar en els alumnes les necessitats d&#8217;acci\u00f3 motriu, de manera que els engendri la voluntat d&#8217;aconseguir els objectius proposats.<\/p>\n<\/div>\n\n\n","protected":false},"excerpt":{"rendered":"<p>Resum Quan parlem d&#8217;aprenentatge de la motricitat humana sembla que obviem tota intervenci\u00f3 did\u00e0ctica, s&#8217;ent\u00e9n aix\u00ed perqu\u00e8 la motricitat fa refer\u00e8ncia no nom\u00e9s a una potencialitat humana sin\u00f3 a una de les seves caracter\u00edstiques definit\u00f2ries. Alguns prefereixen parlar de maduresa i desenvolupament motor i entendre per aprenentatge quan es refereixen a moviments sofisticats, poc naturals; [&hellip;]<\/p>\n","protected":false},"author":1,"featured_media":0,"comment_status":"open","ping_status":"open","sticky":false,"template":"","format":"standard","meta":{"_editorskit_title_hidden":false,"_editorskit_reading_time":1,"_editorskit_is_block_options_detached":false,"_editorskit_block_options_position":"{}","inline_featured_image":false,"advgb_blocks_editor_width":"","advgb_blocks_columns_visual_guide":"","footnotes":""},"categories":[8509],"tags":[],"author_meta":{"display_name":"doc_inefc","author_link":"https:\/\/revista-apunts.com\/ca\/author\/doc_inefc\/"},"featured_img":null,"coauthors":[],"tax_additional":{"categories":{"linked":["<a href=\"https:\/\/revista-apunts.com\/ca\/category\/apunts-per-al-segle-xxi\/\" class=\"advgb-post-tax-term\">Apunts per al segle XXI<\/a>"],"unlinked":["<span class=\"advgb-post-tax-term\">Apunts per al segle XXI<\/span>"]}},"comment_count":"0","relative_dates":{"created":"Posted 6 anys ago","modified":"Updated 5 anys ago"},"absolute_dates":{"created":"Posted on 27 octubre 2020","modified":"Updated on 26 desembre 2020"},"absolute_dates_time":{"created":"Posted on 27 octubre 2020 11:15","modified":"Updated on 26 desembre 2020 16:09"},"featured_img_caption":"","series_order":"","_links":{"self":[{"href":"https:\/\/revista-apunts.com\/ca\/wp-json\/wp\/v2\/posts\/11317\/"}],"collection":[{"href":"https:\/\/revista-apunts.com\/ca\/wp-json\/wp\/v2\/posts\/"}],"about":[{"href":"https:\/\/revista-apunts.com\/ca\/wp-json\/wp\/v2\/types\/post\/"}],"author":[{"embeddable":true,"href":"https:\/\/revista-apunts.com\/ca\/wp-json\/wp\/v2\/users\/1\/"}],"replies":[{"embeddable":true,"href":"https:\/\/revista-apunts.com\/ca\/wp-json\/wp\/v2\/comments\/?post=11317"}],"version-history":[{"count":1,"href":"https:\/\/revista-apunts.com\/ca\/wp-json\/wp\/v2\/posts\/11317\/revisions\/"}],"predecessor-version":[{"id":35719,"href":"https:\/\/revista-apunts.com\/ca\/wp-json\/wp\/v2\/posts\/11317\/revisions\/35719\/"}],"wp:attachment":[{"href":"https:\/\/revista-apunts.com\/ca\/wp-json\/wp\/v2\/media\/?parent=11317"}],"wp:term":[{"taxonomy":"category","embeddable":true,"href":"https:\/\/revista-apunts.com\/ca\/wp-json\/wp\/v2\/categories\/?post=11317"},{"taxonomy":"post_tag","embeddable":true,"href":"https:\/\/revista-apunts.com\/ca\/wp-json\/wp\/v2\/tags\/?post=11317"}],"curies":[{"name":"wp","href":"https:\/\/api.w.org\/{rel}","templated":true}]}}