{"id":11299,"date":"2020-10-27T11:15:16","date_gmt":"2020-10-27T11:15:16","guid":{"rendered":"https:\/\/revista-apunts.com\/?p=11299"},"modified":"2020-12-25T23:35:05","modified_gmt":"2020-12-25T23:35:05","slug":"relaxacio-i-consciencia-de-lesser","status":"publish","type":"post","link":"https:\/\/revista-apunts.com\/ca\/relaxacio-i-consciencia-de-lesser\/","title":{"rendered":"Relaxaci\u00f3 i consci\u00e8ncia de l&#8217;\u00e9sser"},"content":{"rendered":"\n<h2 class=\"wp-block-heading\">Resum<\/h2>\n\n\n<div align=\"\">\n<p class=\"journal-abstract\">BALMES deia: &#8220;si definim, no discutirem&#8221; (1). Amb tot, l&#8217;objectiu d&#8217;aquest article \u00e9s una modesta contribuci\u00f3 a la discussi\u00f3, que espero que sorgeixi, sobre un contingut que hom pret\u00e9n que sigui considerat espec\u00edfic de l&#8217;Educaci\u00f3 F\u00edsica, essent com \u00e9s alhora una disciplina globalitzadora de la nostra integritat com a \u00e9ssers humans. \u00c9s precisament en aquesta idea d&#8217;integritat que t\u00e9 la seva primera connexi\u00f3 amb la visi\u00f3 d&#8217;educaci\u00f3 integral de l&#8217;Educaci\u00f3 F\u00edsica. Aquest article, com he dit, pret\u00e9n la discussi\u00f3 perqu\u00e8 penso que \u00fanicament dc la reflexi\u00f3 i del di\u00e0leg podran sorgir les aclaracions i la instrumentalitzaci\u00f3 d&#8217;una disciplina com \u00e9s ara la relaxaci\u00f3. S\u00f3n peces fonamentals en tot disseny curricular tots aquells objectius que es consideren claus no sols per a la pr\u00f2pia disciplina sin\u00f3 tamb\u00e9 per a la seva aportaci\u00f3 a l&#8217;Educaci\u00f3. Perseguim aquests objectius a trav\u00e9s d&#8217;una s\u00e8rie de continguts que, ordenats l\u00f2gicament en una programaci\u00f3, determinen activitats encaminades a la seva consecuci\u00f3. Aix\u00ed doncs, un primer pas cap a la determinaci\u00f3 de la relaxaci\u00f3 com a contingut espec\u00edfic de I&#8217;E.F., seria establir el seu valor en funci\u00f3 de l&#8217;obtenci\u00f3 dels seus objectius propis. Aquest \u00e9s un dels aspectes que intentar\u00e9 que quedi reflectit. No obstant aix\u00f2, considero que cal realitzar pr\u00e8viament una aproximaci\u00f3 general al concepte d&#8217;educaci\u00f3 i a la relaci\u00f3 que amb aquest pugui tenir la disciplina de la relaxaci\u00f3. L&#8217;Educaci\u00f3 pret\u00e9n el desenvolupament de les potencialitats de l&#8217;\u00e9sser hum\u00e0. Per\u00f2 aquest desenvolupament, que suposaria una educaci\u00f3 positiva de les capacitats tant f\u00edsiques com mentals, a vegades es veu modificat per la cont\u00ednua interacci\u00f3 ambient-educaci\u00f3.<\/p>\n<\/div>\n\n\n","protected":false},"excerpt":{"rendered":"<p>Resum BALMES deia: &#8220;si definim, no discutirem&#8221; (1). Amb tot, l&#8217;objectiu d&#8217;aquest article \u00e9s una modesta contribuci\u00f3 a la discussi\u00f3, que espero que sorgeixi, sobre un contingut que hom pret\u00e9n que sigui considerat espec\u00edfic de l&#8217;Educaci\u00f3 F\u00edsica, essent com \u00e9s alhora una disciplina globalitzadora de la nostra integritat com a \u00e9ssers humans. \u00c9s precisament en [&hellip;]<\/p>\n","protected":false},"author":1,"featured_media":0,"comment_status":"open","ping_status":"open","sticky":false,"template":"","format":"standard","meta":{"_editorskit_title_hidden":false,"_editorskit_reading_time":1,"_editorskit_is_block_options_detached":false,"_editorskit_block_options_position":"{}","inline_featured_image":false,"advgb_blocks_editor_width":"","advgb_blocks_columns_visual_guide":"","footnotes":""},"categories":[8509],"tags":[],"author_meta":{"display_name":"doc_inefc","author_link":"https:\/\/revista-apunts.com\/ca\/author\/doc_inefc\/"},"featured_img":null,"coauthors":[],"tax_additional":{"categories":{"linked":["<a href=\"https:\/\/revista-apunts.com\/ca\/category\/apunts-per-al-segle-xxi\/\" class=\"advgb-post-tax-term\">Apunts per al segle XXI<\/a>"],"unlinked":["<span class=\"advgb-post-tax-term\">Apunts per al segle XXI<\/span>"]}},"comment_count":"0","relative_dates":{"created":"Posted 6 anys ago","modified":"Updated 5 anys ago"},"absolute_dates":{"created":"Posted on 27 octubre 2020","modified":"Updated on 25 desembre 2020"},"absolute_dates_time":{"created":"Posted on 27 octubre 2020 11:15","modified":"Updated on 25 desembre 2020 23:35"},"featured_img_caption":"","series_order":"","_links":{"self":[{"href":"https:\/\/revista-apunts.com\/ca\/wp-json\/wp\/v2\/posts\/11299\/"}],"collection":[{"href":"https:\/\/revista-apunts.com\/ca\/wp-json\/wp\/v2\/posts\/"}],"about":[{"href":"https:\/\/revista-apunts.com\/ca\/wp-json\/wp\/v2\/types\/post\/"}],"author":[{"embeddable":true,"href":"https:\/\/revista-apunts.com\/ca\/wp-json\/wp\/v2\/users\/1\/"}],"replies":[{"embeddable":true,"href":"https:\/\/revista-apunts.com\/ca\/wp-json\/wp\/v2\/comments\/?post=11299"}],"version-history":[{"count":1,"href":"https:\/\/revista-apunts.com\/ca\/wp-json\/wp\/v2\/posts\/11299\/revisions\/"}],"predecessor-version":[{"id":35673,"href":"https:\/\/revista-apunts.com\/ca\/wp-json\/wp\/v2\/posts\/11299\/revisions\/35673\/"}],"wp:attachment":[{"href":"https:\/\/revista-apunts.com\/ca\/wp-json\/wp\/v2\/media\/?parent=11299"}],"wp:term":[{"taxonomy":"category","embeddable":true,"href":"https:\/\/revista-apunts.com\/ca\/wp-json\/wp\/v2\/categories\/?post=11299"},{"taxonomy":"post_tag","embeddable":true,"href":"https:\/\/revista-apunts.com\/ca\/wp-json\/wp\/v2\/tags\/?post=11299"}],"curies":[{"name":"wp","href":"https:\/\/api.w.org\/{rel}","templated":true}]}}