{"id":11297,"date":"2020-10-27T11:15:16","date_gmt":"2020-10-27T11:15:16","guid":{"rendered":"https:\/\/revista-apunts.com\/?p=11297"},"modified":"2020-12-25T23:28:27","modified_gmt":"2020-12-25T23:28:27","slug":"esport-i-territori-o-la-paradoxa-de-la-salut-a-traves-de-l-esport","status":"publish","type":"post","link":"https:\/\/revista-apunts.com\/ca\/esport-i-territori-o-la-paradoxa-de-la-salut-a-traves-de-l-esport\/","title":{"rendered":"Esport i territori o la paradoxa de la salut a trav\u00e9s de l&#8217; esport"},"content":{"rendered":"\n<h2 class=\"wp-block-heading\">Resum<\/h2>\n\n\n<div align=\"\">\n<p class=\"journal-abstract\">Comparteixo els criteris que defineixen les intencions del Simposi en el qual v\u00e0rem participar, en el sentit que les relacions entre esport i salut &#8220;han d&#8217;anar m\u00e9s enll\u00e0 d&#8217;una perspectiva exclusivament m\u00e8dica i tenir en compte els condicionaments socials que faciliten la pr\u00e0ctica esportiva&#8221;. En definitiva, interpreto que es tracta de considerar que la salut del ciutad\u00e0 resulta d&#8217;un conglomerat de factors i no de la influ\u00e8ncia a\u00efllada de cada un d&#8217;ells. Ja fa molts anys que em preocupa l&#8217;excessiva insist\u00e8ncia amb la qual se&#8217;ns diu que fer esport \u00e9s bo per a la salut com si aquesta nom\u00e9s depengu\u00e9s de la nostra acci\u00f3 individual. Aix\u00ed, hem de fer esport, no hem de fumar, no hem de beure&#8230; En contrapartida, no s&#8221;&#8216;acusa&#8221; tan directament\u00a0 o en termes tan simplistes els responsables de la degradaci\u00f3 de l&#8217;entorn, la manipulaci\u00f3 dels aliments, la fabricaci\u00f3 de productes t\u00f2xics, etc. Tots ells aspectes que, sens dubte, afecten la nostra salut al marge que fem o no esport. Aix\u00ed, doncs, en comptes de centrar-me en l&#8217;acc\u00e9s i la disponibilitat dels equipaments esportius, prefereixo plantejar la meva intervenci\u00f3 des de les relacions que s&#8217;estableixen entre l&#8217;esport i el territori. Intentar\u00e9 mostrar com el problema no \u00e9s tant fer o no fer esport com garantir entorns saludables per a la pr\u00e0ctica d&#8217;aquesta activitat. La meva hip\u00f2tesi \u00e9s que si l&#8217;entorn no \u00e9s saludable, la salut a la qual podem accedir a trav\u00e9s de l&#8217;esport \u00e9s fragmentada, compensat\u00f2ria, no harm\u00f2nica. En canvi, si la pr\u00e0ctica es produeix en un entorn saludable, el resultat \u00e9s una salut m\u00e9s harmoniosa perqu\u00e8 representa l&#8217;equilibri de les persones amb el seu entorn. No hi ha paradoxa entre all\u00f2 que fan les persones per beneficiar-se i les influ\u00e8ncies que els v\u00e9nen donades per l&#8217;entorn on viuen.<\/p>\n<\/div>\n\n\n","protected":false},"excerpt":{"rendered":"<p>Resum Comparteixo els criteris que defineixen les intencions del Simposi en el qual v\u00e0rem participar, en el sentit que les relacions entre esport i salut &#8220;han d&#8217;anar m\u00e9s enll\u00e0 d&#8217;una perspectiva exclusivament m\u00e8dica i tenir en compte els condicionaments socials que faciliten la pr\u00e0ctica esportiva&#8221;. En definitiva, interpreto que es tracta de considerar que la [&hellip;]<\/p>\n","protected":false},"author":1,"featured_media":0,"comment_status":"open","ping_status":"open","sticky":false,"template":"","format":"standard","meta":{"_editorskit_title_hidden":false,"_editorskit_reading_time":1,"_editorskit_is_block_options_detached":false,"_editorskit_block_options_position":"{}","inline_featured_image":false,"advgb_blocks_editor_width":"","advgb_blocks_columns_visual_guide":"","footnotes":""},"categories":[8509],"tags":[],"author_meta":{"display_name":"doc_inefc","author_link":"https:\/\/revista-apunts.com\/ca\/author\/doc_inefc\/"},"featured_img":null,"coauthors":[],"tax_additional":{"categories":{"linked":["<a href=\"https:\/\/revista-apunts.com\/ca\/category\/apunts-per-al-segle-xxi\/\" class=\"advgb-post-tax-term\">Apunts per al segle XXI<\/a>"],"unlinked":["<span class=\"advgb-post-tax-term\">Apunts per al segle XXI<\/span>"]}},"comment_count":"0","relative_dates":{"created":"Posted 6 anys ago","modified":"Updated 5 anys ago"},"absolute_dates":{"created":"Posted on 27 octubre 2020","modified":"Updated on 25 desembre 2020"},"absolute_dates_time":{"created":"Posted on 27 octubre 2020 11:15","modified":"Updated on 25 desembre 2020 23:28"},"featured_img_caption":"","series_order":"","_links":{"self":[{"href":"https:\/\/revista-apunts.com\/ca\/wp-json\/wp\/v2\/posts\/11297\/"}],"collection":[{"href":"https:\/\/revista-apunts.com\/ca\/wp-json\/wp\/v2\/posts\/"}],"about":[{"href":"https:\/\/revista-apunts.com\/ca\/wp-json\/wp\/v2\/types\/post\/"}],"author":[{"embeddable":true,"href":"https:\/\/revista-apunts.com\/ca\/wp-json\/wp\/v2\/users\/1\/"}],"replies":[{"embeddable":true,"href":"https:\/\/revista-apunts.com\/ca\/wp-json\/wp\/v2\/comments\/?post=11297"}],"version-history":[{"count":1,"href":"https:\/\/revista-apunts.com\/ca\/wp-json\/wp\/v2\/posts\/11297\/revisions\/"}],"predecessor-version":[{"id":35669,"href":"https:\/\/revista-apunts.com\/ca\/wp-json\/wp\/v2\/posts\/11297\/revisions\/35669\/"}],"wp:attachment":[{"href":"https:\/\/revista-apunts.com\/ca\/wp-json\/wp\/v2\/media\/?parent=11297"}],"wp:term":[{"taxonomy":"category","embeddable":true,"href":"https:\/\/revista-apunts.com\/ca\/wp-json\/wp\/v2\/categories\/?post=11297"},{"taxonomy":"post_tag","embeddable":true,"href":"https:\/\/revista-apunts.com\/ca\/wp-json\/wp\/v2\/tags\/?post=11297"}],"curies":[{"name":"wp","href":"https:\/\/api.w.org\/{rel}","templated":true}]}}