{"id":11259,"date":"2020-10-27T11:14:54","date_gmt":"2020-10-27T11:14:54","guid":{"rendered":"https:\/\/revista-apunts.com\/?p=11259"},"modified":"2020-12-25T21:47:38","modified_gmt":"2020-12-25T21:47:38","slug":"lesport-i-la-tercera-edat","status":"publish","type":"post","link":"https:\/\/revista-apunts.com\/ca\/lesport-i-la-tercera-edat\/","title":{"rendered":"L&#8217;esport i la tercera edat"},"content":{"rendered":"\n<h2 class=\"wp-block-heading\">Resum<\/h2>\n\n\n<div align=\"\">\n<p class=\"journal-abstract\">Durant els \u00faltims 25 anys el nombre de naixements ha minvat considerablement arreu del m\u00f3n, mentre que l&#8217;esperan\u00e7a de viure m\u00e9s anys s&#8217;ha fet realitat. Aquest fenomen, alguns autors, com el Sr. McPherson (1984) de la Universitat de Waterloo, Ontario (Canad\u00e0), el qualifiquen de &#8220;Population Age&#8221;, doncs al Nord d&#8217;Am\u00e8rica un 10% de la poblaci\u00f3 es troba per sobre dels 65 anys i a Europa aquest percentatge \u00e9s d&#8217;un 12-16%. Hom creu que aquest sector de poblaci\u00f3 anir\u00e0 incrementant paulatinament, fins que a l&#8217;any 2000 al nostre planeta hi haur\u00e0 m\u00e9s de 390 milions de persones m\u00e9s grans de 65 anys. D&#8217;altra banda cal relacionar el ferse gran no tant sols amb un proc\u00e9s biol\u00f2gic, sin\u00f3 tamb\u00e9 amb un fenomen psicol\u00f2gic i fisiol\u00f2gic que s&#8217;interrelaciona \u00edntimament amb els processos socials que de manera molt particular ha vivenciat cada persona. Com a conseq\u00fc\u00e8ncia, cada avi \u00e9s un m\u00f3n unipersonal i diferent als altres, condicionat i influenciat per gran nombre d&#8217;aspectes socials.<\/p>\n<\/div>\n\n\n","protected":false},"excerpt":{"rendered":"<p>Resum Durant els \u00faltims 25 anys el nombre de naixements ha minvat considerablement arreu del m\u00f3n, mentre que l&#8217;esperan\u00e7a de viure m\u00e9s anys s&#8217;ha fet realitat. Aquest fenomen, alguns autors, com el Sr. McPherson (1984) de la Universitat de Waterloo, Ontario (Canad\u00e0), el qualifiquen de &#8220;Population Age&#8221;, doncs al Nord d&#8217;Am\u00e8rica un 10% de la [&hellip;]<\/p>\n","protected":false},"author":1,"featured_media":0,"comment_status":"open","ping_status":"open","sticky":false,"template":"","format":"standard","meta":{"_editorskit_title_hidden":false,"_editorskit_reading_time":1,"_editorskit_is_block_options_detached":false,"_editorskit_block_options_position":"{}","inline_featured_image":false,"advgb_blocks_editor_width":"","advgb_blocks_columns_visual_guide":"","footnotes":""},"categories":[8509],"tags":[],"author_meta":{"display_name":"doc_inefc","author_link":"https:\/\/revista-apunts.com\/ca\/author\/doc_inefc\/"},"featured_img":null,"coauthors":[],"tax_additional":{"categories":{"linked":["<a href=\"https:\/\/revista-apunts.com\/ca\/category\/apunts-per-al-segle-xxi\/\" class=\"advgb-post-tax-term\">Apunts per al segle XXI<\/a>"],"unlinked":["<span class=\"advgb-post-tax-term\">Apunts per al segle XXI<\/span>"]}},"comment_count":"0","relative_dates":{"created":"Posted 5 anys ago","modified":"Updated 5 anys ago"},"absolute_dates":{"created":"Posted on 27 octubre 2020","modified":"Updated on 25 desembre 2020"},"absolute_dates_time":{"created":"Posted on 27 octubre 2020 11:14","modified":"Updated on 25 desembre 2020 21:47"},"featured_img_caption":"","series_order":"","_links":{"self":[{"href":"https:\/\/revista-apunts.com\/ca\/wp-json\/wp\/v2\/posts\/11259\/"}],"collection":[{"href":"https:\/\/revista-apunts.com\/ca\/wp-json\/wp\/v2\/posts\/"}],"about":[{"href":"https:\/\/revista-apunts.com\/ca\/wp-json\/wp\/v2\/types\/post\/"}],"author":[{"embeddable":true,"href":"https:\/\/revista-apunts.com\/ca\/wp-json\/wp\/v2\/users\/1\/"}],"replies":[{"embeddable":true,"href":"https:\/\/revista-apunts.com\/ca\/wp-json\/wp\/v2\/comments\/?post=11259"}],"version-history":[{"count":1,"href":"https:\/\/revista-apunts.com\/ca\/wp-json\/wp\/v2\/posts\/11259\/revisions\/"}],"predecessor-version":[{"id":35618,"href":"https:\/\/revista-apunts.com\/ca\/wp-json\/wp\/v2\/posts\/11259\/revisions\/35618\/"}],"wp:attachment":[{"href":"https:\/\/revista-apunts.com\/ca\/wp-json\/wp\/v2\/media\/?parent=11259"}],"wp:term":[{"taxonomy":"category","embeddable":true,"href":"https:\/\/revista-apunts.com\/ca\/wp-json\/wp\/v2\/categories\/?post=11259"},{"taxonomy":"post_tag","embeddable":true,"href":"https:\/\/revista-apunts.com\/ca\/wp-json\/wp\/v2\/tags\/?post=11259"}],"curies":[{"name":"wp","href":"https:\/\/api.w.org\/{rel}","templated":true}]}}