{"id":11251,"date":"2020-10-27T11:14:54","date_gmt":"2020-10-27T11:14:54","guid":{"rendered":"https:\/\/revista-apunts.com\/?p=11251"},"modified":"2020-12-24T16:50:01","modified_gmt":"2020-12-24T16:50:01","slug":"les-activitats-fisiques-aquatiques-problematica-professional","status":"publish","type":"post","link":"https:\/\/revista-apunts.com\/ca\/les-activitats-fisiques-aquatiques-problematica-professional\/","title":{"rendered":"Les activitats f\u00edsiques aqu\u00e0tiques. Problem\u00e0tica professional"},"content":{"rendered":"\n<h2 class=\"wp-block-heading\">Resum<\/h2>\n\n\n<div align=\"\">\n<p class=\"journal-abstract\">Caminem vers un m\u00f3n que disposa de m\u00e9s temps lliure per poder fruir dels plaers i satisfaccions de la societat actual, un m\u00f3n que redueix la seva jornada de treball per gaudir de m\u00e9s hores d&#8217;esbarjo. Es per aquesta ra\u00f3 que s&#8217;ha obert un camp de possibles activitats a realitzar: nous camins enfront la natura, el medi urb\u00e0&#8230; i en aquests, les activitats aqu\u00e0tiques han pres un paper important: activitats aqu\u00e0tiques recreatives, utilit\u00e0ries, educatives&#8230; i tot aix\u00f2 aplicat al mar, a la piscina d&#8217;un hotel, a un club de nataci\u00f3, al riu, a la piscina de casa. Per\u00f2, tot aquest seguit d&#8217;activitats, a qui van dirigides? Al pare de fam\u00edlia? a l&#8217;\u00e0via de l&#8217;asil? al nad\u00f3 del ve\u00ed? al dismindit ps\u00edquic? o als nens de l&#8217;escola? La societat s&#8217;oblida d&#8217;aquests sectors de poblaci\u00f3, b\u00e9 perqu\u00e8 requereixen d&#8217;unes atencions i necessitats m\u00e9s grans, b\u00e9 perqu\u00e8 no s\u00f3n grups productius, perqu\u00e8 no poden oferirnos res a canvi. Aquest article \u00e9s un crit d&#8217;atenci\u00f3 cap a aquestes poblacions especials \u2014nadons, tercera edat, disminu\u00efts, etc.\u2014, la seva problem\u00e0tica i la dedicaci\u00f3 que se&#8217;ls d\u00f3na. En parlar de nadons fem refer\u00e8ncia a aquells nens que participaran en programes aqu\u00e0tics aix\u00ed que el pediatre permeti de ficar-los a l&#8217;aigua, a partir de les 2-3 setmanes de vida fins als 2 anys. Programes que pretenen un manteniment i adaptaci\u00f3 del nad\u00f3 al medi aqu\u00e0tic i un domini b\u00e0sic d&#8217;aquest. La tercera edat l&#8217;entenem com aquell grup de poblaci\u00f3 jubilada, que acostuma a tancar els seus cercles de relaci\u00f3 \u2014deixa el treball, perd el contacte amb la gent amb qu\u00e8 convivia&#8230; que, tot i disposar de m\u00e9s temps, no se&#8217;ls ha educat per omplir-lo de coses noves; en general no han tingut una important experi\u00e8ncia motriu i encara menys un contacte amb l&#8217;aigua. Amb aquests programes es busca contrarestar la progressiva depend\u00e8ncia que van adquirint, autonomia, integraci\u00f3, equilibri emocional i una millora de la capacitat d&#8217;adaptaci\u00f3 a noves situacions.<\/p>\n<\/div>\n\n\n","protected":false},"excerpt":{"rendered":"<p>Resum Caminem vers un m\u00f3n que disposa de m\u00e9s temps lliure per poder fruir dels plaers i satisfaccions de la societat actual, un m\u00f3n que redueix la seva jornada de treball per gaudir de m\u00e9s hores d&#8217;esbarjo. Es per aquesta ra\u00f3 que s&#8217;ha obert un camp de possibles activitats a realitzar: nous camins enfront la [&hellip;]<\/p>\n","protected":false},"author":1,"featured_media":0,"comment_status":"open","ping_status":"open","sticky":false,"template":"","format":"standard","meta":{"_editorskit_title_hidden":false,"_editorskit_reading_time":1,"_editorskit_is_block_options_detached":false,"_editorskit_block_options_position":"{}","inline_featured_image":false,"advgb_blocks_editor_width":"","advgb_blocks_columns_visual_guide":"","footnotes":""},"categories":[8509],"tags":[],"author_meta":{"display_name":"doc_inefc","author_link":"https:\/\/revista-apunts.com\/ca\/author\/doc_inefc\/"},"featured_img":null,"coauthors":[],"tax_additional":{"categories":{"linked":["<a href=\"https:\/\/revista-apunts.com\/ca\/category\/apunts-per-al-segle-xxi\/\" class=\"advgb-post-tax-term\">Apunts per al segle XXI<\/a>"],"unlinked":["<span class=\"advgb-post-tax-term\">Apunts per al segle XXI<\/span>"]}},"comment_count":"0","relative_dates":{"created":"Posted 6 anys ago","modified":"Updated 5 anys ago"},"absolute_dates":{"created":"Posted on 27 octubre 2020","modified":"Updated on 24 desembre 2020"},"absolute_dates_time":{"created":"Posted on 27 octubre 2020 11:14","modified":"Updated on 24 desembre 2020 16:50"},"featured_img_caption":"","series_order":"","_links":{"self":[{"href":"https:\/\/revista-apunts.com\/ca\/wp-json\/wp\/v2\/posts\/11251\/"}],"collection":[{"href":"https:\/\/revista-apunts.com\/ca\/wp-json\/wp\/v2\/posts\/"}],"about":[{"href":"https:\/\/revista-apunts.com\/ca\/wp-json\/wp\/v2\/types\/post\/"}],"author":[{"embeddable":true,"href":"https:\/\/revista-apunts.com\/ca\/wp-json\/wp\/v2\/users\/1\/"}],"replies":[{"embeddable":true,"href":"https:\/\/revista-apunts.com\/ca\/wp-json\/wp\/v2\/comments\/?post=11251"}],"version-history":[{"count":1,"href":"https:\/\/revista-apunts.com\/ca\/wp-json\/wp\/v2\/posts\/11251\/revisions\/"}],"predecessor-version":[{"id":35598,"href":"https:\/\/revista-apunts.com\/ca\/wp-json\/wp\/v2\/posts\/11251\/revisions\/35598\/"}],"wp:attachment":[{"href":"https:\/\/revista-apunts.com\/ca\/wp-json\/wp\/v2\/media\/?parent=11251"}],"wp:term":[{"taxonomy":"category","embeddable":true,"href":"https:\/\/revista-apunts.com\/ca\/wp-json\/wp\/v2\/categories\/?post=11251"},{"taxonomy":"post_tag","embeddable":true,"href":"https:\/\/revista-apunts.com\/ca\/wp-json\/wp\/v2\/tags\/?post=11251"}],"curies":[{"name":"wp","href":"https:\/\/api.w.org\/{rel}","templated":true}]}}