{"id":11245,"date":"2020-10-27T11:14:54","date_gmt":"2020-10-27T11:14:54","guid":{"rendered":"https:\/\/revista-apunts.com\/?p=11245"},"modified":"2020-12-24T16:19:55","modified_gmt":"2020-12-24T16:19:55","slug":"loferta-dactivitats-aquatiques-per-a-locupacio-del-temps-lliure","status":"publish","type":"post","link":"https:\/\/revista-apunts.com\/ca\/loferta-dactivitats-aquatiques-per-a-locupacio-del-temps-lliure\/","title":{"rendered":"L&#8217;oferta d&#8217;activitats aqu\u00e0tiques per a l&#8217;ocupaci\u00f3 del temps lliure"},"content":{"rendered":"\n<h2 class=\"wp-block-heading\">Resum<\/h2>\n\n\n<div align=\"\">\n<p class=\"journal-abstract\">En una societat on es disposa cada vegada m\u00e9s de temps lliure, degut fonamentalment a una disminuci\u00f3 de la jornada laborable, es cerquen de manera cont\u00ednua noves formes d&#8217;ocupaci\u00f3 del mateix. L&#8217;activitat f\u00edsica s&#8217;ha transformat en una de les principals, al que ha contribu\u00eft un major inter\u00e8s i preocupaci\u00f3 per la salut \u2014en el seu sentit m\u00e9s ampli de benestar f\u00edsic, ps\u00edquic i social\u2014, aix\u00ed com per la imatge i l&#8217;est\u00e8tica corporal. Al llarg dels \u00faltims anys, s&#8217;ha donat un gran increment dels assidus a la pr\u00e0ctica f\u00edsica durant el seu temps d&#8217;oci entre els habitants dels pa\u00efsos desenvolupats. El nombre dels que realitzen alguna activitat d&#8217;aquest tipus supera la meitat de la poblaci\u00f3 entre 15 i 60 anys en alguns d&#8217;ells, essent superior en altres. En el nostre, per\u00f2, abastava quelcom m\u00e9s de la tercera part el 1985. Res no fa pensar que en l&#8217;actualitat aquesta xifra, fruit d&#8217;un progressiu increment en anys posteriors, no hagi assolit nivells superiors. Encara que probablement sense arribar a proporcions com les ja indicades per a d&#8217; altres nacions.<\/p>\n<\/div>\n\n\n","protected":false},"excerpt":{"rendered":"<p>Resum En una societat on es disposa cada vegada m\u00e9s de temps lliure, degut fonamentalment a una disminuci\u00f3 de la jornada laborable, es cerquen de manera cont\u00ednua noves formes d&#8217;ocupaci\u00f3 del mateix. L&#8217;activitat f\u00edsica s&#8217;ha transformat en una de les principals, al que ha contribu\u00eft un major inter\u00e8s i preocupaci\u00f3 per la salut \u2014en el [&hellip;]<\/p>\n","protected":false},"author":1,"featured_media":0,"comment_status":"open","ping_status":"open","sticky":false,"template":"","format":"standard","meta":{"_editorskit_title_hidden":false,"_editorskit_reading_time":1,"_editorskit_is_block_options_detached":false,"_editorskit_block_options_position":"{}","inline_featured_image":false,"advgb_blocks_editor_width":"","advgb_blocks_columns_visual_guide":"","footnotes":""},"categories":[8509],"tags":[],"author_meta":{"display_name":"doc_inefc","author_link":"https:\/\/revista-apunts.com\/ca\/author\/doc_inefc\/"},"featured_img":null,"coauthors":[],"tax_additional":{"categories":{"linked":["<a href=\"https:\/\/revista-apunts.com\/ca\/category\/apunts-per-al-segle-xxi\/\" class=\"advgb-post-tax-term\">Apunts per al segle XXI<\/a>"],"unlinked":["<span class=\"advgb-post-tax-term\">Apunts per al segle XXI<\/span>"]}},"comment_count":"0","relative_dates":{"created":"Posted 6 anys ago","modified":"Updated 5 anys ago"},"absolute_dates":{"created":"Posted on 27 octubre 2020","modified":"Updated on 24 desembre 2020"},"absolute_dates_time":{"created":"Posted on 27 octubre 2020 11:14","modified":"Updated on 24 desembre 2020 16:19"},"featured_img_caption":"","series_order":"","_links":{"self":[{"href":"https:\/\/revista-apunts.com\/ca\/wp-json\/wp\/v2\/posts\/11245\/"}],"collection":[{"href":"https:\/\/revista-apunts.com\/ca\/wp-json\/wp\/v2\/posts\/"}],"about":[{"href":"https:\/\/revista-apunts.com\/ca\/wp-json\/wp\/v2\/types\/post\/"}],"author":[{"embeddable":true,"href":"https:\/\/revista-apunts.com\/ca\/wp-json\/wp\/v2\/users\/1\/"}],"replies":[{"embeddable":true,"href":"https:\/\/revista-apunts.com\/ca\/wp-json\/wp\/v2\/comments\/?post=11245"}],"version-history":[{"count":1,"href":"https:\/\/revista-apunts.com\/ca\/wp-json\/wp\/v2\/posts\/11245\/revisions\/"}],"predecessor-version":[{"id":35585,"href":"https:\/\/revista-apunts.com\/ca\/wp-json\/wp\/v2\/posts\/11245\/revisions\/35585\/"}],"wp:attachment":[{"href":"https:\/\/revista-apunts.com\/ca\/wp-json\/wp\/v2\/media\/?parent=11245"}],"wp:term":[{"taxonomy":"category","embeddable":true,"href":"https:\/\/revista-apunts.com\/ca\/wp-json\/wp\/v2\/categories\/?post=11245"},{"taxonomy":"post_tag","embeddable":true,"href":"https:\/\/revista-apunts.com\/ca\/wp-json\/wp\/v2\/tags\/?post=11245"}],"curies":[{"name":"wp","href":"https:\/\/api.w.org\/{rel}","templated":true}]}}