{"id":11214,"date":"2020-10-27T11:14:37","date_gmt":"2020-10-27T11:14:37","guid":{"rendered":"https:\/\/revista-apunts.com\/?p=11214"},"modified":"2020-12-23T20:00:33","modified_gmt":"2020-12-23T20:00:33","slug":"les-unitats-motrius-basiques-luctatories-i-la-seva-aplicacio-a-leducacio-fisica","status":"publish","type":"post","link":"https:\/\/revista-apunts.com\/ca\/les-unitats-motrius-basiques-luctatories-i-la-seva-aplicacio-a-leducacio-fisica\/","title":{"rendered":"Les unitats motrius b\u00e0siques luctat\u00f2ries i la seva aplicaci\u00f3 a l&#8217;educaci\u00f3 f\u00edsica"},"content":{"rendered":"\n<h2 class=\"wp-block-heading\">Resumen<\/h2>\n\n\n<div align=\"\">\n<p class=\"journal-abstract\">Sovint, a la piscina, a la platja, al pati i fins i tot als lloc m\u00e9s ins\u00f2lits, som espectadors d&#8217;escenes innocents de lluita. Joves adversaris forcegen entre crits i rialles. Possiblement no saben que el que per a ells no \u00e9s m\u00e9s que un joc, per als seus antecessors va ser un dels pilars de subsist\u00e8ncia. Seria dif\u00edcil dilucidar si abans va ser el joc o la necessitat. Del que no \u00e9s dif\u00edcil cerciorar-se \u00e9s que les Iluites van ser les protagonistes principals durant un llarg per\u00edode de la hist\u00f2ria, i que avui han quedat relegades majorit\u00e0riament al patrimoni cultural dels pobles i als esports de combat. El desenvolupament tecnol\u00f2gic i la seva influ\u00e8ncia en les estructures internes dels ex\u00e8rcits, han anat separant progressivament els diferents tipus de lluita de la seva aliada fidel, la guerra. Es produeix, com a conseq\u00fcencia, un despla\u00e7ament d&#8217;aquestes al terreny cultural i esportiu on sofriran modificacions importants. El contingut s\u00f3cio-motriu d&#8217;aquestes activitats culturals i esportives pot ser explotat des d&#8217;un punt de vista educatiu. Les activitats luctat\u00f2ries poden aix\u00ed incloure&#8217;s en els programes d&#8217;educaci\u00f3 f\u00edsica escolar, extra-escolar, iniciaci\u00f3 esportiva i esbarjo, contribuint d&#8217;aquesta manera a l&#8217;educaci\u00f3 integral de I &#8216;alumne. A la pr\u00e0ctica, la falta d&#8217;estructuraci\u00f3 i sistematitzaci\u00f3 de les activitats luctathries converteixen les seves possibilitats educatives en un potencial latent per\u00f2 inexplotat. Aquesta falta d&#8217;informaci\u00f3 estructurada genera tres situacions que possiblement influeixen en el professor quan escull les activitats amb les quals pret\u00e9n aconseguir els objectius que s&#8217;ha proposat. Aquestes tres situacions s\u00f3n: La sobrevaloraci\u00f3 d&#8217;un risc que amb una metodologia adequada es redueix al que cal esperar en les activitats corporals m\u00e9s freq\u00fcents. La creen\u00e7a err\u00f2nia de la necessitat de materials, instal.lacions i coneixements especialitzats per proposar activitats luctat\u00f2ries. L&#8217;absencia d&#8217;activitats luctat\u00f3ries organitzades en els programes d&#8217;educaci\u00f3 f\u00edsica i d&#8217; iniciaci\u00f3 esportiva.<\/p>\n<\/div>\n\n\n","protected":false},"excerpt":{"rendered":"<p>Resumen Sovint, a la piscina, a la platja, al pati i fins i tot als lloc m\u00e9s ins\u00f2lits, som espectadors d&#8217;escenes innocents de lluita. Joves adversaris forcegen entre crits i rialles. Possiblement no saben que el que per a ells no \u00e9s m\u00e9s que un joc, per als seus antecessors va ser un dels pilars [&hellip;]<\/p>\n","protected":false},"author":1,"featured_media":0,"comment_status":"open","ping_status":"open","sticky":false,"template":"","format":"standard","meta":{"_editorskit_title_hidden":false,"_editorskit_reading_time":1,"_editorskit_is_block_options_detached":false,"_editorskit_block_options_position":"{}","inline_featured_image":false,"advgb_blocks_editor_width":"","advgb_blocks_columns_visual_guide":"","footnotes":""},"categories":[8509],"tags":[],"author_meta":{"display_name":"doc_inefc","author_link":"https:\/\/revista-apunts.com\/ca\/author\/doc_inefc\/"},"featured_img":null,"coauthors":[],"tax_additional":{"categories":{"linked":["<a href=\"https:\/\/revista-apunts.com\/ca\/category\/apunts-per-al-segle-xxi\/\" class=\"advgb-post-tax-term\">Apunts per al segle XXI<\/a>"],"unlinked":["<span class=\"advgb-post-tax-term\">Apunts per al segle XXI<\/span>"]}},"comment_count":"0","relative_dates":{"created":"Posted 6 anys ago","modified":"Updated 5 anys ago"},"absolute_dates":{"created":"Posted on 27 octubre 2020","modified":"Updated on 23 desembre 2020"},"absolute_dates_time":{"created":"Posted on 27 octubre 2020 11:14","modified":"Updated on 23 desembre 2020 20:00"},"featured_img_caption":"","series_order":"","_links":{"self":[{"href":"https:\/\/revista-apunts.com\/ca\/wp-json\/wp\/v2\/posts\/11214\/"}],"collection":[{"href":"https:\/\/revista-apunts.com\/ca\/wp-json\/wp\/v2\/posts\/"}],"about":[{"href":"https:\/\/revista-apunts.com\/ca\/wp-json\/wp\/v2\/types\/post\/"}],"author":[{"embeddable":true,"href":"https:\/\/revista-apunts.com\/ca\/wp-json\/wp\/v2\/users\/1\/"}],"replies":[{"embeddable":true,"href":"https:\/\/revista-apunts.com\/ca\/wp-json\/wp\/v2\/comments\/?post=11214"}],"version-history":[{"count":1,"href":"https:\/\/revista-apunts.com\/ca\/wp-json\/wp\/v2\/posts\/11214\/revisions\/"}],"predecessor-version":[{"id":35506,"href":"https:\/\/revista-apunts.com\/ca\/wp-json\/wp\/v2\/posts\/11214\/revisions\/35506\/"}],"wp:attachment":[{"href":"https:\/\/revista-apunts.com\/ca\/wp-json\/wp\/v2\/media\/?parent=11214"}],"wp:term":[{"taxonomy":"category","embeddable":true,"href":"https:\/\/revista-apunts.com\/ca\/wp-json\/wp\/v2\/categories\/?post=11214"},{"taxonomy":"post_tag","embeddable":true,"href":"https:\/\/revista-apunts.com\/ca\/wp-json\/wp\/v2\/tags\/?post=11214"}],"curies":[{"name":"wp","href":"https:\/\/api.w.org\/{rel}","templated":true}]}}