{"id":11196,"date":"2020-10-27T11:14:26","date_gmt":"2020-10-27T11:14:26","guid":{"rendered":"https:\/\/revista-apunts.com\/?p=11196"},"modified":"2021-01-04T15:59:34","modified_gmt":"2021-01-04T15:59:34","slug":"dossier-sensacio-i-percepcio","status":"publish","type":"post","link":"https:\/\/revista-apunts.com\/ca\/dossier-sensacio-i-percepcio\/","title":{"rendered":"Dossier: Sensaci\u00f3 i Percepci\u00f3"},"content":{"rendered":"\n<h2 class=\"wp-block-heading\">Resum<\/h2>\n\n\n<p>El dossier monogr\u00e0fic que presentem sobre Sensaci\u00f3 i Percepci\u00f3 \u00e9s l&#8217;exponent d&#8217;una activitat de recerca b\u00e0sica que s&#8217;ha vingut realizant a l&#8217;INEFC de Barcelona. L&#8217;hem anomenat &#8220;Sensaci\u00f3 i percepci\u00f3&#8221; perqu\u00e8 el tipus de fen\u00f2mens que s&#8217;hi tracten s&#8217;emmarquen en aquells dos grans \u00e0mbits ci\u00e8ntifics , el Biol\u00f2gic i el Psicol\u00f2gic. Els tres primers treballs -Josep Roca, Javier Hern\u00e1ndez i Manuel de gracia- s\u00f3n de caire te\u00f2ric i metodol\u00f2gic i formen el primer blog -amb treballs de Daniel i Adri\u00e1n P\u00e9rez i de Josep Nadal- tracten de fen\u00f2mens sensorials complexos. El tercer bloc -amb treballs de Sergi Santigosa, Jos\u00e9 M. Olave, josep Cabedo i Lidia Sala- tracten de temes perceptius. Centrant-nos en el primer bloc tem\u00e0tic, el meu treball presenta una an\u00e0lisi dels usos i teories sobre el concepte de Percepci\u00f3. S&#8217;hi mostren els m\u00faltiples usos del concepte de percepci\u00f3 i tamb\u00e9 l&#8217;exist\u00e8ncia de teories psicol\u00f2giques diferenciades, amb l&#8217;objectiu de donar a con\u00e8ixer l&#8217;estat de la q\u00fcesti\u00f3 respecte d&#8217;un concepte que interessa a educadors i entrenadors.<\/p>\n<p>El treball de Javier Hern\u00e0ndez pren un tema fonamental de l&#8217;actrivitat f\u00edsica com \u00e9s l&#8217;equilibri i justifica l&#8217;an\u00e0lisi diferenciada que es pot fer si es vol realitzar una descripci\u00f3 completa d&#8217;aquella acci\u00f3 o activitat a la vegada que presenta una aproximaci\u00f3&nbsp; aplicada i integradora de coneixements. Vull destacar-ne l&#8217;inter\u00e8s de la perspectiva que defensa que l&#8217;equilibri \u00e9s una acci\u00f3 que admet una an\u00e0lisi f\u00edsica, biol\u00f2gica i psicol\u00f2gica; en aquest sentit es posa de manifest que la sensaci\u00f3 i la percepci\u00f3 s\u00f3n dos aspectes fonamentals per\u00f2 que no esgoten la globalitat del fenomen de l&#8217;equilibri. El treball de Manuel de Gracia mereix un comentari a part. Primer perqu\u00e8 \u00e9s de caire metodol\u00f2gic i segon perqu\u00e8 respon a una l\u00ednia d&#8217;investigaci\u00f3 que ve de lluny. En efecte, presenta un programa inform\u00e0tic que permet una investigaci\u00f3 sistem\u00e0tica&nbsp; en fen\u00f2mens sensorials i perceptius, amb m\u00faltiples variables o factors a cada nivell. Els treballs d&#8217;en daniel i l&#8217;Adrian P\u00e9rez i d&#8217;en Josep Nadal ja s&#8217;han fet utilitzant aquest programa, per\u00f2 la seva utilitat s&#8217;ent\u00e8n de manera il\u00b7limitada si es t\u00e9 en compte que permet la programaci\u00f3 d&#8217;estructures o pautes en la pantalla i seq\u00fc\u00e8ncies&nbsp; d&#8217;aquestes estructures. Aquest aspecte se&#8217;ns presenta amb un valor experimental profund.<\/p>\n\n\n","protected":false},"excerpt":{"rendered":"<p>Resum El dossier monogr\u00e0fic que presentem sobre Sensaci\u00f3 i Percepci\u00f3 \u00e9s l&#8217;exponent d&#8217;una activitat de recerca b\u00e0sica que s&#8217;ha vingut realizant a l&#8217;INEFC de Barcelona. L&#8217;hem anomenat &#8220;Sensaci\u00f3 i percepci\u00f3&#8221; perqu\u00e8 el tipus de fen\u00f2mens que s&#8217;hi tracten s&#8217;emmarquen en aquells dos grans \u00e0mbits ci\u00e8ntifics , el Biol\u00f2gic i el Psicol\u00f2gic. Els tres primers treballs [&hellip;]<\/p>\n","protected":false},"author":1,"featured_media":0,"comment_status":"open","ping_status":"open","sticky":false,"template":"","format":"standard","meta":{"_editorskit_title_hidden":false,"_editorskit_reading_time":1,"_editorskit_is_block_options_detached":false,"_editorskit_block_options_position":"{}","inline_featured_image":false,"advgb_blocks_editor_width":"","advgb_blocks_columns_visual_guide":"","footnotes":""},"categories":[8509],"tags":[],"author_meta":{"display_name":"doc_inefc","author_link":"https:\/\/revista-apunts.com\/ca\/author\/doc_inefc\/"},"featured_img":null,"coauthors":[],"tax_additional":{"categories":{"linked":["<a href=\"https:\/\/revista-apunts.com\/ca\/category\/apunts-per-al-segle-xxi\/\" class=\"advgb-post-tax-term\">Apunts per al segle XXI<\/a>"],"unlinked":["<span class=\"advgb-post-tax-term\">Apunts per al segle XXI<\/span>"]}},"comment_count":"0","relative_dates":{"created":"Posted 6 anys ago","modified":"Updated 5 anys ago"},"absolute_dates":{"created":"Posted on 27 octubre 2020","modified":"Updated on 4 gener 2021"},"absolute_dates_time":{"created":"Posted on 27 octubre 2020 11:14","modified":"Updated on 4 gener 2021 15:59"},"featured_img_caption":"","series_order":"","_links":{"self":[{"href":"https:\/\/revista-apunts.com\/ca\/wp-json\/wp\/v2\/posts\/11196\/"}],"collection":[{"href":"https:\/\/revista-apunts.com\/ca\/wp-json\/wp\/v2\/posts\/"}],"about":[{"href":"https:\/\/revista-apunts.com\/ca\/wp-json\/wp\/v2\/types\/post\/"}],"author":[{"embeddable":true,"href":"https:\/\/revista-apunts.com\/ca\/wp-json\/wp\/v2\/users\/1\/"}],"replies":[{"embeddable":true,"href":"https:\/\/revista-apunts.com\/ca\/wp-json\/wp\/v2\/comments\/?post=11196"}],"version-history":[{"count":1,"href":"https:\/\/revista-apunts.com\/ca\/wp-json\/wp\/v2\/posts\/11196\/revisions\/"}],"predecessor-version":[{"id":37871,"href":"https:\/\/revista-apunts.com\/ca\/wp-json\/wp\/v2\/posts\/11196\/revisions\/37871\/"}],"wp:attachment":[{"href":"https:\/\/revista-apunts.com\/ca\/wp-json\/wp\/v2\/media\/?parent=11196"}],"wp:term":[{"taxonomy":"category","embeddable":true,"href":"https:\/\/revista-apunts.com\/ca\/wp-json\/wp\/v2\/categories\/?post=11196"},{"taxonomy":"post_tag","embeddable":true,"href":"https:\/\/revista-apunts.com\/ca\/wp-json\/wp\/v2\/tags\/?post=11196"}],"curies":[{"name":"wp","href":"https:\/\/api.w.org\/{rel}","templated":true}]}}