{"id":11195,"date":"2020-10-27T11:14:26","date_gmt":"2020-10-27T11:14:26","guid":{"rendered":"https:\/\/revista-apunts.com\/?p=11195"},"modified":"2021-01-04T15:45:15","modified_gmt":"2021-01-04T15:45:15","slug":"paralimpics-integracio-o-fenomen-social-quines-podrien-ser-les-finalitats-de-les-paralimpiades","status":"publish","type":"post","link":"https:\/\/revista-apunts.com\/ca\/paralimpics-integracio-o-fenomen-social-quines-podrien-ser-les-finalitats-de-les-paralimpiades\/","title":{"rendered":"Paral\u00edmpics, integraci\u00f3 o fen\u00f2men social? Quines podrien ser les finalitats de les paralimp\u00edades?"},"content":{"rendered":"\n<h2 class=\"wp-block-heading\">Resum<\/h2>\n\n\n<div align=\"\">\n<p class=\"journal-abstract\">Podrien definir-se com les altres olimp\u00edades o tamb\u00e9, per\u00f2 menys eufem\u00edsticament, com aquells esports que tenen, entre altres finalitats, la de ser practicats per persones que tenen algun tipus de handicap, enarborant la bandera ol\u00edmpica per a la seva realitzaci\u00f3. Els paral\u00edmpics se celebren des del 1960, a l&#8217;Olimp\u00edada de Roma. La seva organitzaci\u00f3 i estructura actual es diferencien de l&#8217;altra Olimp\u00edada en la mascota, els reglaments esportius, les classificacions i, fins i tot, el p\u00fablic es pot arribar a dir que \u00e9s diferent, m\u00e9s sensibilitzat pels problemes socials en general. Potser tot \u00e9s massa diferent, per\u00f2 tamb\u00e9, en certa manera, la import\u00e0ncia social rau en el fet de reunir unes persones que no tenen acc\u00e9s a l&#8217;esport normalitzat per tal que puguin desenvolupar l&#8217;esport, el seu esport. El que fins avui era m\u00e9s que dif\u00edcil per a algunes persones ja pot comen\u00e7ar a ser possible; all\u00f2 prohibit o, fins i tot, rid\u00edcul per a un sector de la societat, i per a d&#8217;altres sectors socials mai ni somniat, ara es configura com una realitat que \u00e9s respectada i compresa per molts i no prou entesa per d&#8217;altres.<\/p>\n<\/div>\n\n\n","protected":false},"excerpt":{"rendered":"<p>Resum Podrien definir-se com les altres olimp\u00edades o tamb\u00e9, per\u00f2 menys eufem\u00edsticament, com aquells esports que tenen, entre altres finalitats, la de ser practicats per persones que tenen algun tipus de handicap, enarborant la bandera ol\u00edmpica per a la seva realitzaci\u00f3. Els paral\u00edmpics se celebren des del 1960, a l&#8217;Olimp\u00edada de Roma. La seva organitzaci\u00f3 [&hellip;]<\/p>\n","protected":false},"author":1,"featured_media":0,"comment_status":"open","ping_status":"open","sticky":false,"template":"","format":"standard","meta":{"_editorskit_title_hidden":false,"_editorskit_reading_time":1,"_editorskit_is_block_options_detached":false,"_editorskit_block_options_position":"{}","inline_featured_image":false,"advgb_blocks_editor_width":"","advgb_blocks_columns_visual_guide":"","footnotes":""},"categories":[8509],"tags":[],"author_meta":{"display_name":"doc_inefc","author_link":"https:\/\/revista-apunts.com\/ca\/author\/doc_inefc\/"},"featured_img":null,"coauthors":[],"tax_additional":{"categories":{"linked":["<a href=\"https:\/\/revista-apunts.com\/ca\/category\/apunts-per-al-segle-xxi\/\" class=\"advgb-post-tax-term\">Apunts per al segle XXI<\/a>"],"unlinked":["<span class=\"advgb-post-tax-term\">Apunts per al segle XXI<\/span>"]}},"comment_count":"0","relative_dates":{"created":"Posted 6 anys ago","modified":"Updated 5 anys ago"},"absolute_dates":{"created":"Posted on 27 octubre 2020","modified":"Updated on 4 gener 2021"},"absolute_dates_time":{"created":"Posted on 27 octubre 2020 11:14","modified":"Updated on 4 gener 2021 15:45"},"featured_img_caption":"","series_order":"","_links":{"self":[{"href":"https:\/\/revista-apunts.com\/ca\/wp-json\/wp\/v2\/posts\/11195\/"}],"collection":[{"href":"https:\/\/revista-apunts.com\/ca\/wp-json\/wp\/v2\/posts\/"}],"about":[{"href":"https:\/\/revista-apunts.com\/ca\/wp-json\/wp\/v2\/types\/post\/"}],"author":[{"embeddable":true,"href":"https:\/\/revista-apunts.com\/ca\/wp-json\/wp\/v2\/users\/1\/"}],"replies":[{"embeddable":true,"href":"https:\/\/revista-apunts.com\/ca\/wp-json\/wp\/v2\/comments\/?post=11195"}],"version-history":[{"count":1,"href":"https:\/\/revista-apunts.com\/ca\/wp-json\/wp\/v2\/posts\/11195\/revisions\/"}],"predecessor-version":[{"id":37866,"href":"https:\/\/revista-apunts.com\/ca\/wp-json\/wp\/v2\/posts\/11195\/revisions\/37866\/"}],"wp:attachment":[{"href":"https:\/\/revista-apunts.com\/ca\/wp-json\/wp\/v2\/media\/?parent=11195"}],"wp:term":[{"taxonomy":"category","embeddable":true,"href":"https:\/\/revista-apunts.com\/ca\/wp-json\/wp\/v2\/categories\/?post=11195"},{"taxonomy":"post_tag","embeddable":true,"href":"https:\/\/revista-apunts.com\/ca\/wp-json\/wp\/v2\/tags\/?post=11195"}],"curies":[{"name":"wp","href":"https:\/\/api.w.org\/{rel}","templated":true}]}}