{"id":11186,"date":"2020-10-27T11:14:26","date_gmt":"2020-10-27T11:14:26","guid":{"rendered":"https:\/\/revista-apunts.com\/?p=11186"},"modified":"2021-01-05T10:12:29","modified_gmt":"2021-01-05T10:12:29","slug":"relacio-de-mesures-antropometriques-composicio-corporal-i-edat-menarquica-entre-gimnastes-de-ritmica-i-nenes-no-esportistes","status":"publish","type":"post","link":"https:\/\/revista-apunts.com\/ca\/relacio-de-mesures-antropometriques-composicio-corporal-i-edat-menarquica-entre-gimnastes-de-ritmica-i-nenes-no-esportistes\/","title":{"rendered":"Relaci\u00f3 de mesures antropom\u00e8triques, composici\u00f3 corporal i edat men\u00e0rquica entre gimnastes de r\u00edtmica i nenes no esportistes"},"content":{"rendered":"\n<h2 class=\"wp-block-heading\">Resum<\/h2>\n\n\n<div align=\"\">\n<p class=\"journal-abstract\">S&#8217;ha realitzat un estudi comparatiu i transversal entre un grup de gimnastes de r\u00edtmica i un de nenes escolars, no esportistes d&#8217;elit, totes elles d&#8217;edats compreses entre els 7 i els 15 anys. S&#8217;han trobat difer\u00e8ncies entre ambd\u00f3s grups, sobretot en la relaci\u00f3 talla-pes, en la composici\u00f3 corporal i en l&#8217;edat men\u00e0rquica. En el cas de les nenes escolars, aquests par\u00e0metres varien en funci\u00f3 de l&#8217;edat de cadascuna, mentre que les gimnastes presenten totes unes proporcions antropom\u00e8triques i uns percentatges de composici\u00f3 corporal molt similars entre si, independentment de la seva edat. Pensem que un entrenament rigor\u00f3s a edats tan joves pot influir notablement en l&#8217;evoluci\u00f3 cineantropom\u00e8trica d&#8217;aquestes gimnastes i en el retard de la seva edat men\u00e0rquica.<\/p>\n<\/div>\n\n\n","protected":false},"excerpt":{"rendered":"<p>Resum S&#8217;ha realitzat un estudi comparatiu i transversal entre un grup de gimnastes de r\u00edtmica i un de nenes escolars, no esportistes d&#8217;elit, totes elles d&#8217;edats compreses entre els 7 i els 15 anys. S&#8217;han trobat difer\u00e8ncies entre ambd\u00f3s grups, sobretot en la relaci\u00f3 talla-pes, en la composici\u00f3 corporal i en l&#8217;edat men\u00e0rquica. En el [&hellip;]<\/p>\n","protected":false},"author":1,"featured_media":0,"comment_status":"open","ping_status":"open","sticky":false,"template":"","format":"standard","meta":{"_editorskit_title_hidden":false,"_editorskit_reading_time":1,"_editorskit_is_block_options_detached":false,"_editorskit_block_options_position":"{}","inline_featured_image":false,"advgb_blocks_editor_width":"","advgb_blocks_columns_visual_guide":"","footnotes":""},"categories":[8509],"tags":[],"author_meta":{"display_name":"doc_inefc","author_link":"https:\/\/revista-apunts.com\/ca\/author\/doc_inefc\/"},"featured_img":null,"coauthors":[],"tax_additional":{"categories":{"linked":["<a href=\"https:\/\/revista-apunts.com\/ca\/category\/apunts-per-al-segle-xxi\/\" class=\"advgb-post-tax-term\">Apunts per al segle XXI<\/a>"],"unlinked":["<span class=\"advgb-post-tax-term\">Apunts per al segle XXI<\/span>"]}},"comment_count":"0","relative_dates":{"created":"Posted 5 anys ago","modified":"Updated 5 anys ago"},"absolute_dates":{"created":"Posted on 27 octubre 2020","modified":"Updated on 5 gener 2021"},"absolute_dates_time":{"created":"Posted on 27 octubre 2020 11:14","modified":"Updated on 5 gener 2021 10:12"},"featured_img_caption":"","series_order":"","_links":{"self":[{"href":"https:\/\/revista-apunts.com\/ca\/wp-json\/wp\/v2\/posts\/11186\/"}],"collection":[{"href":"https:\/\/revista-apunts.com\/ca\/wp-json\/wp\/v2\/posts\/"}],"about":[{"href":"https:\/\/revista-apunts.com\/ca\/wp-json\/wp\/v2\/types\/post\/"}],"author":[{"embeddable":true,"href":"https:\/\/revista-apunts.com\/ca\/wp-json\/wp\/v2\/users\/1\/"}],"replies":[{"embeddable":true,"href":"https:\/\/revista-apunts.com\/ca\/wp-json\/wp\/v2\/comments\/?post=11186"}],"version-history":[{"count":1,"href":"https:\/\/revista-apunts.com\/ca\/wp-json\/wp\/v2\/posts\/11186\/revisions\/"}],"predecessor-version":[{"id":38162,"href":"https:\/\/revista-apunts.com\/ca\/wp-json\/wp\/v2\/posts\/11186\/revisions\/38162\/"}],"wp:attachment":[{"href":"https:\/\/revista-apunts.com\/ca\/wp-json\/wp\/v2\/media\/?parent=11186"}],"wp:term":[{"taxonomy":"category","embeddable":true,"href":"https:\/\/revista-apunts.com\/ca\/wp-json\/wp\/v2\/categories\/?post=11186"},{"taxonomy":"post_tag","embeddable":true,"href":"https:\/\/revista-apunts.com\/ca\/wp-json\/wp\/v2\/tags\/?post=11186"}],"curies":[{"name":"wp","href":"https:\/\/api.w.org\/{rel}","templated":true}]}}