{"id":11181,"date":"2020-10-27T11:14:16","date_gmt":"2020-10-27T11:14:16","guid":{"rendered":"https:\/\/revista-apunts.com\/?p=11181"},"modified":"2021-01-16T15:03:34","modified_gmt":"2021-01-16T15:03:34","slug":"els-ix-jocs-paralimpics-de-barcelona92","status":"publish","type":"post","link":"https:\/\/revista-apunts.com\/ca\/els-ix-jocs-paralimpics-de-barcelona92\/","title":{"rendered":"Els IX Jocs Paral\u00edmpics de Barcelona&#8217;92"},"content":{"rendered":"\n<h2 class=\"wp-block-heading\">Resum<\/h2>\n\n\n<div align=\"justify\">\n<p class=\"journal-abstract\">La celebraci\u00f3 dels IXns Jocs Paral\u00edmpics de Barcelona&#8217;92 \u00e9s, sens dubte, el segon repte de Barcelona per al 1992. Els Jocs Paral\u00edmpics, que se celebraran del 3 al 14 de setembre de 1992, s\u00f3n el m\u00e0xim exponent mundial de l&#8217;esport de persones amb disminucions f\u00edsiques o sensorials i es defineixen com una competici\u00f3 en la qual participen esportistes d&#8217;elit. Per tant, s\u00f3n selectius i orientats a l&#8217;alta competici\u00f3. El Projecte dels Jocs Paral\u00edmpics de Barcelona&#8217;92, m\u00e9s jove que el Projecte Ol\u00edmpic de Barcelona&#8217;92, tant en temps com en espai, s&#8217;ha consolidat definitivament durant l&#8217;\u00faltim any amb fets de gran rellev\u00e0ncia. El primer d&#8217;aquests es va concretar el mes de febrer del 1991, quan S.M. la Reina d&#8217;Espanya va acceptar la Presid\u00e8ncia d&#8217;Honor del IXns Jocs Paral\u00edmpics de Barcelona&#8217;92. Aquest suport de la Casa Reial Espanyola no f\u00e9u sin\u00f3 reafirmar una de les l\u00ednies tra\u00e7ades pel COOB&#8217;92, per la qual es pret\u00e9n sintonitzar tota la societat amb l&#8217;esfor\u00e7 que fan els esportistes amb diferents tipus de disminuci\u00f3 per aconseguir la seva plena integraci\u00f3. El segon esdeveniment que ha ajudat a la consolidaci\u00f3 del Projecte dels IXns Jocs Paral\u00edmpics ha estat la signatura del conveni entre el COOB&#8217;92, com a organitzador dels Jocs Paral\u00edmpics, i la Fundaci\u00f3 ONCE, l&#8217;organisme de m\u00e9s relleu social a Espanya quant a la integraci\u00f3 de les persones amb disminuci\u00f3.<\/p>\n<\/div>\n\n\n","protected":false},"excerpt":{"rendered":"<p>Resum La celebraci\u00f3 dels IXns Jocs Paral\u00edmpics de Barcelona&#8217;92 \u00e9s, sens dubte, el segon repte de Barcelona per al 1992. Els Jocs Paral\u00edmpics, que se celebraran del 3 al 14 de setembre de 1992, s\u00f3n el m\u00e0xim exponent mundial de l&#8217;esport de persones amb disminucions f\u00edsiques o sensorials i es defineixen com una competici\u00f3 en [&hellip;]<\/p>\n","protected":false},"author":1,"featured_media":0,"comment_status":"open","ping_status":"open","sticky":false,"template":"","format":"standard","meta":{"_editorskit_title_hidden":false,"_editorskit_reading_time":1,"_editorskit_is_block_options_detached":false,"_editorskit_block_options_position":"{}","inline_featured_image":false,"advgb_blocks_editor_width":"","advgb_blocks_columns_visual_guide":"","footnotes":""},"categories":[8509],"tags":[],"author_meta":{"display_name":"doc_inefc","author_link":"https:\/\/revista-apunts.com\/ca\/author\/doc_inefc\/"},"featured_img":null,"coauthors":[],"tax_additional":{"categories":{"linked":["<a href=\"https:\/\/revista-apunts.com\/ca\/category\/apunts-per-al-segle-xxi\/\" class=\"advgb-post-tax-term\">Apunts per al segle XXI<\/a>"],"unlinked":["<span class=\"advgb-post-tax-term\">Apunts per al segle XXI<\/span>"]}},"comment_count":"0","relative_dates":{"created":"Posted 5 anys ago","modified":"Updated 5 anys ago"},"absolute_dates":{"created":"Posted on 27 octubre 2020","modified":"Updated on 16 gener 2021"},"absolute_dates_time":{"created":"Posted on 27 octubre 2020 11:14","modified":"Updated on 16 gener 2021 15:03"},"featured_img_caption":"","series_order":"","_links":{"self":[{"href":"https:\/\/revista-apunts.com\/ca\/wp-json\/wp\/v2\/posts\/11181\/"}],"collection":[{"href":"https:\/\/revista-apunts.com\/ca\/wp-json\/wp\/v2\/posts\/"}],"about":[{"href":"https:\/\/revista-apunts.com\/ca\/wp-json\/wp\/v2\/types\/post\/"}],"author":[{"embeddable":true,"href":"https:\/\/revista-apunts.com\/ca\/wp-json\/wp\/v2\/users\/1\/"}],"replies":[{"embeddable":true,"href":"https:\/\/revista-apunts.com\/ca\/wp-json\/wp\/v2\/comments\/?post=11181"}],"version-history":[{"count":1,"href":"https:\/\/revista-apunts.com\/ca\/wp-json\/wp\/v2\/posts\/11181\/revisions\/"}],"predecessor-version":[{"id":41540,"href":"https:\/\/revista-apunts.com\/ca\/wp-json\/wp\/v2\/posts\/11181\/revisions\/41540\/"}],"wp:attachment":[{"href":"https:\/\/revista-apunts.com\/ca\/wp-json\/wp\/v2\/media\/?parent=11181"}],"wp:term":[{"taxonomy":"category","embeddable":true,"href":"https:\/\/revista-apunts.com\/ca\/wp-json\/wp\/v2\/categories\/?post=11181"},{"taxonomy":"post_tag","embeddable":true,"href":"https:\/\/revista-apunts.com\/ca\/wp-json\/wp\/v2\/tags\/?post=11181"}],"curies":[{"name":"wp","href":"https:\/\/api.w.org\/{rel}","templated":true}]}}