{"id":11153,"date":"2020-10-27T11:14:05","date_gmt":"2020-10-27T11:14:05","guid":{"rendered":"https:\/\/revista-apunts.com\/?p=11153"},"modified":"2020-12-27T15:30:08","modified_gmt":"2020-12-27T15:30:08","slug":"marketing-de-les-installacions-esportives","status":"publish","type":"post","link":"https:\/\/revista-apunts.com\/ca\/marketing-de-les-installacions-esportives\/","title":{"rendered":"M\u00e0rketing de les instal\u00b7lacions esportives"},"content":{"rendered":"\n<h2 class=\"wp-block-heading\">Resum<\/h2>\n\n\n<p align=\"&quot;justify&quot;\">Dins d&#8217;una configuraci\u00f3 social com la que vivim, el tema esportiu adquireix una rellev\u00e0ncia peculiar, ja que ha arribat a convertir-se en una necessitat per un nucli important de la poblaci\u00f3. Sense entrar en la discussi\u00f3 te\u00f2rica sobre la motivaci\u00f3 de l&#8217;individu cap aquest tipus de pr\u00e0ctica, ja que dep\u00e9n molt del grau d&#8217;integraci\u00f3 en el mode de vida de cadasc\u00fa, per tant la podem considerar com a prim\u00e0ria (biol\u00f2gica), secund\u00e0ria (social) o com a terci\u00e0ria (trascendent), del que no hi ha dubte \u00e9s que en qualsevol sistema econ\u00f2mic, tota necessitat pot cobrir-se per la corresponent oferta.<br \/>En les pr\u00e0ctiques o activitats f\u00edsico-esportives, aquesta resposta, dins d&#8217;un sistema econ\u00f2mic de mercat, pot sorgir de dues vies diferents, per una banda hi ha l&#8217;Estat o Administracions P\u00fabliques en general que responen a aquesta necessitat guiats per la teoria pol\u00edticofilos\u00f2fica de l&#8217;Estat del Benestar, per\u00f2 d&#8217;altra banda, responen els particulars per qu\u00e8 se n&#8217;adonen que si la gent t\u00e9 una necessitat determinada voldr\u00e0 dir que estan disposats a pagar per ella i per tant veuen en aquest tipus d&#8217;activitat una possibilitat de lucre.<br \/>Dins del gran ventall de possibilitats que ofereixen les activitats f\u00edsicoesportives, l&#8217;esport institucionalitzat adquireix una import\u00e0ncia indiscutible sobre els altres, ja sigui per qu\u00e8 respon a uns valors socials, o per qu\u00e8 respon d&#8217;una manera m\u00e9s encertada als patrons motors que la poblaci\u00f3 desitja reproduir, o b\u00e9 per qu\u00e8 es converteixi en un tipus de pr\u00e0ctica m\u00e9s adient per a respondre a les necessitats prim\u00e0-ries de moviment i de relaci\u00f3 social. Sigui pel motiu que sigui, l&#8217;esport \u00e9s la pr\u00e0ctica fisica m\u00e9s escampada i de la que hi ha una demanda m\u00e9s gran, tant qualitativa com quantitativa.<br \/>No hi ha dubte que aquest tipus de pr\u00e0ctiques necessita unes instal.lacions que puguin respondre a aquestes exig\u00e8ncies de moviment que planteja la poblaci\u00f3, tant a instal.lacions convencionals com en instal.lacions no convencionals per a les pr\u00e0ctiques f\u00edsicoesportives, mal anomenades segons el meu parer, alternatives.<\/p>\n\n\n","protected":false},"excerpt":{"rendered":"<p>Resum Dins d&#8217;una configuraci\u00f3 social com la que vivim, el tema esportiu adquireix una rellev\u00e0ncia peculiar, ja que ha arribat a convertir-se en una necessitat per un nucli important de la poblaci\u00f3. Sense entrar en la discussi\u00f3 te\u00f2rica sobre la motivaci\u00f3 de l&#8217;individu cap aquest tipus de pr\u00e0ctica, ja que dep\u00e9n molt del grau d&#8217;integraci\u00f3 [&hellip;]<\/p>\n","protected":false},"author":1,"featured_media":0,"comment_status":"open","ping_status":"open","sticky":false,"template":"","format":"standard","meta":{"_editorskit_title_hidden":false,"_editorskit_reading_time":1,"_editorskit_is_block_options_detached":false,"_editorskit_block_options_position":"{}","inline_featured_image":false,"advgb_blocks_editor_width":"","advgb_blocks_columns_visual_guide":"","footnotes":""},"categories":[8509],"tags":[],"author_meta":{"display_name":"doc_inefc","author_link":"https:\/\/revista-apunts.com\/ca\/author\/doc_inefc\/"},"featured_img":null,"coauthors":[],"tax_additional":{"categories":{"linked":["<a href=\"https:\/\/revista-apunts.com\/ca\/category\/apunts-per-al-segle-xxi\/\" class=\"advgb-post-tax-term\">Apunts per al segle XXI<\/a>"],"unlinked":["<span class=\"advgb-post-tax-term\">Apunts per al segle XXI<\/span>"]}},"comment_count":"0","relative_dates":{"created":"Posted 6 anys ago","modified":"Updated 5 anys ago"},"absolute_dates":{"created":"Posted on 27 octubre 2020","modified":"Updated on 27 desembre 2020"},"absolute_dates_time":{"created":"Posted on 27 octubre 2020 11:14","modified":"Updated on 27 desembre 2020 15:30"},"featured_img_caption":"","series_order":"","_links":{"self":[{"href":"https:\/\/revista-apunts.com\/ca\/wp-json\/wp\/v2\/posts\/11153\/"}],"collection":[{"href":"https:\/\/revista-apunts.com\/ca\/wp-json\/wp\/v2\/posts\/"}],"about":[{"href":"https:\/\/revista-apunts.com\/ca\/wp-json\/wp\/v2\/types\/post\/"}],"author":[{"embeddable":true,"href":"https:\/\/revista-apunts.com\/ca\/wp-json\/wp\/v2\/users\/1\/"}],"replies":[{"embeddable":true,"href":"https:\/\/revista-apunts.com\/ca\/wp-json\/wp\/v2\/comments\/?post=11153"}],"version-history":[{"count":1,"href":"https:\/\/revista-apunts.com\/ca\/wp-json\/wp\/v2\/posts\/11153\/revisions\/"}],"predecessor-version":[{"id":35808,"href":"https:\/\/revista-apunts.com\/ca\/wp-json\/wp\/v2\/posts\/11153\/revisions\/35808\/"}],"wp:attachment":[{"href":"https:\/\/revista-apunts.com\/ca\/wp-json\/wp\/v2\/media\/?parent=11153"}],"wp:term":[{"taxonomy":"category","embeddable":true,"href":"https:\/\/revista-apunts.com\/ca\/wp-json\/wp\/v2\/categories\/?post=11153"},{"taxonomy":"post_tag","embeddable":true,"href":"https:\/\/revista-apunts.com\/ca\/wp-json\/wp\/v2\/tags\/?post=11153"}],"curies":[{"name":"wp","href":"https:\/\/api.w.org\/{rel}","templated":true}]}}