{"id":11145,"date":"1985-10-01T11:13:00","date_gmt":"1985-10-01T11:13:00","guid":{"rendered":"https:\/\/revista-apunts.com\/?p=11145"},"modified":"2021-01-16T10:24:54","modified_gmt":"2021-01-16T10:24:54","slug":"els-jocs-olimpics-superficies-tangents-entre-lesport-la-politica","status":"publish","type":"post","link":"https:\/\/revista-apunts.com\/ca\/els-jocs-olimpics-superficies-tangents-entre-lesport-la-politica\/","title":{"rendered":"Els jocs ol\u00edmpics: Superf\u00edcies tangents entre l&#8217;esport la pol\u00edtica"},"content":{"rendered":"\n<h2 class=\"wp-block-heading\">Resum<\/h2>\n\n\n\n<p>Durant la preparaci\u00f3, dels Jocs Ol\u00edmpics de los Angeles, la tranquilitat ha estat la nota dominant. Tot el que crid\u00e0 l&#8217;atenci\u00f3, i encara de tant en tant, foren els preus d&#8217;acc\u00e9s vertiginosos i la hipercomercialitzaci\u00f3 dels Jocs de la 23ena. Olimpiada. Sobre tot comparant amb el per\u00edode de fa quatre anys, quan els Jocs de Mosc\u00f2u havien aconseguit un lloc d&#8217;honor a la premsa durant mesos a causa d&#8217;un boicot occidental amena\u00e7ador. L&#8217;esperan\u00e7a de que ja no es plantejarien m\u00e9s problemes al voltant dels Jocs dur\u00e0 fins a mitjan maig.<br><br>Aleshores, i d&#8217;una manera totalment inesperada, la Uni\u00f3 Sovi\u00e8tica decid\u00ed de no participar als Jocs Ol\u00edmpics d&#8217;Estiu als Estats Units. Hom feia tota mena d&#8217;especulacions quant a les veritables causes i raons d&#8217;aquesta decisi\u00f3. Hi havia una cosa que semblava certa: la decisi\u00f3 fou presa a nivell d&#8217;alta pol\u00edtica. Arran de la seva acci\u00f3 de boicot, a R\u00fassia li seguiren tota una s\u00e8rie de pa\u00efsos del bloc dels pa\u00efsos de l&#8217;Est. Nom\u00e9s Rumania i Iugosl\u00e0via no seguiren Moscou. En el cas d&#8217;aquests dos darrers, no es tracta per atzar, que els pa\u00efsos que poden seguir una pol\u00edtica mes independent siguin els mateixos que tambe ho son en materia esportiva. L&#8217;esport \u00e9s gaireb\u00e9 sempre un instrument pol\u00edtic.<br><br>Per a molts membres del Comit\u00e8 Ol\u00edmpic internacional, la maniobra de la Uni\u00f3 Sovi\u00e8tica, despr\u00e9s del boicot americ\u00e0 de 1980, encara que fos solament el segon signe, demostrava l&#8217;exist\u00e8ncia d&#8217;un cert entrella\u00e7ament entre l&#8217;esport i la pol\u00edtica. En aquest article voldr\u00edem demostrar que aquesta constataci\u00f3 ha arribat malauradament tard, doncs, aquest fet existeix de temps, de diverses maneres i a diversos nivells la relaci\u00f3 entre l&#8217;activitat esportiva i la pol\u00edtica sempre ha estat intensa. (La pol\u00edtica \u00e9s una concepci\u00f3 \u00e0mplia, que es pot circumscriure en termes molt vagues, com totes les activitats necess\u00e0ries per la creaci\u00f3, el suport, la inflexi\u00f3 i el soscavament de certs objectius de formaci\u00f3.)<br><br>Admetem que no ens cal pas anar enrere fins als nostres ancestres grecs per con\u00e8ixer aquesta relaci\u00f3, de totes maneres ho fem per tal d&#8217;endinsar-nos en un cert nombre de mites relacionats amb aquests jocs antics. Alguns rom\u00e0ntics, en contemlar les hist\u00f2ries relacionades amb els Jocs Ol\u00edmpics moderns, tendeixen a girar la vista cap als antics bons temps grecs. Fins i tot fa poc que han sortit llibres que glorifiquen els Jocs Grecs. Amb tot el nostre respecte, el tractament donat a d&#8217;aquestos aspectes queda molt conf\u00fas.<\/p>\n\n\n\n\n\n\n\n\n<p><\/p>\n","protected":false},"excerpt":{"rendered":"<p>Resum Durant la preparaci\u00f3, dels Jocs Ol\u00edmpics de los Angeles, la tranquilitat ha estat la nota dominant. Tot el que crid\u00e0 l&#8217;atenci\u00f3, i encara de tant en tant, foren els preus d&#8217;acc\u00e9s vertiginosos i la hipercomercialitzaci\u00f3 dels Jocs de la 23ena. Olimpiada. Sobre tot comparant amb el per\u00edode de fa quatre anys, quan els Jocs [&hellip;]<\/p>\n","protected":false},"author":1,"featured_media":0,"comment_status":"open","ping_status":"open","sticky":false,"template":"","format":"standard","meta":{"_editorskit_title_hidden":false,"_editorskit_reading_time":1,"_editorskit_is_block_options_detached":false,"_editorskit_block_options_position":"{}","inline_featured_image":false,"advgb_blocks_editor_width":"","advgb_blocks_columns_visual_guide":"","footnotes":""},"categories":[8509],"tags":[],"author_meta":{"display_name":"doc_inefc","author_link":"https:\/\/revista-apunts.com\/ca\/author\/doc_inefc\/"},"featured_img":null,"coauthors":[],"tax_additional":{"categories":{"linked":["<a href=\"https:\/\/revista-apunts.com\/ca\/category\/apunts-per-al-segle-xxi\/\" class=\"advgb-post-tax-term\">Apunts per al segle XXI<\/a>"],"unlinked":["<span class=\"advgb-post-tax-term\">Apunts per al segle XXI<\/span>"]}},"comment_count":"0","relative_dates":{"created":"Posted 41 anys ago","modified":"Updated 5 anys ago"},"absolute_dates":{"created":"Posted on 1 octubre 1985","modified":"Updated on 16 gener 2021"},"absolute_dates_time":{"created":"Posted on 1 octubre 1985 11:13","modified":"Updated on 16 gener 2021 10:24"},"featured_img_caption":"","series_order":"","_links":{"self":[{"href":"https:\/\/revista-apunts.com\/ca\/wp-json\/wp\/v2\/posts\/11145\/"}],"collection":[{"href":"https:\/\/revista-apunts.com\/ca\/wp-json\/wp\/v2\/posts\/"}],"about":[{"href":"https:\/\/revista-apunts.com\/ca\/wp-json\/wp\/v2\/types\/post\/"}],"author":[{"embeddable":true,"href":"https:\/\/revista-apunts.com\/ca\/wp-json\/wp\/v2\/users\/1\/"}],"replies":[{"embeddable":true,"href":"https:\/\/revista-apunts.com\/ca\/wp-json\/wp\/v2\/comments\/?post=11145"}],"version-history":[{"count":2,"href":"https:\/\/revista-apunts.com\/ca\/wp-json\/wp\/v2\/posts\/11145\/revisions\/"}],"predecessor-version":[{"id":41292,"href":"https:\/\/revista-apunts.com\/ca\/wp-json\/wp\/v2\/posts\/11145\/revisions\/41292\/"}],"wp:attachment":[{"href":"https:\/\/revista-apunts.com\/ca\/wp-json\/wp\/v2\/media\/?parent=11145"}],"wp:term":[{"taxonomy":"category","embeddable":true,"href":"https:\/\/revista-apunts.com\/ca\/wp-json\/wp\/v2\/categories\/?post=11145"},{"taxonomy":"post_tag","embeddable":true,"href":"https:\/\/revista-apunts.com\/ca\/wp-json\/wp\/v2\/tags\/?post=11145"}],"curies":[{"name":"wp","href":"https:\/\/api.w.org\/{rel}","templated":true}]}}