{"id":11116,"date":"2020-10-27T11:13:43","date_gmt":"2020-10-27T11:13:43","guid":{"rendered":"https:\/\/revista-apunts.com\/?p=11116"},"modified":"2020-12-14T10:09:27","modified_gmt":"2020-12-14T10:09:27","slug":"entrevista-a-jordi-borja-geograf-i-urbanista-entrevista-a-santiago-cirugeda-arquitecte-entrevista-a-pere-alcober-delegat-desports-de-lajuntament-de-barcelona","status":"publish","type":"post","link":"https:\/\/revista-apunts.com\/ca\/entrevista-a-jordi-borja-geograf-i-urbanista-entrevista-a-santiago-cirugeda-arquitecte-entrevista-a-pere-alcober-delegat-desports-de-lajuntament-de-barcelona\/","title":{"rendered":"Entrevista a Jordi Borja, ge\u00f2graf i urbanista.\nEntrevista a Santiago Cirugeda, arquitecte.\nEntrevista a Pere Alcober, delegat d&#8217;esports de l&#8217;Ajuntament de Barcelona."},"content":{"rendered":"\n<h2 class=\"wp-block-heading\">Resum<\/h2>\n\n\n<p align=\"\">Jordi Borja, nascut a Barcelona, \u00e9s ge\u00f2graf i urbanista. Entre les seves publicacions destaquen Local y global amb Manuel Castells (1998), Barcelona, un model de transformaci\u00f3 urbana (1995), L\u2019espai p\u00fablic, ciutat i ciutadania amb Zaida Muxi (2001) i La ciudad conquistada (Alianza, 2004). Dirigeix el Programa de Gesti\u00f3 de la Ciutat a la Universitat Oberta de Catalunya (UOC). Entre molts altres temes, el seu inter\u00e8s pel concepte de ciutadania i espai p\u00fablic ha estat sempre una constant. L\u2019entrevista es va realitzar el 27 de maig de 2007. Quan Santiago Cirugeda va acceptar de realitzar una entrevista per a Apunts. Educaci\u00f3 F\u00edsica i Esports, li vam proposar que ens envi\u00e9s un curr\u00edculum de presentaci\u00f3 per tal que pogu\u00e9s ser conegut per les persones que la llegirien. Vet aqu\u00ed uns fragments d\u2019aquest curr\u00edculum: \u201cVaig estudiar arquitectura a l\u2019ETSA de Sevilla, on ho vaig passar molt b\u00e9. Finalment vaig acabar la meva carrera a Barcelona. Desenvolupo des de fa 10 anys projectes de subversi\u00f3 en diferents \u00e0mbits de la realitat urbana que m\u2019ajudin a suportar aquesta complicada vida social. Des d\u2019ocupacions sistem\u00e0tiques d\u2019espais p\u00fablics amb contenidors, fins a la construcci\u00f3 de pr\u00f2tesis en fa\u00e7anes, patis, cobertes i fins i tot en solars. Tot aix\u00f2 negociant entre la legalitat i la il\u00b7legalitat, per recordar l\u2019enorme control a qu\u00e8 estem sotmesos. Realitzo projectes d\u2019arquitectura, escric articles i participo en diferents mitjans docents i culturals (m\u00e0sters, seminaris, confer\u00e8ncies, workshops, exposicions, etc..). El 2007 presento el llibre Situaciones Urbanas que planteja estrat\u00e8gies legals i demandes, a trav\u00e9s de projectes arquitect\u00f2nics.\u201d Pere Alcober ens acull al seu despatx de l\u2019Institut Barcelona Esports (IBE) de l\u2019Ajuntament de Barcelona. El dia de l\u2019entrevista, 27 de setembre de 2007, el sol entra per les finestres i a fora es veuen arbres, jardins i el cel blau. Hi ha molta tranquil\u00b7litat. Parlem durant gaireb\u00e9 dues hores i no hi ha cap interrupci\u00f3.<\/p>\n\n\n","protected":false},"excerpt":{"rendered":"<p>Resum Jordi Borja, nascut a Barcelona, \u00e9s ge\u00f2graf i urbanista. Entre les seves publicacions destaquen Local y global amb Manuel Castells (1998), Barcelona, un model de transformaci\u00f3 urbana (1995), L\u2019espai p\u00fablic, ciutat i ciutadania amb Zaida Muxi (2001) i La ciudad conquistada (Alianza, 2004). Dirigeix el Programa de Gesti\u00f3 de la Ciutat a la Universitat [&hellip;]<\/p>\n","protected":false},"author":1,"featured_media":0,"comment_status":"open","ping_status":"open","sticky":false,"template":"","format":"standard","meta":{"_editorskit_title_hidden":false,"_editorskit_reading_time":1,"_editorskit_is_block_options_detached":false,"_editorskit_block_options_position":"{}","inline_featured_image":false,"advgb_blocks_editor_width":"","advgb_blocks_columns_visual_guide":"","footnotes":""},"categories":[8518],"tags":[],"author_meta":{"display_name":"doc_inefc","author_link":"https:\/\/revista-apunts.com\/ca\/author\/doc_inefc\/"},"featured_img":null,"coauthors":[],"tax_additional":{"categories":{"linked":["<a href=\"https:\/\/revista-apunts.com\/ca\/category\/opinio\/\" class=\"advgb-post-tax-term\">Opini\u00f3<\/a>"],"unlinked":["<span class=\"advgb-post-tax-term\">Opini\u00f3<\/span>"]}},"comment_count":"0","relative_dates":{"created":"Posted 6 anys ago","modified":"Updated 5 anys ago"},"absolute_dates":{"created":"Posted on 27 octubre 2020","modified":"Updated on 14 desembre 2020"},"absolute_dates_time":{"created":"Posted on 27 octubre 2020 11:13","modified":"Updated on 14 desembre 2020 10:09"},"featured_img_caption":"","series_order":"","_links":{"self":[{"href":"https:\/\/revista-apunts.com\/ca\/wp-json\/wp\/v2\/posts\/11116\/"}],"collection":[{"href":"https:\/\/revista-apunts.com\/ca\/wp-json\/wp\/v2\/posts\/"}],"about":[{"href":"https:\/\/revista-apunts.com\/ca\/wp-json\/wp\/v2\/types\/post\/"}],"author":[{"embeddable":true,"href":"https:\/\/revista-apunts.com\/ca\/wp-json\/wp\/v2\/users\/1\/"}],"replies":[{"embeddable":true,"href":"https:\/\/revista-apunts.com\/ca\/wp-json\/wp\/v2\/comments\/?post=11116"}],"version-history":[{"count":1,"href":"https:\/\/revista-apunts.com\/ca\/wp-json\/wp\/v2\/posts\/11116\/revisions\/"}],"predecessor-version":[{"id":34106,"href":"https:\/\/revista-apunts.com\/ca\/wp-json\/wp\/v2\/posts\/11116\/revisions\/34106\/"}],"wp:attachment":[{"href":"https:\/\/revista-apunts.com\/ca\/wp-json\/wp\/v2\/media\/?parent=11116"}],"wp:term":[{"taxonomy":"category","embeddable":true,"href":"https:\/\/revista-apunts.com\/ca\/wp-json\/wp\/v2\/categories\/?post=11116"},{"taxonomy":"post_tag","embeddable":true,"href":"https:\/\/revista-apunts.com\/ca\/wp-json\/wp\/v2\/tags\/?post=11116"}],"curies":[{"name":"wp","href":"https:\/\/api.w.org\/{rel}","templated":true}]}}